{"id":6254,"date":"2019-09-14T12:31:41","date_gmt":"2019-09-14T11:31:41","guid":{"rendered":"http:\/\/cheminsplestinais.dcea.fr\/?p=6254"},"modified":"2019-09-15T10:20:59","modified_gmt":"2019-09-15T09:20:59","slug":"bientot-10-ans","status":"publish","type":"post","link":"https:\/\/cheminsplestinais.dcea.fr\/?p=6254","title":{"rendered":"Bient\u00f4t 10 ans !"},"content":{"rendered":"<p>En mars 2010, l&rsquo;association \u00ab\u00a0<strong><span style=\"color: #003300;\">Chemins Plestinais et Patrimoine<\/span><\/strong>\u00a0\u00bb voyait le jour gr\u00e2ce \u00e0 une poign\u00e9e de b\u00e9n\u00e9voles d\u00e9termin\u00e9s.<\/p>\n<p style=\"padding-left: 30px;\"><a href=\"https:\/\/cheminsplestinais.dcea.fr\/wp-content\/uploads\/2019\/09\/10-ans.jpg\"><img loading=\"lazy\" decoding=\"async\" class=\"alignright wp-image-6259\" src=\"https:\/\/cheminsplestinais.dcea.fr\/wp-content\/uploads\/2019\/09\/10-ans-148x150.jpg\" alt=\"\" width=\"69\" height=\"80\" \/><\/a>En mars prochain, ce seront 150 adh\u00e9rents<br \/>\nqui souffleront ensemble les bougies<br \/>\nde ce 10\u00e8me anniversaire.<\/p>\n<p>En cette p\u00e9riode de reprise de nos activit\u00e9s, nous\u00a0 pensons d\u00e9j\u00e0 \u00e0 la pr\u00e9paration de cet \u00e9v\u00e8nement. Pour cela, nous invitons tous les adh\u00e9rents int\u00e9ress\u00e9s par cette perspective \u00e0 se r\u00e9unir le<\/p>\n<p style=\"text-align: center;\"><span style=\"color: #800000;\">mercredi 2 octobre 2019 \u00e0 20h00 \u00e0 Ti An Holl<\/span><\/p>\n<p style=\"text-align: left;\">afin de r\u00e9fl\u00e9chir au d\u00e9roulement de cet anniversaire :<br \/>\nrandonn\u00e9es, rallye, exposition, vid\u00e9o\u2026<br \/>\nNous sommes certains que vous ne manquerez pas d&rsquo;id\u00e9es !<br \/>\n<em>Nous esp\u00e9rons que ce sera l&rsquo;occasion pour celles et ceux qui ne participent pas habituellement aux chantiers du lundi d&rsquo;apporter leur pierre \u00e0 l&rsquo;\u00e9difice que nous construisons depuis 10 ans<\/em>.<\/p>\n<p style=\"text-align: center;\">Un<span style=\"color: #000080;\"> <strong>conseil d&rsquo;administration<\/strong><\/span> s&rsquo;est tenu le 12 septembre.<\/p>\n<p style=\"text-align: left;\">A cette occasion, nous avons :<\/p>\n<ul>\n<li style=\"text-align: left;\">arr\u00eat\u00e9 la date de notre traditionnel TRO PLISTIN :<\/li>\n<\/ul>\n<p style=\"text-align: center;\">le<span style=\"color: #800000;\"><strong> dimanche 20 octobre \u00e0 8h15<\/strong><\/span> au d\u00e9part de Toul An Hery<\/p>\n<ul>\n<li style=\"text-align: left;\">\u00a0envisag\u00e9 les diff\u00e9rents chantiers \u00e0 venir :<\/li>\n<\/ul>\n<figure id=\"attachment_6286\" aria-describedby=\"caption-attachment-6286\" style=\"width: 70px\" class=\"wp-caption alignright\"><a href=\"https:\/\/cheminsplestinais.dcea.fr\/wp-content\/uploads\/2019\/09\/P1010482r.jpg\"><img loading=\"lazy\" decoding=\"async\" class=\"wp-image-6286\" src=\"https:\/\/cheminsplestinais.dcea.fr\/wp-content\/uploads\/2019\/09\/P1010482r-150x150.jpg\" alt=\"\" width=\"70\" height=\"53\" srcset=\"https:\/\/cheminsplestinais.dcea.fr\/wp-content\/uploads\/2019\/09\/P1010482r-300x225.jpg 300w, https:\/\/cheminsplestinais.dcea.fr\/wp-content\/uploads\/2019\/09\/P1010482r-768x576.jpg 768w, https:\/\/cheminsplestinais.dcea.fr\/wp-content\/uploads\/2019\/09\/P1010482r-1024x768.jpg 1024w, https:\/\/cheminsplestinais.dcea.fr\/wp-content\/uploads\/2019\/09\/P1010482r.jpg 1200w\" sizes=\"(max-width: 70px) 100vw, 70px\" \/><\/a><figcaption id=\"caption-attachment-6286\" class=\"wp-caption-text\">Un joli tas \u00e0 \u00e9taler<\/figcaption><\/figure>\n<p><span style=\"color: #ffffff;\">\u2026\u2026.<\/span>* Chemin du Pont Blanc (voir\u00a0 \u00ab\u00a0<a href=\"https:\/\/cheminsplestinais.dcea.fr\/?p=5962\">Un grand chantier<\/a><a href=\"https:\/\/cheminsplestinais.dcea.fr\/?p=5962\"><br \/>\n<\/a>\u00a0\u00a0<span style=\"color: #ffffff;\"> &#8230;&#8230;. <\/span>pour 2019&Prime;) <span style=\"color: #ffffff;\">.<\/span>d\u00e8s le 16 septembre<\/p>\n<p><span style=\"color: #ffffff;\">\u2026\u2026.<\/span>* Am\u00e9nagements divers dans l&rsquo;espace<br \/>\n<span style=\"color: #ffffff;\">&#8230;\u2026\u2026.<\/span>An Dour Meur<\/p>\n<p><span style=\"color: #ffffff;\">\u2026\u2026.<\/span>* R\u00e9fection d&rsquo;un muret pr\u00e8s de la chapelle Saint Haran<\/p>\n<p><span style=\"color: #ffffff;\">\u2026\u2026.<\/span>* Mise en valeur d&rsquo;une fontaine-lavoir au lieu-dit Collogot<\/p>\n<p><span style=\"color: #ffffff;\">\u2026\u2026.<\/span>* Ouverture d&rsquo;un acc\u00e8s \u00e0 une fontaine pr\u00e8s de la chapelle Sainte<br \/>\n<span style=\"color: #ffffff;\">&#8230;&#8230;\u2026.<\/span>Barbe.\u00a0 Ce dernier chantier &#8211; d\u00e9pendant de la signature<br \/>\n<span style=\"color: #ffffff;\">&#8230;&#8230;\u2026.<\/span>d&rsquo;une convention &#8211; ne peut \u00eatre programm\u00e9 avec pr\u00e9cision.<\/p>\n<ul>\n<li>\u00a0d\u00e9fini un nouveau lieu de rendez-vous pour les lundis matin :<br \/>\nle parking d&rsquo;An Dour Meur<\/li>\n<li>fait la demande d&rsquo;un lieu de stockage ferm\u00e9 pour entreposer<br \/>\nle mat\u00e9riel de l&rsquo;association. Plusieurs solutions sont \u00e0 l&rsquo;\u00e9tude.<\/li>\n<\/ul>\n<p>&nbsp;<\/p>\n<p>Nous souhaitons un bon d\u00e9but d&rsquo;ann\u00e9e \u00e0 toutes et \u00e0 tous.<\/p>\n<p style=\"text-align: center;\"><strong><span style=\"color: #000080;\">Bienvenue aux nouveaux adh\u00e9rents<\/span> <\/strong>qui nous ont rejoints<br \/>\n\u00e0 l&rsquo;occasion du forum des associations,<br \/>\nqu&rsquo;ils aient ou non l&rsquo;intention de participer \u00e0 nos chantiers du lundi.<\/p>\n<p>&nbsp;<\/p>\n","protected":false},"excerpt":{"rendered":"<p>En mars 2010, l&rsquo;association \u00ab\u00a0Chemins Plestinais et Patrimoine\u00a0\u00bb voyait le jour gr\u00e2ce \u00e0 une poign\u00e9e de b\u00e9n\u00e9voles d\u00e9termin\u00e9s. En mars prochain, ce seront 150 adh\u00e9rents qui souffleront ensemble les bougies de ce 10\u00e8me anniversaire. En cette p\u00e9riode de reprise de nos activit\u00e9s, nous\u00a0 pensons d\u00e9j\u00e0 \u00e0 la pr\u00e9paration de cet \u00e9v\u00e8nement. Pour cela, nous invitons [&hellip;]<\/p>\n","protected":false},"author":1,"featured_media":0,"comment_status":"open","ping_status":"closed","sticky":false,"template":"","format":"standard","meta":{"footnotes":""},"categories":[9],"tags":[],"_links":{"self":[{"href":"https:\/\/cheminsplestinais.dcea.fr\/index.php?rest_route=\/wp\/v2\/posts\/6254"}],"collection":[{"href":"https:\/\/cheminsplestinais.dcea.fr\/index.php?rest_route=\/wp\/v2\/posts"}],"about":[{"href":"https:\/\/cheminsplestinais.dcea.fr\/index.php?rest_route=\/wp\/v2\/types\/post"}],"author":[{"embeddable":true,"href":"https:\/\/cheminsplestinais.dcea.fr\/index.php?rest_route=\/wp\/v2\/users\/1"}],"replies":[{"embeddable":true,"href":"https:\/\/cheminsplestinais.dcea.fr\/index.php?rest_route=%2Fwp%2Fv2%2Fcomments&post=6254"}],"version-history":[{"count":32,"href":"https:\/\/cheminsplestinais.dcea.fr\/index.php?rest_route=\/wp\/v2\/posts\/6254\/revisions"}],"predecessor-version":[{"id":6344,"href":"https:\/\/cheminsplestinais.dcea.fr\/index.php?rest_route=\/wp\/v2\/posts\/6254\/revisions\/6344"}],"wp:attachment":[{"href":"https:\/\/cheminsplestinais.dcea.fr\/index.php?rest_route=%2Fwp%2Fv2%2Fmedia&parent=6254"}],"wp:term":[{"taxonomy":"category","embeddable":true,"href":"https:\/\/cheminsplestinais.dcea.fr\/index.php?rest_route=%2Fwp%2Fv2%2Fcategories&post=6254"},{"taxonomy":"post_tag","embeddable":true,"href":"https:\/\/cheminsplestinais.dcea.fr\/index.php?rest_route=%2Fwp%2Fv2%2Ftags&post=6254"}],"curies":[{"name":"wp","href":"https:\/\/api.w.org\/{rel}","templated":true}]}}