{"id":6362,"date":"2019-10-05T08:33:25","date_gmt":"2019-10-05T07:33:25","guid":{"rendered":"http:\/\/cheminsplestinais.dcea.fr\/?p=6362"},"modified":"2019-10-05T08:33:25","modified_gmt":"2019-10-05T07:33:25","slug":"la-fete-des-10-ans-sur-les-rails","status":"publish","type":"post","link":"https:\/\/cheminsplestinais.dcea.fr\/?p=6362","title":{"rendered":"La f\u00eate des 10 ans sur les rails"},"content":{"rendered":"<p>Comme nous l&rsquo;avions annonc\u00e9 dans le <a href=\"https:\/\/cheminsplestinais.dcea.fr\/?p=6254\">pr\u00e9c\u00e9dent article<\/a>, une r\u00e9union s&rsquo;est tenue le mercredi 2 octobre \u00e0 Ti An Holl pour lancer l&rsquo;op\u00e9ration \u00ab\u00a0<span style=\"color: #000080;\">10 ans de Chemins Plestinais et Patrimoine<\/span>\u00ab\u00a0.<\/p>\n<p style=\"padding-left: 30px;\">Merci aux 15 adh\u00e9rents qui ont particip\u00e9 \u00e0 cette 1\u00e8re r\u00e9flexion sur les modalit\u00e9s\u00a0 de cet anniversaire.<\/p>\n<p>Voici les principaux \u00e9l\u00e9ments qui sont ressortis de cette r\u00e9union :<\/p>\n<ul>\n<li><strong>Date<\/strong> : de pr\u00e9f\u00e9rence les <span style=\"color: #800000;\">samedi 16 et dimanche 17 mai 2020<\/span><br \/>\n<em><em><span style=\"color: #ffffff;\">&#8230;\u2026\u2026\u2026&#8230;&#8230;&#8230;\u2026&#8230;&#8230;&#8230;\u2026..<\/span>cette date sera confirm\u00e9e d\u00e8s que possible<br \/>\n<span style=\"color: #ffffff;\">.<\/span><\/em><\/em><span style=\"color: #ffffff;\">\u00a0<\/span><\/li>\n<li>\u00a0<strong>D\u00e9roulement<\/strong> et activit\u00e9s propos\u00e9es :<br \/>\n<span style=\"color: #ffffff;\">.<\/span><\/p>\n<ul>\n<li><strong><span style=\"color: #003300;\">Soir\u00e9e du samedi\u00a0<\/span><\/strong><\/li>\n<\/ul>\n<\/li>\n<\/ul>\n<p style=\"padding-left: 30px;\"><span style=\"color: #ff0000;\"><strong>\u2192<\/strong><\/span> Ap\u00e9ritif dinatoire<\/p>\n<p style=\"padding-left: 30px;\"><strong><span style=\"color: #ff0000;\">\u2192<\/span><\/strong> Dans l&rsquo;ancienne salle des f\u00eates<\/p>\n<p style=\"padding-left: 30px;\"><strong><span style=\"color: #ff0000;\">\u2192<\/span><\/strong> R\u00e9serv\u00e9 aux adh\u00e9rents (actuels ou anciens) et autres parties<br \/>\n<span style=\"color: #ffffff;\"> \u2026..<\/span>prenantes aux activit\u00e9s des Chemins Plestinais<\/p>\n<p style=\"padding-left: 30px;\"><strong><span style=\"color: #ff0000;\">\u2192<\/span><\/strong> Agr\u00e9ment\u00e9 d&rsquo;animations diverses (chants, sketches)<br \/>\n<span style=\"color: #ffffff;\">&#8230;&#8230;<\/span>en relation avec les Chemins Plestinais<\/p>\n<ul>\n<li style=\"list-style-type: none;\">\n<ul>\n<li><strong><span style=\"color: #003300;\">Dimanche<\/span><\/strong><\/li>\n<\/ul>\n<\/li>\n<\/ul>\n<p style=\"padding-left: 30px;\"><strong><span style=\"color: #ff0000;\">\u2192<\/span><\/strong> Matin et apr\u00e8s-midi : plusieurs randonn\u00e9es \u00e0 th\u00e8mes :<\/p>\n<p style=\"padding-left: 30px;\">\u00a0 * Ouvertes \u00e0 tous les publics<br \/>\n<span style=\"color: #ffffff;\">\u2026.<\/span>(notamment associations de randonneurs)<\/p>\n<p style=\"padding-left: 30px;\">\u00a0 * De longueurs diff\u00e9rentes<\/p>\n<p style=\"padding-left: 30px;\">\u00a0 * Avec d\u00e9couverte du patrimoine (b\u00e2ti ou naturel)<\/p>\n<p style=\"padding-left: 30px;\">\u00a0 * Avec une mise en valeur des travaux r\u00e9alis\u00e9s par les Chemins<br \/>\n<span style=\"color: #ffffff;\">&#8230;.<\/span>Plestinais sous forme de panneaux et d&rsquo;animations<\/p>\n<p style=\"padding-left: 30px;\"><span style=\"color: #ffffff;\">..<\/span>* et m\u00eame avec r\u00e9alisation d&rsquo;un mini-chantier !<\/p>\n<p style=\"padding-left: 30px;\">\u00a0 * Inauguration officielle d&rsquo;une nouvelle boucle ?<\/p>\n<p style=\"padding-left: 30px;\"><strong><span style=\"color: #ff0000;\">\u2192<\/span><\/strong> Le midi : grand pique-nique ouvert \u00e0 tous (randonneurs<br \/>\n<span style=\"color: #ffffff;\">\u2026..<\/span>ou non), sans doute sur le quai de Toul An Hery.<\/p>\n<p style=\"padding-left: 30px;\"><strong><span style=\"color: #ff0000;\">\u2192<\/span><\/strong> Lors du pique-nique, organisation d&rsquo;une tombola.<\/p>\n<p><span style=\"color: #003366;\"><strong>Programme ambitieux !<\/strong><\/span>\u00a0 \u2026 Qui n\u00e9cessite une organisation rigoureuse et la participation d&rsquo;un grand nombre de b\u00e9n\u00e9voles.<\/p>\n<p>C&rsquo;est pourquoi nous avons constitu\u00e9 5 \u00e9quipes que nous vous invitons \u00e0 rejoindre si le c\u0153ur vous en dit<br \/>\n(<em>se faire conna\u00eetre aupr\u00e8s des contacts de chaque \u00e9quipe<\/em>) :<\/p>\n<p style=\"padding-left: 30px;\"><span style=\"color: #800000;\"><strong>\u2192<\/strong><\/span> <span style=\"color: #800000;\">Randonn\u00e9es<\/span> : d\u00e9finition des parcours, des \u00e9l\u00e9ments de patrimoine \u00e0 d\u00e9couvrir, des chantiers \u00e0 \u00e9voquer, des animations \u00e0 pr\u00e9voir sur ces parcours &#8230;<br \/>\n<strong>Contacts<\/strong> :<br \/>\nBernard CONSTANTIEN : <a href=\"mailto:bernard.constantien@orange.fr\">bernard.constantien@orange.fr<\/a><br \/>\nJean-Pierre HERVE :<a href=\"mailto:jpf.herve@wanadoo.fr\">\u00a0jpf.herve@wanadoo.fr<\/a><br \/>\nGeorges LEBRETON :\u00a0\u00a0<a href=\"mailto:georges.lebreton.glb@gmail.com\">georges.lebreton.glb@gmail.com<\/a><br \/>\nJean-Marc MENUET :\u00a0<a href=\"mailto:menuetjm@orange.fr\">menuetjm@orange.fr<\/a><\/p>\n<p style=\"padding-left: 30px;\"><strong><span style=\"color: #800000;\">\u2192 <\/span><\/strong><span style=\"color: #000000;\"><span style=\"color: #800000;\">Expositions ext\u00e9rieures<\/span> : r\u00e9alisation de panneaux avec photos et commentaires \u00e0 implanter en diff\u00e9rents lieux<br \/>\n(en ville et sur les sentiers)<br \/>\n<strong>Contacts :<\/strong><br \/>\nAndr\u00e9 GUYOMARC&rsquo;H :\u00a0<a href=\"mailto:andre.guyomarch@hotmail.fr\">andre.guyomarch@hotmail.fr<\/a><br \/>\nMarcel LE GUILLOU :\u00a0<a href=\"mailto:le-guillou.marcel@wanadoo.fr\">le-guillou.marcel@wanadoo.fr<\/a><br \/>\nThierry MALFROOT :\u00a0<a href=\"mailto:ttn.malfroot@wanadoo.fr\">ttn.malfroot@wanadoo.fr<\/a><br \/>\n<\/span><\/p>\n<p style=\"padding-left: 30px;\"><span style=\"color: #800000;\"><strong>\u2192<\/strong><\/span> <span style=\"color: #800000;\">Animations<\/span> : r\u00e9alisation des diverses animations de la soir\u00e9e du samedi<br \/>\n<strong>Contacts :<\/strong><br \/>\nBernard CONSTANTIEN : <a href=\"mailto:bernard.constantien@orange.fr\">bernard.constantien@orange.fr<\/a><br \/>\nTounn RICHARD :\u00a0<a href=\"mailto:bilitounn@orange.fr\">bilitounn@orange.fr<\/a><\/p>\n<p style=\"padding-left: 30px;\"><strong><span style=\"color: #800000;\">\u2192<\/span><\/strong> <span style=\"color: #800000;\">Repas<\/span> : D\u00e9termination de l&rsquo;ap\u00e9ritif dinatoire et du pique-nique du dimanche, et de la logistique qui les accompagne<br \/>\n+ organisation de la tombola du dimanche.<br \/>\n<strong>Contacts :<\/strong><br \/>\nJean-Yves AERDEMAN :\u00a0<a href=\"mailto:aerdeman@wanadoo.fr\">aerdeman@wanadoo.fr<\/a><br \/>\nBernard DUMONT :\u00a0<a href=\"mailto:berdandumont@wanadoo.fr\">berdandumont@wanadoo.fr<\/a><\/p>\n<p style=\"padding-left: 30px;\"><strong><span style=\"color: #800000;\">\u2192<\/span><\/strong> <span style=\"color: #800000;\">Relations ext\u00e9rieures<\/span> : contacts avec les m\u00e9dias, instances officielles (Mairie, Conseil G\u00e9n\u00e9ral), invitations&#8230;<br \/>\n<strong>Contact :\u00a0<\/strong><br \/>\nGildas LE TROADEC :\u00a0<a href=\"mailto:gmn.letroadec@free.fr\">gmn.letroadec@free.fr<\/a><\/p>\n<p style=\"padding-left: 30px;\">Pour tout probl\u00e8me ou suggestion ne relevant pas sp\u00e9cifiquement d&rsquo;une \u00e9quipe,<br \/>\n<strong>Contact :<\/strong> Dominique LENO\u00cbL : <a href=\"mailto:dominique.lenoel@free.fr\">dominique.lenoel@free.fr<\/a><\/p>\n<p>Aucune autre r\u00e9union g\u00e9n\u00e9rale n&rsquo;est programm\u00e9e pour l&rsquo;instant, chaque \u00e9quipe jugera de l&rsquo;opportunit\u00e9 de se r\u00e9unir, d\u00e9terminera les lieux et dates et contactera les adh\u00e9rents qui auront manifest\u00e9 leur int\u00e9r\u00eat.<\/p>\n<p>&nbsp;<\/p>\n<p style=\"padding-left: 30px;\">\n","protected":false},"excerpt":{"rendered":"<p>Comme nous l&rsquo;avions annonc\u00e9 dans le pr\u00e9c\u00e9dent article, une r\u00e9union s&rsquo;est tenue le mercredi 2 octobre \u00e0 Ti An Holl pour lancer l&rsquo;op\u00e9ration \u00ab\u00a010 ans de Chemins Plestinais et Patrimoine\u00ab\u00a0. Merci aux 15 adh\u00e9rents qui ont particip\u00e9 \u00e0 cette 1\u00e8re r\u00e9flexion sur les modalit\u00e9s\u00a0 de cet anniversaire. Voici les principaux \u00e9l\u00e9ments qui sont ressortis de [&hellip;]<\/p>\n","protected":false},"author":1,"featured_media":0,"comment_status":"open","ping_status":"closed","sticky":false,"template":"","format":"standard","meta":{"footnotes":""},"categories":[3],"tags":[],"_links":{"self":[{"href":"https:\/\/cheminsplestinais.dcea.fr\/index.php?rest_route=\/wp\/v2\/posts\/6362"}],"collection":[{"href":"https:\/\/cheminsplestinais.dcea.fr\/index.php?rest_route=\/wp\/v2\/posts"}],"about":[{"href":"https:\/\/cheminsplestinais.dcea.fr\/index.php?rest_route=\/wp\/v2\/types\/post"}],"author":[{"embeddable":true,"href":"https:\/\/cheminsplestinais.dcea.fr\/index.php?rest_route=\/wp\/v2\/users\/1"}],"replies":[{"embeddable":true,"href":"https:\/\/cheminsplestinais.dcea.fr\/index.php?rest_route=%2Fwp%2Fv2%2Fcomments&post=6362"}],"version-history":[{"count":19,"href":"https:\/\/cheminsplestinais.dcea.fr\/index.php?rest_route=\/wp\/v2\/posts\/6362\/revisions"}],"predecessor-version":[{"id":6449,"href":"https:\/\/cheminsplestinais.dcea.fr\/index.php?rest_route=\/wp\/v2\/posts\/6362\/revisions\/6449"}],"wp:attachment":[{"href":"https:\/\/cheminsplestinais.dcea.fr\/index.php?rest_route=%2Fwp%2Fv2%2Fmedia&parent=6362"}],"wp:term":[{"taxonomy":"category","embeddable":true,"href":"https:\/\/cheminsplestinais.dcea.fr\/index.php?rest_route=%2Fwp%2Fv2%2Fcategories&post=6362"},{"taxonomy":"post_tag","embeddable":true,"href":"https:\/\/cheminsplestinais.dcea.fr\/index.php?rest_route=%2Fwp%2Fv2%2Ftags&post=6362"}],"curies":[{"name":"wp","href":"https:\/\/api.w.org\/{rel}","templated":true}]}}