{"id":6770,"date":"2020-02-25T10:59:12","date_gmt":"2020-02-25T09:59:12","guid":{"rendered":"http:\/\/cheminsplestinais.dcea.fr\/?p=6770"},"modified":"2020-05-05T16:03:17","modified_gmt":"2020-05-05T15:03:17","slug":"tous-a-vos-appareils","status":"publish","type":"post","link":"https:\/\/cheminsplestinais.dcea.fr\/?p=6770","title":{"rendered":"Tous \u00e0 vos appareils"},"content":{"rendered":"<p style=\"text-align: center;\">\n<p style=\"text-align: center;\"><span style=\"color: #003300;\"><strong>10 ans de Chemins Plestinais !<\/strong><\/span><\/p>\n<p style=\"text-align: left;\"><a href=\"https:\/\/cheminsplestinais.dcea.fr\/wp-content\/uploads\/2020\/05\/report-\u00e9ch\u00e9ance.jpg\"><img loading=\"lazy\" decoding=\"async\" class=\"alignright size-full wp-image-6854\" src=\"https:\/\/cheminsplestinais.dcea.fr\/wp-content\/uploads\/2020\/05\/report-\u00e9ch\u00e9ance.jpg\" alt=\"\" width=\"119\" height=\"204\" \/><\/a><\/p>\n<p style=\"padding-left: 30px;\">Comme vous l&rsquo;avez peut-\u00eatre d\u00e9j\u00e0 appris par la presse ou le bouche \u00e0 oreille, notre association organise &#8211; en partenariat avec le club photo &#8211; un <span style=\"color: #800000;\"><strong>concours photo<\/strong><\/span> pour marquer l&rsquo;\u00e9v\u00e9nement du <span style=\"color: #000080;\"><strong>15 f\u00e9vrier au 15 avril 2020<\/strong><\/span>.<\/p>\n<p style=\"text-align: left;\">Ce concours est ouvert \u00e0 tous et nous vous invitons vivement<br \/>\n\u00e0 y participer.<\/p>\n<p style=\"text-align: left;\"><a href=\"https:\/\/cheminsplestinais.dcea.fr\/wp-content\/uploads\/2020\/02\/Flyer-image2.jpg\"><img loading=\"lazy\" decoding=\"async\" class=\"aligncenter wp-image-6775 size-large\" src=\"https:\/\/cheminsplestinais.dcea.fr\/wp-content\/uploads\/2020\/02\/Flyer-image2-1024x520.jpg\" alt=\"\" width=\"474\" height=\"241\" srcset=\"https:\/\/cheminsplestinais.dcea.fr\/wp-content\/uploads\/2020\/02\/Flyer-image2-1024x520.jpg 1024w, https:\/\/cheminsplestinais.dcea.fr\/wp-content\/uploads\/2020\/02\/Flyer-image2-300x152.jpg 300w, https:\/\/cheminsplestinais.dcea.fr\/wp-content\/uploads\/2020\/02\/Flyer-image2-768x390.jpg 768w, https:\/\/cheminsplestinais.dcea.fr\/wp-content\/uploads\/2020\/02\/Flyer-image2.jpg 1874w\" sizes=\"(max-width: 474px) 100vw, 474px\" \/><\/a><\/p>\n<p style=\"text-align: left;\"><span style=\"color: #003300;\"><strong>Principe<\/strong>\u00a0<\/span><\/p>\n<p style=\"text-align: left;\">10 \u00ab\u00a0photos-t\u00e9moins\u00a0\u00bb repr\u00e9sentant des lieux marquants des chemins de randonn\u00e9e p\u00e9destre o\u00f9 notre association est intervenue sont expos\u00e9es \u00e0 la Maison du Tourisme de Plestin ainsi que sur ce site.<\/p>\n<p style=\"text-align: left;\">Les photos des concurrents doivent \u00eatre prises sur les m\u00eames sites que les photos expos\u00e9es, mais avoir une originalit\u00e9 par rapport au mod\u00e8le (angle de prise de vue, mise en sc\u00e8ne\u2026).<br \/>\n<a href=\"https:\/\/cheminsplestinais.dcea.fr\/wp-content\/uploads\/2020\/02\/Flyer-image1.jpg\"><img loading=\"lazy\" decoding=\"async\" class=\"alignright wp-image-6774\" src=\"https:\/\/cheminsplestinais.dcea.fr\/wp-content\/uploads\/2020\/02\/Flyer-image1-300x225.jpg\" alt=\"\" width=\"230\" height=\"172\" srcset=\"https:\/\/cheminsplestinais.dcea.fr\/wp-content\/uploads\/2020\/02\/Flyer-image1-300x225.jpg 300w, https:\/\/cheminsplestinais.dcea.fr\/wp-content\/uploads\/2020\/02\/Flyer-image1.jpg 762w\" sizes=\"(max-width: 230px) 100vw, 230px\" \/><\/a><\/p>\n<p style=\"text-align: left;\">Elles devront si possible mettre en valeur les r\u00e9alisations de l&rsquo;association.<\/p>\n<p style=\"text-align: left;\">Les concurrents peuvent envoyer plusieurs photos,<br \/>\nmais <span style=\"color: #800000;\"><strong>une seule photo par site<\/strong><\/span>.<\/p>\n<p style=\"text-align: left; padding-left: 30px;\">Pour voir les photos-t\u00e9moin, cliquer sur <a href=\"https:\/\/cheminsplestinais.dcea.fr\/?page_id=6698\">ce lien<\/a>.<\/p>\n<p style=\"text-align: left;\">Pour voir modalit\u00e9s et r\u00e8glement du concours, cliquer sur <a href=\"https:\/\/cheminsplestinais.dcea.fr\/?page_id=6695\">ce lien<\/a><\/p>\n<p style=\"text-align: center;\">Merci d&rsquo;avance pour votre participation..<\/p>\n","protected":false},"excerpt":{"rendered":"<p>10 ans de Chemins Plestinais ! Comme vous l&rsquo;avez peut-\u00eatre d\u00e9j\u00e0 appris par la presse ou le bouche \u00e0 oreille, notre association organise &#8211; en partenariat avec le club photo &#8211; un concours photo pour marquer l&rsquo;\u00e9v\u00e9nement du 15 f\u00e9vrier au 15 avril 2020. Ce concours est ouvert \u00e0 tous et nous vous invitons vivement [&hellip;]<\/p>\n","protected":false},"author":1,"featured_media":0,"comment_status":"open","ping_status":"closed","sticky":false,"template":"","format":"standard","meta":{"footnotes":""},"categories":[3],"tags":[],"_links":{"self":[{"href":"https:\/\/cheminsplestinais.dcea.fr\/index.php?rest_route=\/wp\/v2\/posts\/6770"}],"collection":[{"href":"https:\/\/cheminsplestinais.dcea.fr\/index.php?rest_route=\/wp\/v2\/posts"}],"about":[{"href":"https:\/\/cheminsplestinais.dcea.fr\/index.php?rest_route=\/wp\/v2\/types\/post"}],"author":[{"embeddable":true,"href":"https:\/\/cheminsplestinais.dcea.fr\/index.php?rest_route=\/wp\/v2\/users\/1"}],"replies":[{"embeddable":true,"href":"https:\/\/cheminsplestinais.dcea.fr\/index.php?rest_route=%2Fwp%2Fv2%2Fcomments&post=6770"}],"version-history":[{"count":11,"href":"https:\/\/cheminsplestinais.dcea.fr\/index.php?rest_route=\/wp\/v2\/posts\/6770\/revisions"}],"predecessor-version":[{"id":6855,"href":"https:\/\/cheminsplestinais.dcea.fr\/index.php?rest_route=\/wp\/v2\/posts\/6770\/revisions\/6855"}],"wp:attachment":[{"href":"https:\/\/cheminsplestinais.dcea.fr\/index.php?rest_route=%2Fwp%2Fv2%2Fmedia&parent=6770"}],"wp:term":[{"taxonomy":"category","embeddable":true,"href":"https:\/\/cheminsplestinais.dcea.fr\/index.php?rest_route=%2Fwp%2Fv2%2Fcategories&post=6770"},{"taxonomy":"post_tag","embeddable":true,"href":"https:\/\/cheminsplestinais.dcea.fr\/index.php?rest_route=%2Fwp%2Fv2%2Ftags&post=6770"}],"curies":[{"name":"wp","href":"https:\/\/api.w.org\/{rel}","templated":true}]}}