{"id":6882,"date":"2020-05-11T21:22:19","date_gmt":"2020-05-11T20:22:19","guid":{"rendered":"http:\/\/cheminsplestinais.dcea.fr\/?p=6882"},"modified":"2020-05-24T10:02:00","modified_gmt":"2020-05-24T09:02:00","slug":"un-nouveau-sentier-de-randonnee-pedestre","status":"publish","type":"post","link":"https:\/\/cheminsplestinais.dcea.fr\/?p=6882","title":{"rendered":"Un nouveau sentier de randonn\u00e9e p\u00e9destre"},"content":{"rendered":"<p>\u00c0 partir du 11 mai, les possibilit\u00e9s de s&rsquo;\u00e9vader de son domicile se sont \u00e9largies.<\/p>\n<p><span style=\"color: #ffffff;\">&#8230;&#8230;\u2026.<\/span>L&rsquo;occasion pour les randonneurs et randonneuses de d\u00e9couvrir le nouveau circuit de 8,5 km ouvert sur la commune de Plestin-les-Gr\u00e8ves : <strong>l<span style=\"color: #003300;\">a boucle\u00a0 du Dour Meur<\/span><\/strong>.<\/p>\n<p><a href=\"https:\/\/cheminsplestinais.dcea.fr\/wp-content\/uploads\/2020\/05\/nouveau-sentier-8.5-km.jpg\"><img loading=\"lazy\" decoding=\"async\" class=\"aligncenter size-full wp-image-6856\" src=\"https:\/\/cheminsplestinais.dcea.fr\/wp-content\/uploads\/2020\/05\/nouveau-sentier-8.5-km.jpg\" alt=\"\" width=\"751\" height=\"697\" srcset=\"https:\/\/cheminsplestinais.dcea.fr\/wp-content\/uploads\/2020\/05\/nouveau-sentier-8.5-km.jpg 751w, https:\/\/cheminsplestinais.dcea.fr\/wp-content\/uploads\/2020\/05\/nouveau-sentier-8.5-km-300x278.jpg 300w\" sizes=\"(max-width: 751px) 100vw, 751px\" \/><\/a><\/p>\n<p style=\"text-align: center;\">Point de d\u00e9part : le parc An Dour Meur<\/p>\n<p>Cette nouvelle boucle suit en partie le cours du Dour Meur et rejoint les bords du Douron en empruntant sur 2 km environ l&rsquo;actuel circuit de Saint-Haran.<\/p>\n<p>Le balisage de ce circuit, pr\u00e9vu initialement le 13 mars, a \u00e9t\u00e9 report\u00e9 au 11 mai. Son inauguration officielle \u00e9tait pr\u00e9vue lors de notre f\u00eate des \u00ab\u00a010 ans de Chemins Plestinais\u00a0\u00bb le 17 mai, qui sera report\u00e9e apr\u00e8s l&rsquo;\u00e9t\u00e9.<\/p>\n<p>Vous pourrez trouver quelques points de rep\u00e8re de ce parcours dans le diaporama ci-dessous : <span style=\"color: #003300;\"><em>cliquer sur la 1\u00e8re image pour l&rsquo;agrandir, puis sur \u00ab\u00a0image suivante\u00a0\u00bb au-dessous de la photo<\/em>.<\/span><\/p>\n<div id='gallery-1' class='gallery galleryid-6882 gallery-columns-3 gallery-size-large'><figure class='gallery-item'>\n\t\t\t<div class='gallery-icon landscape'>\n\t\t\t\t<a href='https:\/\/cheminsplestinais.dcea.fr\/?attachment_id=6857'><img loading=\"lazy\" decoding=\"async\" width=\"474\" height=\"267\" src=\"https:\/\/cheminsplestinais.dcea.fr\/wp-content\/uploads\/2020\/05\/00.jpg\" class=\"attachment-large size-large\" alt=\"\" aria-describedby=\"gallery-1-6857\" srcset=\"https:\/\/cheminsplestinais.dcea.fr\/wp-content\/uploads\/2020\/05\/00.jpg 800w, https:\/\/cheminsplestinais.dcea.fr\/wp-content\/uploads\/2020\/05\/00-300x169.jpg 300w, https:\/\/cheminsplestinais.dcea.fr\/wp-content\/uploads\/2020\/05\/00-768x432.jpg 768w\" sizes=\"(max-width: 474px) 100vw, 474px\" \/><\/a>\n\t\t\t<\/div>\n\t\t\t\t<figcaption class='wp-caption-text gallery-caption' id='gallery-1-6857'>\n\t\t\t\tAu d\u00e9part d&rsquo;An Dour Meur, un plan d&rsquo;ensemble du parcours\n\t\t\t\t<\/figcaption><\/figure><figure class='gallery-item'>\n\t\t\t<div class='gallery-icon landscape'>\n\t\t\t\t<a href='https:\/\/cheminsplestinais.dcea.fr\/?attachment_id=6858'><img loading=\"lazy\" decoding=\"async\" width=\"474\" height=\"267\" src=\"https:\/\/cheminsplestinais.dcea.fr\/wp-content\/uploads\/2020\/05\/01.jpg\" class=\"attachment-large size-large\" alt=\"\" aria-describedby=\"gallery-1-6858\" srcset=\"https:\/\/cheminsplestinais.dcea.fr\/wp-content\/uploads\/2020\/05\/01.jpg 800w, https:\/\/cheminsplestinais.dcea.fr\/wp-content\/uploads\/2020\/05\/01-300x169.jpg 300w, https:\/\/cheminsplestinais.dcea.fr\/wp-content\/uploads\/2020\/05\/01-768x432.jpg 768w\" sizes=\"(max-width: 474px) 100vw, 474px\" \/><\/a>\n\t\t\t<\/div>\n\t\t\t\t<figcaption class='wp-caption-text gallery-caption' id='gallery-1-6858'>\n\t\t\t\tDans le parc, un balisage au sol\n\t\t\t\t<\/figcaption><\/figure><figure class='gallery-item'>\n\t\t\t<div class='gallery-icon portrait'>\n\t\t\t\t<a href='https:\/\/cheminsplestinais.dcea.fr\/?attachment_id=6859'><img loading=\"lazy\" decoding=\"async\" width=\"338\" height=\"600\" src=\"https:\/\/cheminsplestinais.dcea.fr\/wp-content\/uploads\/2020\/05\/03.jpg\" class=\"attachment-large size-large\" alt=\"\" aria-describedby=\"gallery-1-6859\" srcset=\"https:\/\/cheminsplestinais.dcea.fr\/wp-content\/uploads\/2020\/05\/03.jpg 338w, https:\/\/cheminsplestinais.dcea.fr\/wp-content\/uploads\/2020\/05\/03-169x300.jpg 169w\" sizes=\"(max-width: 338px) 100vw, 338px\" \/><\/a>\n\t\t\t<\/div>\n\t\t\t\t<figcaption class='wp-caption-text gallery-caption' id='gallery-1-6859'>\n\t\t\t\tOn quitte le parc An Dour Meur par le pont de l&rsquo;ancienne ligne de chemin de fer\n\t\t\t\t<\/figcaption><\/figure><figure class='gallery-item'>\n\t\t\t<div class='gallery-icon landscape'>\n\t\t\t\t<a href='https:\/\/cheminsplestinais.dcea.fr\/?attachment_id=6860'><img loading=\"lazy\" decoding=\"async\" width=\"474\" height=\"267\" src=\"https:\/\/cheminsplestinais.dcea.fr\/wp-content\/uploads\/2020\/05\/04.jpg\" class=\"attachment-large size-large\" alt=\"\" aria-describedby=\"gallery-1-6860\" srcset=\"https:\/\/cheminsplestinais.dcea.fr\/wp-content\/uploads\/2020\/05\/04.jpg 800w, https:\/\/cheminsplestinais.dcea.fr\/wp-content\/uploads\/2020\/05\/04-300x169.jpg 300w, https:\/\/cheminsplestinais.dcea.fr\/wp-content\/uploads\/2020\/05\/04-768x432.jpg 768w\" sizes=\"(max-width: 474px) 100vw, 474px\" \/><\/a>\n\t\t\t<\/div>\n\t\t\t\t<figcaption class='wp-caption-text gallery-caption' id='gallery-1-6860'>\n\t\t\t\tUne travers\u00e9e de d\u00e9partementale : bien emprunter le passage pi\u00e9tons\n\t\t\t\t<\/figcaption><\/figure><figure class='gallery-item'>\n\t\t\t<div class='gallery-icon landscape'>\n\t\t\t\t<a href='https:\/\/cheminsplestinais.dcea.fr\/?attachment_id=6861'><img loading=\"lazy\" decoding=\"async\" width=\"474\" height=\"267\" src=\"https:\/\/cheminsplestinais.dcea.fr\/wp-content\/uploads\/2020\/05\/05.jpg\" class=\"attachment-large size-large\" alt=\"\" aria-describedby=\"gallery-1-6861\" srcset=\"https:\/\/cheminsplestinais.dcea.fr\/wp-content\/uploads\/2020\/05\/05.jpg 800w, https:\/\/cheminsplestinais.dcea.fr\/wp-content\/uploads\/2020\/05\/05-300x169.jpg 300w, https:\/\/cheminsplestinais.dcea.fr\/wp-content\/uploads\/2020\/05\/05-768x432.jpg 768w\" sizes=\"(max-width: 474px) 100vw, 474px\" \/><\/a>\n\t\t\t<\/div>\n\t\t\t\t<figcaption class='wp-caption-text gallery-caption' id='gallery-1-6861'>\n\t\t\t\tOn traverse le \u00ab\u00a0Bois de Fanfan\u00a0\u00bb avec un nouveau plan de situation\n\t\t\t\t<\/figcaption><\/figure><figure class='gallery-item'>\n\t\t\t<div class='gallery-icon landscape'>\n\t\t\t\t<a href='https:\/\/cheminsplestinais.dcea.fr\/?attachment_id=6862'><img loading=\"lazy\" decoding=\"async\" width=\"474\" height=\"338\" src=\"https:\/\/cheminsplestinais.dcea.fr\/wp-content\/uploads\/2020\/05\/06.jpg\" class=\"attachment-large size-large\" alt=\"\" aria-describedby=\"gallery-1-6862\" srcset=\"https:\/\/cheminsplestinais.dcea.fr\/wp-content\/uploads\/2020\/05\/06.jpg 622w, https:\/\/cheminsplestinais.dcea.fr\/wp-content\/uploads\/2020\/05\/06-300x214.jpg 300w\" sizes=\"(max-width: 474px) 100vw, 474px\" \/><\/a>\n\t\t\t<\/div>\n\t\t\t\t<figcaption class='wp-caption-text gallery-caption' id='gallery-1-6862'>\n\t\t\t\tAu sortir du bois, le \u00ab\u00a0Moulin de Porjou\u00a0\u00bb, carrefour de 3 boucles de randonn\u00e9es Plestinaises\n\t\t\t\t<\/figcaption><\/figure><figure class='gallery-item'>\n\t\t\t<div class='gallery-icon landscape'>\n\t\t\t\t<a href='https:\/\/cheminsplestinais.dcea.fr\/?attachment_id=6863'><img loading=\"lazy\" decoding=\"async\" width=\"474\" height=\"267\" src=\"https:\/\/cheminsplestinais.dcea.fr\/wp-content\/uploads\/2020\/05\/07.jpg\" class=\"attachment-large size-large\" alt=\"\" aria-describedby=\"gallery-1-6863\" srcset=\"https:\/\/cheminsplestinais.dcea.fr\/wp-content\/uploads\/2020\/05\/07.jpg 800w, https:\/\/cheminsplestinais.dcea.fr\/wp-content\/uploads\/2020\/05\/07-300x169.jpg 300w, https:\/\/cheminsplestinais.dcea.fr\/wp-content\/uploads\/2020\/05\/07-768x432.jpg 768w\" sizes=\"(max-width: 474px) 100vw, 474px\" \/><\/a>\n\t\t\t<\/div>\n\t\t\t\t<figcaption class='wp-caption-text gallery-caption' id='gallery-1-6863'>\n\t\t\t\tsur l&rsquo;ancienne voie de chemin de fer vers Lanmeur\n\t\t\t\t<\/figcaption><\/figure><figure class='gallery-item'>\n\t\t\t<div class='gallery-icon portrait'>\n\t\t\t\t<a href='https:\/\/cheminsplestinais.dcea.fr\/?attachment_id=6864'><img loading=\"lazy\" decoding=\"async\" width=\"338\" height=\"600\" src=\"https:\/\/cheminsplestinais.dcea.fr\/wp-content\/uploads\/2020\/05\/08.jpg\" class=\"attachment-large size-large\" alt=\"\" aria-describedby=\"gallery-1-6864\" srcset=\"https:\/\/cheminsplestinais.dcea.fr\/wp-content\/uploads\/2020\/05\/08.jpg 338w, https:\/\/cheminsplestinais.dcea.fr\/wp-content\/uploads\/2020\/05\/08-169x300.jpg 169w\" sizes=\"(max-width: 338px) 100vw, 338px\" \/><\/a>\n\t\t\t<\/div>\n\t\t\t\t<figcaption class='wp-caption-text gallery-caption' id='gallery-1-6864'>\n\t\t\t\tDescente vers Pont-Menou\n\t\t\t\t<\/figcaption><\/figure><figure class='gallery-item'>\n\t\t\t<div class='gallery-icon portrait'>\n\t\t\t\t<a href='https:\/\/cheminsplestinais.dcea.fr\/?attachment_id=6865'><img loading=\"lazy\" decoding=\"async\" width=\"338\" height=\"600\" src=\"https:\/\/cheminsplestinais.dcea.fr\/wp-content\/uploads\/2020\/05\/09.jpg\" class=\"attachment-large size-large\" alt=\"\" aria-describedby=\"gallery-1-6865\" srcset=\"https:\/\/cheminsplestinais.dcea.fr\/wp-content\/uploads\/2020\/05\/09.jpg 338w, https:\/\/cheminsplestinais.dcea.fr\/wp-content\/uploads\/2020\/05\/09-169x300.jpg 169w\" sizes=\"(max-width: 338px) 100vw, 338px\" \/><\/a>\n\t\t\t<\/div>\n\t\t\t\t<figcaption class='wp-caption-text gallery-caption' id='gallery-1-6865'>\n\t\t\t\tTraverser la route pour rejoindre Saint-Haran\n\t\t\t\t<\/figcaption><\/figure><figure class='gallery-item'>\n\t\t\t<div class='gallery-icon landscape'>\n\t\t\t\t<a href='https:\/\/cheminsplestinais.dcea.fr\/?attachment_id=6866'><img loading=\"lazy\" decoding=\"async\" width=\"474\" height=\"267\" src=\"https:\/\/cheminsplestinais.dcea.fr\/wp-content\/uploads\/2020\/05\/10.jpg\" class=\"attachment-large size-large\" alt=\"\" aria-describedby=\"gallery-1-6866\" srcset=\"https:\/\/cheminsplestinais.dcea.fr\/wp-content\/uploads\/2020\/05\/10.jpg 800w, https:\/\/cheminsplestinais.dcea.fr\/wp-content\/uploads\/2020\/05\/10-300x169.jpg 300w, https:\/\/cheminsplestinais.dcea.fr\/wp-content\/uploads\/2020\/05\/10-768x432.jpg 768w\" sizes=\"(max-width: 474px) 100vw, 474px\" \/><\/a>\n\t\t\t<\/div>\n\t\t\t\t<figcaption class='wp-caption-text gallery-caption' id='gallery-1-6866'>\n\t\t\t\tpartie commune aux 2 circuits\n\t\t\t\t<\/figcaption><\/figure><figure class='gallery-item'>\n\t\t\t<div class='gallery-icon landscape'>\n\t\t\t\t<a href='https:\/\/cheminsplestinais.dcea.fr\/?attachment_id=6867'><img loading=\"lazy\" decoding=\"async\" width=\"474\" height=\"267\" src=\"https:\/\/cheminsplestinais.dcea.fr\/wp-content\/uploads\/2020\/05\/11.jpg\" class=\"attachment-large size-large\" alt=\"\" aria-describedby=\"gallery-1-6867\" srcset=\"https:\/\/cheminsplestinais.dcea.fr\/wp-content\/uploads\/2020\/05\/11.jpg 800w, https:\/\/cheminsplestinais.dcea.fr\/wp-content\/uploads\/2020\/05\/11-300x169.jpg 300w, https:\/\/cheminsplestinais.dcea.fr\/wp-content\/uploads\/2020\/05\/11-768x432.jpg 768w\" sizes=\"(max-width: 474px) 100vw, 474px\" \/><\/a>\n\t\t\t<\/div>\n\t\t\t\t<figcaption class='wp-caption-text gallery-caption' id='gallery-1-6867'>\n\t\t\t\tavec toutefois quelques variantes\n\t\t\t\t<\/figcaption><\/figure><figure class='gallery-item'>\n\t\t\t<div class='gallery-icon landscape'>\n\t\t\t\t<a href='https:\/\/cheminsplestinais.dcea.fr\/?attachment_id=6868'><img loading=\"lazy\" decoding=\"async\" width=\"474\" height=\"267\" src=\"https:\/\/cheminsplestinais.dcea.fr\/wp-content\/uploads\/2020\/05\/11b.jpg\" class=\"attachment-large size-large\" alt=\"\" aria-describedby=\"gallery-1-6868\" srcset=\"https:\/\/cheminsplestinais.dcea.fr\/wp-content\/uploads\/2020\/05\/11b.jpg 800w, https:\/\/cheminsplestinais.dcea.fr\/wp-content\/uploads\/2020\/05\/11b-300x169.jpg 300w, https:\/\/cheminsplestinais.dcea.fr\/wp-content\/uploads\/2020\/05\/11b-768x432.jpg 768w\" sizes=\"(max-width: 474px) 100vw, 474px\" \/><\/a>\n\t\t\t<\/div>\n\t\t\t\t<figcaption class='wp-caption-text gallery-caption' id='gallery-1-6868'>\n\t\t\t\tComme \u00e0 ce carrefour\n\t\t\t\t<\/figcaption><\/figure><figure class='gallery-item'>\n\t\t\t<div class='gallery-icon landscape'>\n\t\t\t\t<a href='https:\/\/cheminsplestinais.dcea.fr\/?attachment_id=6869'><img loading=\"lazy\" decoding=\"async\" width=\"474\" height=\"267\" src=\"https:\/\/cheminsplestinais.dcea.fr\/wp-content\/uploads\/2020\/05\/12.jpg\" class=\"attachment-large size-large\" alt=\"\" aria-describedby=\"gallery-1-6869\" srcset=\"https:\/\/cheminsplestinais.dcea.fr\/wp-content\/uploads\/2020\/05\/12.jpg 800w, https:\/\/cheminsplestinais.dcea.fr\/wp-content\/uploads\/2020\/05\/12-300x169.jpg 300w, https:\/\/cheminsplestinais.dcea.fr\/wp-content\/uploads\/2020\/05\/12-768x432.jpg 768w\" sizes=\"(max-width: 474px) 100vw, 474px\" \/><\/a>\n\t\t\t<\/div>\n\t\t\t\t<figcaption class='wp-caption-text gallery-caption' id='gallery-1-6869'>\n\t\t\t\tO\u00f9 le circuit du Dour Meur rejoint directement le Douron\n\t\t\t\t<\/figcaption><\/figure><figure class='gallery-item'>\n\t\t\t<div class='gallery-icon landscape'>\n\t\t\t\t<a href='https:\/\/cheminsplestinais.dcea.fr\/?attachment_id=6870'><img loading=\"lazy\" decoding=\"async\" width=\"474\" height=\"267\" src=\"https:\/\/cheminsplestinais.dcea.fr\/wp-content\/uploads\/2020\/05\/13.jpg\" class=\"attachment-large size-large\" alt=\"\" srcset=\"https:\/\/cheminsplestinais.dcea.fr\/wp-content\/uploads\/2020\/05\/13.jpg 800w, https:\/\/cheminsplestinais.dcea.fr\/wp-content\/uploads\/2020\/05\/13-300x169.jpg 300w, https:\/\/cheminsplestinais.dcea.fr\/wp-content\/uploads\/2020\/05\/13-768x432.jpg 768w\" sizes=\"(max-width: 474px) 100vw, 474px\" \/><\/a>\n\t\t\t<\/div><\/figure><figure class='gallery-item'>\n\t\t\t<div class='gallery-icon landscape'>\n\t\t\t\t<a href='https:\/\/cheminsplestinais.dcea.fr\/?attachment_id=6871'><img loading=\"lazy\" decoding=\"async\" width=\"474\" height=\"277\" src=\"https:\/\/cheminsplestinais.dcea.fr\/wp-content\/uploads\/2020\/05\/14.jpg\" class=\"attachment-large size-large\" alt=\"\" aria-describedby=\"gallery-1-6871\" srcset=\"https:\/\/cheminsplestinais.dcea.fr\/wp-content\/uploads\/2020\/05\/14.jpg 800w, https:\/\/cheminsplestinais.dcea.fr\/wp-content\/uploads\/2020\/05\/14-300x175.jpg 300w, https:\/\/cheminsplestinais.dcea.fr\/wp-content\/uploads\/2020\/05\/14-768x448.jpg 768w\" sizes=\"(max-width: 474px) 100vw, 474px\" \/><\/a>\n\t\t\t<\/div>\n\t\t\t\t<figcaption class='wp-caption-text gallery-caption' id='gallery-1-6871'>\n\t\t\t\tQu&rsquo;on longe sur environ 500 m\n\t\t\t\t<\/figcaption><\/figure><figure class='gallery-item'>\n\t\t\t<div class='gallery-icon portrait'>\n\t\t\t\t<a href='https:\/\/cheminsplestinais.dcea.fr\/?attachment_id=6872'><img loading=\"lazy\" decoding=\"async\" width=\"450\" height=\"800\" src=\"https:\/\/cheminsplestinais.dcea.fr\/wp-content\/uploads\/2020\/05\/15.jpg\" class=\"attachment-large size-large\" alt=\"\" aria-describedby=\"gallery-1-6872\" srcset=\"https:\/\/cheminsplestinais.dcea.fr\/wp-content\/uploads\/2020\/05\/15.jpg 450w, https:\/\/cheminsplestinais.dcea.fr\/wp-content\/uploads\/2020\/05\/15-169x300.jpg 169w\" sizes=\"(max-width: 450px) 100vw, 450px\" \/><\/a>\n\t\t\t<\/div>\n\t\t\t\t<figcaption class='wp-caption-text gallery-caption' id='gallery-1-6872'>\n\t\t\t\tPuis on le quitte par un joli chemin creux\n\t\t\t\t<\/figcaption><\/figure><figure class='gallery-item'>\n\t\t\t<div class='gallery-icon landscape'>\n\t\t\t\t<a href='https:\/\/cheminsplestinais.dcea.fr\/?attachment_id=6873'><img loading=\"lazy\" decoding=\"async\" width=\"474\" height=\"267\" src=\"https:\/\/cheminsplestinais.dcea.fr\/wp-content\/uploads\/2020\/05\/16.jpg\" class=\"attachment-large size-large\" alt=\"\" aria-describedby=\"gallery-1-6873\" srcset=\"https:\/\/cheminsplestinais.dcea.fr\/wp-content\/uploads\/2020\/05\/16.jpg 800w, https:\/\/cheminsplestinais.dcea.fr\/wp-content\/uploads\/2020\/05\/16-300x169.jpg 300w, https:\/\/cheminsplestinais.dcea.fr\/wp-content\/uploads\/2020\/05\/16-768x432.jpg 768w\" sizes=\"(max-width: 474px) 100vw, 474px\" \/><\/a>\n\t\t\t<\/div>\n\t\t\t\t<figcaption class='wp-caption-text gallery-caption' id='gallery-1-6873'>\n\t\t\t\tqui rejoint l&rsquo;ancien lazaret de Villeneuve\n\t\t\t\t<\/figcaption><\/figure><figure class='gallery-item'>\n\t\t\t<div class='gallery-icon portrait'>\n\t\t\t\t<a href='https:\/\/cheminsplestinais.dcea.fr\/?attachment_id=6874'><img loading=\"lazy\" decoding=\"async\" width=\"338\" height=\"600\" src=\"https:\/\/cheminsplestinais.dcea.fr\/wp-content\/uploads\/2020\/05\/17.jpg\" class=\"attachment-large size-large\" alt=\"\" aria-describedby=\"gallery-1-6874\" srcset=\"https:\/\/cheminsplestinais.dcea.fr\/wp-content\/uploads\/2020\/05\/17.jpg 338w, https:\/\/cheminsplestinais.dcea.fr\/wp-content\/uploads\/2020\/05\/17-169x300.jpg 169w\" sizes=\"(max-width: 338px) 100vw, 338px\" \/><\/a>\n\t\t\t<\/div>\n\t\t\t\t<figcaption class='wp-caption-text gallery-caption' id='gallery-1-6874'>\n\t\t\t\tdont il reste quelques vestiges\n\t\t\t\t<\/figcaption><\/figure><figure class='gallery-item'>\n\t\t\t<div class='gallery-icon landscape'>\n\t\t\t\t<a href='https:\/\/cheminsplestinais.dcea.fr\/?attachment_id=6875'><img loading=\"lazy\" decoding=\"async\" width=\"474\" height=\"267\" src=\"https:\/\/cheminsplestinais.dcea.fr\/wp-content\/uploads\/2020\/05\/18.jpg\" class=\"attachment-large size-large\" alt=\"\" aria-describedby=\"gallery-1-6875\" srcset=\"https:\/\/cheminsplestinais.dcea.fr\/wp-content\/uploads\/2020\/05\/18.jpg 800w, https:\/\/cheminsplestinais.dcea.fr\/wp-content\/uploads\/2020\/05\/18-300x169.jpg 300w, https:\/\/cheminsplestinais.dcea.fr\/wp-content\/uploads\/2020\/05\/18-768x432.jpg 768w\" sizes=\"(max-width: 474px) 100vw, 474px\" \/><\/a>\n\t\t\t<\/div>\n\t\t\t\t<figcaption class='wp-caption-text gallery-caption' id='gallery-1-6875'>\n\t\t\t\tPeu apr\u00e8s, on rejoint la vall\u00e9e du Dour Meur\n\t\t\t\t<\/figcaption><\/figure><figure class='gallery-item'>\n\t\t\t<div class='gallery-icon landscape'>\n\t\t\t\t<a href='https:\/\/cheminsplestinais.dcea.fr\/?attachment_id=6876'><img loading=\"lazy\" decoding=\"async\" width=\"474\" height=\"267\" src=\"https:\/\/cheminsplestinais.dcea.fr\/wp-content\/uploads\/2020\/05\/19.jpg\" class=\"attachment-large size-large\" alt=\"\" aria-describedby=\"gallery-1-6876\" srcset=\"https:\/\/cheminsplestinais.dcea.fr\/wp-content\/uploads\/2020\/05\/19.jpg 800w, https:\/\/cheminsplestinais.dcea.fr\/wp-content\/uploads\/2020\/05\/19-300x169.jpg 300w, https:\/\/cheminsplestinais.dcea.fr\/wp-content\/uploads\/2020\/05\/19-768x432.jpg 768w\" sizes=\"(max-width: 474px) 100vw, 474px\" \/><\/a>\n\t\t\t<\/div>\n\t\t\t\t<figcaption class='wp-caption-text gallery-caption' id='gallery-1-6876'>\n\t\t\t\tPaysages champ\u00eatres\n\t\t\t\t<\/figcaption><\/figure><figure class='gallery-item'>\n\t\t\t<div class='gallery-icon landscape'>\n\t\t\t\t<a href='https:\/\/cheminsplestinais.dcea.fr\/?attachment_id=6877'><img loading=\"lazy\" decoding=\"async\" width=\"474\" height=\"267\" src=\"https:\/\/cheminsplestinais.dcea.fr\/wp-content\/uploads\/2020\/05\/20.jpg\" class=\"attachment-large size-large\" alt=\"\" aria-describedby=\"gallery-1-6877\" srcset=\"https:\/\/cheminsplestinais.dcea.fr\/wp-content\/uploads\/2020\/05\/20.jpg 800w, https:\/\/cheminsplestinais.dcea.fr\/wp-content\/uploads\/2020\/05\/20-300x169.jpg 300w, https:\/\/cheminsplestinais.dcea.fr\/wp-content\/uploads\/2020\/05\/20-768x432.jpg 768w\" sizes=\"(max-width: 474px) 100vw, 474px\" \/><\/a>\n\t\t\t<\/div>\n\t\t\t\t<figcaption class='wp-caption-text gallery-caption' id='gallery-1-6877'>\n\t\t\t\tLe cours du Dour Meur est \u00e0 port\u00e9e de vue\n\t\t\t\t<\/figcaption><\/figure><figure class='gallery-item'>\n\t\t\t<div class='gallery-icon portrait'>\n\t\t\t\t<a href='https:\/\/cheminsplestinais.dcea.fr\/?attachment_id=6878'><img loading=\"lazy\" decoding=\"async\" width=\"338\" height=\"600\" src=\"https:\/\/cheminsplestinais.dcea.fr\/wp-content\/uploads\/2020\/05\/21.jpg\" class=\"attachment-large size-large\" alt=\"\" aria-describedby=\"gallery-1-6878\" srcset=\"https:\/\/cheminsplestinais.dcea.fr\/wp-content\/uploads\/2020\/05\/21.jpg 338w, https:\/\/cheminsplestinais.dcea.fr\/wp-content\/uploads\/2020\/05\/21-169x300.jpg 169w\" sizes=\"(max-width: 338px) 100vw, 338px\" \/><\/a>\n\t\t\t<\/div>\n\t\t\t\t<figcaption class='wp-caption-text gallery-caption' id='gallery-1-6878'>\n\t\t\t\tLe chemin dit du\u00a0\u00bbPont-Blanc\u00a0\u00bb\n\t\t\t\t<\/figcaption><\/figure><figure class='gallery-item'>\n\t\t\t<div class='gallery-icon portrait'>\n\t\t\t\t<a href='https:\/\/cheminsplestinais.dcea.fr\/?attachment_id=6879'><img loading=\"lazy\" decoding=\"async\" width=\"338\" height=\"600\" src=\"https:\/\/cheminsplestinais.dcea.fr\/wp-content\/uploads\/2020\/05\/22.jpg\" class=\"attachment-large size-large\" alt=\"\" aria-describedby=\"gallery-1-6879\" srcset=\"https:\/\/cheminsplestinais.dcea.fr\/wp-content\/uploads\/2020\/05\/22.jpg 338w, https:\/\/cheminsplestinais.dcea.fr\/wp-content\/uploads\/2020\/05\/22-169x300.jpg 169w\" sizes=\"(max-width: 338px) 100vw, 338px\" \/><\/a>\n\t\t\t<\/div>\n\t\t\t\t<figcaption class='wp-caption-text gallery-caption' id='gallery-1-6879'>\n\t\t\t\tOn regagne le bourg par un chemin enherb\u00e9\n\t\t\t\t<\/figcaption><\/figure><figure class='gallery-item'>\n\t\t\t<div class='gallery-icon landscape'>\n\t\t\t\t<a href='https:\/\/cheminsplestinais.dcea.fr\/?attachment_id=6880'><img loading=\"lazy\" decoding=\"async\" width=\"474\" height=\"267\" src=\"https:\/\/cheminsplestinais.dcea.fr\/wp-content\/uploads\/2020\/05\/23.jpg\" class=\"attachment-large size-large\" alt=\"\" aria-describedby=\"gallery-1-6880\" srcset=\"https:\/\/cheminsplestinais.dcea.fr\/wp-content\/uploads\/2020\/05\/23.jpg 800w, https:\/\/cheminsplestinais.dcea.fr\/wp-content\/uploads\/2020\/05\/23-300x169.jpg 300w, https:\/\/cheminsplestinais.dcea.fr\/wp-content\/uploads\/2020\/05\/23-768x432.jpg 768w\" sizes=\"(max-width: 474px) 100vw, 474px\" \/><\/a>\n\t\t\t<\/div>\n\t\t\t\t<figcaption class='wp-caption-text gallery-caption' id='gallery-1-6880'>\n\t\t\t\tA l&rsquo;approche du parc AnDour Meur\n\t\t\t\t<\/figcaption><\/figure><figure class='gallery-item'>\n\t\t\t<div class='gallery-icon landscape'>\n\t\t\t\t<a href='https:\/\/cheminsplestinais.dcea.fr\/?attachment_id=6881'><img loading=\"lazy\" decoding=\"async\" width=\"474\" height=\"267\" src=\"https:\/\/cheminsplestinais.dcea.fr\/wp-content\/uploads\/2020\/05\/24.jpg\" class=\"attachment-large size-large\" alt=\"\" aria-describedby=\"gallery-1-6881\" srcset=\"https:\/\/cheminsplestinais.dcea.fr\/wp-content\/uploads\/2020\/05\/24.jpg 800w, https:\/\/cheminsplestinais.dcea.fr\/wp-content\/uploads\/2020\/05\/24-300x169.jpg 300w, https:\/\/cheminsplestinais.dcea.fr\/wp-content\/uploads\/2020\/05\/24-768x432.jpg 768w\" sizes=\"(max-width: 474px) 100vw, 474px\" \/><\/a>\n\t\t\t<\/div>\n\t\t\t\t<figcaption class='wp-caption-text gallery-caption' id='gallery-1-6881'>\n\t\t\t\tPour boucler la boucle, vous tournerez \u00e0 gauche, \u00e0 moins que vous ne vouliez vous exercer au parcours de sant\u00e9.\n\t\t\t\t<\/figcaption><\/figure>\n\t\t<\/div>\n\n<p>Nous vous souhaitons une bonne promenade.<\/p>\n<p>Dans les jours et semaines \u00e0 venir, nous allons am\u00e9liorer le balisage.<\/p>\n<p>Nous sommes \u00e0 votre \u00e9coute pour toutes les suggestions que vous voudrez bien nous laisser en commentaire.<\/p>\n<p>Merci d&rsquo;avance.<\/p>\n<p><strong>N.B. : <\/strong>le plan d\u00e9taill\u00e9 du circuit ne figurera pas dans le fascicule du circuit des chapelles. Vous pouvez le t\u00e9l\u00e9charger en cliquant sur ce lien :\u00a0<a href=\"https:\/\/drive.google.com\/open?id=1IU2IuiYHwjfSs-vMVNc0c5xH3AmumdRE\">An Dour Meu<\/a><a href=\"https:\/\/drive.google.com\/open?id=1IU2IuiYHwjfSs-vMVNc0c5xH3AmumdRE\">r<\/a><\/p>\n","protected":false},"excerpt":{"rendered":"<p>\u00c0 partir du 11 mai, les possibilit\u00e9s de s&rsquo;\u00e9vader de son domicile se sont \u00e9largies. &#8230;&#8230;\u2026.L&rsquo;occasion pour les randonneurs et randonneuses de d\u00e9couvrir le nouveau circuit de 8,5 km ouvert sur la commune de Plestin-les-Gr\u00e8ves : la boucle\u00a0 du Dour Meur. Point de d\u00e9part : le parc An Dour Meur Cette nouvelle boucle suit en [&hellip;]<\/p>\n","protected":false},"author":1,"featured_media":0,"comment_status":"open","ping_status":"closed","sticky":false,"template":"","format":"standard","meta":{"footnotes":""},"categories":[3],"tags":[],"_links":{"self":[{"href":"https:\/\/cheminsplestinais.dcea.fr\/index.php?rest_route=\/wp\/v2\/posts\/6882"}],"collection":[{"href":"https:\/\/cheminsplestinais.dcea.fr\/index.php?rest_route=\/wp\/v2\/posts"}],"about":[{"href":"https:\/\/cheminsplestinais.dcea.fr\/index.php?rest_route=\/wp\/v2\/types\/post"}],"author":[{"embeddable":true,"href":"https:\/\/cheminsplestinais.dcea.fr\/index.php?rest_route=\/wp\/v2\/users\/1"}],"replies":[{"embeddable":true,"href":"https:\/\/cheminsplestinais.dcea.fr\/index.php?rest_route=%2Fwp%2Fv2%2Fcomments&post=6882"}],"version-history":[{"count":14,"href":"https:\/\/cheminsplestinais.dcea.fr\/index.php?rest_route=\/wp\/v2\/posts\/6882\/revisions"}],"predecessor-version":[{"id":6904,"href":"https:\/\/cheminsplestinais.dcea.fr\/index.php?rest_route=\/wp\/v2\/posts\/6882\/revisions\/6904"}],"wp:attachment":[{"href":"https:\/\/cheminsplestinais.dcea.fr\/index.php?rest_route=%2Fwp%2Fv2%2Fmedia&parent=6882"}],"wp:term":[{"taxonomy":"category","embeddable":true,"href":"https:\/\/cheminsplestinais.dcea.fr\/index.php?rest_route=%2Fwp%2Fv2%2Fcategories&post=6882"},{"taxonomy":"post_tag","embeddable":true,"href":"https:\/\/cheminsplestinais.dcea.fr\/index.php?rest_route=%2Fwp%2Fv2%2Ftags&post=6882"}],"curies":[{"name":"wp","href":"https:\/\/api.w.org\/{rel}","templated":true}]}}