{"id":6981,"date":"2020-07-03T19:28:21","date_gmt":"2020-07-03T18:28:21","guid":{"rendered":"http:\/\/cheminsplestinais.dcea.fr\/?p=6981"},"modified":"2020-07-09T06:22:00","modified_gmt":"2020-07-09T05:22:00","slug":"une-assemblee-generale-extraordinaire","status":"publish","type":"post","link":"https:\/\/cheminsplestinais.dcea.fr\/?p=6981","title":{"rendered":"Une Assembl\u00e9e G\u00e9n\u00e9rale extraordinaire !"},"content":{"rendered":"<p style=\"text-align: center;\">Demain ne sera plus jamais comme hier !<a href=\"https:\/\/cheminsplestinais.dcea.fr\/wp-content\/uploads\/2020\/07\/page-qui-se-tourne.gif\"><img loading=\"lazy\" decoding=\"async\" class=\"alignright wp-image-7021\" src=\"https:\/\/cheminsplestinais.dcea.fr\/wp-content\/uploads\/2020\/07\/page-qui-se-tourne-150x150.gif\" alt=\"\" width=\"80\" height=\"45\" \/><\/a><\/p>\n<p style=\"text-align: center;\">Nous ne pensons plus <span style=\"color: #800000;\">qu&rsquo;au vide<\/span> qu&rsquo;ils vont laisser !<\/p>\n<p style=\"text-align: left;\">Le 29 juin s&rsquo;est tenue notre Assembl\u00e9e G\u00e9n\u00e9rale 2020,<br \/>\net elle restera grav\u00e9e dans nos m\u00e9moires.<\/p>\n<p style=\"text-align: center;\"><span style=\"color: #000080;\">Une 10\u00e8me \u00e9dition vraiment \u00e0 part :<\/span><\/p>\n<p style=\"text-align: left;\">Une perfide petite b\u00eate, venue d&rsquo;on-ne-sait o\u00f9, nous a contraints\u00a0\u00e0\u00a0bouleverser nos habitudes :<\/p>\n<ul>\n<li style=\"text-align: left;\">date inhabituelle : 4 mois de retard<\/li>\n<li style=\"text-align: left;\">lieu inhabituel : un grand merci \u00e0 Jocelyne et Alain de nous avoir accueillis sur leur terrain<\/li>\n<\/ul>\n<p><a href=\"https:\/\/cheminsplestinais.dcea.fr\/wp-content\/uploads\/2020\/07\/DSC08052-r.jpg\"><img loading=\"lazy\" decoding=\"async\" class=\"alignleft wp-image-7002\" src=\"https:\/\/cheminsplestinais.dcea.fr\/wp-content\/uploads\/2020\/07\/DSC08052-r-150x150.jpg\" alt=\"\" width=\"140\" height=\"105\" srcset=\"https:\/\/cheminsplestinais.dcea.fr\/wp-content\/uploads\/2020\/07\/DSC08052-r-300x225.jpg 300w, https:\/\/cheminsplestinais.dcea.fr\/wp-content\/uploads\/2020\/07\/DSC08052-r-768x576.jpg 768w, https:\/\/cheminsplestinais.dcea.fr\/wp-content\/uploads\/2020\/07\/DSC08052-r-1024x768.jpg 1024w, https:\/\/cheminsplestinais.dcea.fr\/wp-content\/uploads\/2020\/07\/DSC08052-r.jpg 1200w\" sizes=\"(max-width: 140px) 100vw, 140px\" \/><\/a><a href=\"https:\/\/cheminsplestinais.dcea.fr\/wp-content\/uploads\/2020\/07\/DSC00050-r.jpg\"><img loading=\"lazy\" decoding=\"async\" class=\"alignnone wp-image-7071\" src=\"https:\/\/cheminsplestinais.dcea.fr\/wp-content\/uploads\/2020\/07\/DSC00050-r-150x150.jpg\" alt=\"\" width=\"145\" height=\"109\" srcset=\"https:\/\/cheminsplestinais.dcea.fr\/wp-content\/uploads\/2020\/07\/DSC00050-r-300x225.jpg 300w, https:\/\/cheminsplestinais.dcea.fr\/wp-content\/uploads\/2020\/07\/DSC00050-r-768x576.jpg 768w, https:\/\/cheminsplestinais.dcea.fr\/wp-content\/uploads\/2020\/07\/DSC00050-r.jpg 800w\" sizes=\"(max-width: 145px) 100vw, 145px\" \/><\/a><a href=\"https:\/\/cheminsplestinais.dcea.fr\/wp-content\/uploads\/2020\/07\/DSC00055-r.jpg\"><img loading=\"lazy\" decoding=\"async\" class=\"alignright wp-image-7073\" src=\"https:\/\/cheminsplestinais.dcea.fr\/wp-content\/uploads\/2020\/07\/DSC00055-r-150x150.jpg\" alt=\"\" width=\"140\" height=\"105\" srcset=\"https:\/\/cheminsplestinais.dcea.fr\/wp-content\/uploads\/2020\/07\/DSC00055-r-300x225.jpg 300w, https:\/\/cheminsplestinais.dcea.fr\/wp-content\/uploads\/2020\/07\/DSC00055-r-768x576.jpg 768w, https:\/\/cheminsplestinais.dcea.fr\/wp-content\/uploads\/2020\/07\/DSC00055-r.jpg 800w\" sizes=\"(max-width: 140px) 100vw, 140px\" \/><\/a><\/p>\n<p>&nbsp;<\/p>\n<ul>\n<li>environnement inhabituel : une AG sous chapiteau o\u00f9 chacun am\u00e8ne son si\u00e8ge<\/li>\n<\/ul>\n<p><a href=\"https:\/\/cheminsplestinais.dcea.fr\/wp-content\/uploads\/2020\/07\/DSC08068-r.jpg\"><img loading=\"lazy\" decoding=\"async\" class=\"alignleft wp-image-7006\" src=\"https:\/\/cheminsplestinais.dcea.fr\/wp-content\/uploads\/2020\/07\/DSC08068-r-150x150.jpg\" alt=\"\" width=\"140\" height=\"105\" srcset=\"https:\/\/cheminsplestinais.dcea.fr\/wp-content\/uploads\/2020\/07\/DSC08068-r-300x225.jpg 300w, https:\/\/cheminsplestinais.dcea.fr\/wp-content\/uploads\/2020\/07\/DSC08068-r-768x576.jpg 768w, https:\/\/cheminsplestinais.dcea.fr\/wp-content\/uploads\/2020\/07\/DSC08068-r-1024x768.jpg 1024w, https:\/\/cheminsplestinais.dcea.fr\/wp-content\/uploads\/2020\/07\/DSC08068-r.jpg 1200w\" sizes=\"(max-width: 140px) 100vw, 140px\" \/><\/a><a href=\"https:\/\/cheminsplestinais.dcea.fr\/wp-content\/uploads\/2020\/07\/P1020348-r.jpg\"><img loading=\"lazy\" decoding=\"async\" class=\"alignnone wp-image-7014\" src=\"https:\/\/cheminsplestinais.dcea.fr\/wp-content\/uploads\/2020\/07\/P1020348-r-150x150.jpg\" alt=\"\" width=\"145\" height=\"83\" srcset=\"https:\/\/cheminsplestinais.dcea.fr\/wp-content\/uploads\/2020\/07\/P1020348-r-300x171.jpg 300w, https:\/\/cheminsplestinais.dcea.fr\/wp-content\/uploads\/2020\/07\/P1020348-r-768x438.jpg 768w, https:\/\/cheminsplestinais.dcea.fr\/wp-content\/uploads\/2020\/07\/P1020348-r-1024x584.jpg 1024w, https:\/\/cheminsplestinais.dcea.fr\/wp-content\/uploads\/2020\/07\/P1020348-r.jpg 1200w\" sizes=\"(max-width: 145px) 100vw, 145px\" \/><\/a><a href=\"https:\/\/cheminsplestinais.dcea.fr\/wp-content\/uploads\/2020\/07\/P1020349-r-1.jpg\"><img loading=\"lazy\" decoding=\"async\" class=\"alignright wp-image-7013\" src=\"https:\/\/cheminsplestinais.dcea.fr\/wp-content\/uploads\/2020\/07\/P1020349-r-1-150x150.jpg\" alt=\"\" width=\"140\" height=\"105\" srcset=\"https:\/\/cheminsplestinais.dcea.fr\/wp-content\/uploads\/2020\/07\/P1020349-r-1-300x225.jpg 300w, https:\/\/cheminsplestinais.dcea.fr\/wp-content\/uploads\/2020\/07\/P1020349-r-1-768x576.jpg 768w, https:\/\/cheminsplestinais.dcea.fr\/wp-content\/uploads\/2020\/07\/P1020349-r-1-1024x768.jpg 1024w, https:\/\/cheminsplestinais.dcea.fr\/wp-content\/uploads\/2020\/07\/P1020349-r-1.jpg 1200w\" sizes=\"(max-width: 140px) 100vw, 140px\" \/><\/a><\/p>\n<p>&nbsp;<\/p>\n<p><a href=\"https:\/\/cheminsplestinais.dcea.fr\/wp-content\/uploads\/2020\/07\/eric.jpg\"><img loading=\"lazy\" decoding=\"async\" class=\"alignleft wp-image-7059\" src=\"https:\/\/cheminsplestinais.dcea.fr\/wp-content\/uploads\/2020\/07\/eric-150x150.jpg\" alt=\"\" width=\"100\" height=\"100\" \/><\/a><\/p>\n<p>et surtout, lors de cette Assembl\u00e9e G\u00e9n\u00e9rale, nous avons enregistr\u00e9 la d\u00e9cision d&rsquo;<span style=\"color: #800000;\">Eric IRIEN<\/span> de passer la main apr\u00e8s 10 ans de pr\u00e9sidence.<br \/>\nDans la foul\u00e9e, <span style=\"color: #800000;\">Marcel LE GUILLOU<\/span> (vice-presidt), <span style=\"color: #800000;\">Marie-France IRIEN<\/span> (secr\u00e9taire), <span style=\"color: #800000;\">Yvon LE GUEN<\/span> (tr\u00e9sorier-adjoint)\u00a0 et <span style=\"color: #800000;\">Dominique LENO\u00cbL<\/span> (secr\u00e9taire-adjoint) laissent \u00e9galement leur place au sein du bureau.<br \/>\nSeul <span style=\"color: #800000;\">Alain NOBILI<\/span> assurera la continuit\u00e9 du bureau au poste de tr\u00e9sorier.<\/p>\n<p>M\u00eame si ne nous ne doutons pas qu&rsquo;ils continueront \u00e0 \u0153uvrer activement comme membre de l&rsquo;association, une page se tourne.<\/p>\n<p style=\"text-align: right;\"><em>Voir le <a href=\"https:\/\/drive.google.com\/file\/d\/1p2r52Xyydk19BwDZj452BoXIFz1EbX3A\/view?usp=sharing\">compte-rendu de l&rsquo;AG<\/a> et le <a href=\"https:\/\/drive.google.com\/file\/d\/1mnoEJyZ0Wr9SnGuONxY0AaxVwAof4V1q\/view?usp=sharing\">bilan financier.<\/a><\/em><\/p>\n<p>C&rsquo;est le moment de\u00a0 remercier tous ces acteurs de la belle aventure qu&rsquo;ils nous ont permis de vivre depuis 10 ans, auxquels il faut bien entendu associer tous les autres \u00ab\u00a0actifs\u00a0\u00bb du lundi matin !<\/p>\n<p>En premier lieu, un grand merci \u00e0 Eric qui a \u00e9t\u00e9 \u00e0 l&rsquo;initiative de l&rsquo;association et qui en a \u00e9t\u00e9 la cheville ouvri\u00e8re et\u00a0son \u00e2me v\u00e9ritable tout au long de ces 10 ann\u00e9es.<\/p>\n<p><a href=\"https:\/\/cheminsplestinais.dcea.fr\/wp-content\/uploads\/2020\/07\/Ste-Barbe-r.jpg\"><img loading=\"lazy\" decoding=\"async\" class=\"alignleft wp-image-7035\" src=\"https:\/\/cheminsplestinais.dcea.fr\/wp-content\/uploads\/2020\/07\/Ste-Barbe-r-150x150.jpg\" alt=\"\" width=\"140\" height=\"109\" srcset=\"https:\/\/cheminsplestinais.dcea.fr\/wp-content\/uploads\/2020\/07\/Ste-Barbe-r-300x233.jpg 300w, https:\/\/cheminsplestinais.dcea.fr\/wp-content\/uploads\/2020\/07\/Ste-Barbe-r.jpg 551w\" sizes=\"(max-width: 140px) 100vw, 140px\" \/><\/a>Quel belle \u0153uvre r\u00e9alis\u00e9e depuis la 1\u00e8re r\u00e9habilitation du chemin de Ste-Barbe jusqu&rsquo;\u00e0 la r\u00e9cente ouverture du chemin<br \/>\ndu Dour Meur !<\/p>\n<p><a href=\"https:\/\/cheminsplestinais.dcea.fr\/wp-content\/uploads\/2020\/07\/P1120515-r.jpg\"><img loading=\"lazy\" decoding=\"async\" class=\"alignright size-thumbnail wp-image-7056\" src=\"https:\/\/cheminsplestinais.dcea.fr\/wp-content\/uploads\/2020\/07\/P1120515-r-150x150.jpg\" alt=\"\" width=\"150\" height=\"150\" \/><\/a>Que de chemins<br \/>\nde randonn\u00e9es ouverts, am\u00e9lior\u00e9s et entretenus et de \u00ab\u00a0petit patrimoine\u00a0\u00bb &#8211; auquel il tient tant &#8211; remis en \u00e9tat :<br \/>\nlavoirs et fontaines de St-Haran , de St-Gestin et maintenant de Collogot !<\/p>\n<figure id=\"attachment_7034\" aria-describedby=\"caption-attachment-7034\" style=\"width: 150px\" class=\"wp-caption alignleft\"><a href=\"https:\/\/cheminsplestinais.dcea.fr\/wp-content\/uploads\/2020\/07\/Ste-Barbe-Eric-Marcel-r.jpg\"><img loading=\"lazy\" decoding=\"async\" class=\"size-thumbnail wp-image-7034\" src=\"https:\/\/cheminsplestinais.dcea.fr\/wp-content\/uploads\/2020\/07\/Ste-Barbe-Eric-Marcel-r-150x150.jpg\" alt=\"\" width=\"150\" height=\"150\" \/><\/a><figcaption id=\"caption-attachment-7034\" class=\"wp-caption-text\"><span style=\"color: #ffffff;\">SAMSUNG DIGITAL CAMERA<\/span><\/figcaption><\/figure>\n<p>Certes, aussi entreprenant et dynamique\u00a0 soit-il, il n&rsquo;est pas le seul acteur de ces r\u00e9alisations ! Il faut en particulier souligner le r\u00f4le essentiel de son\u00a0adjoint et complice <span style=\"color: #800000;\">Marcel Le Guillou<\/span> :<br \/>\nchaque semaine sur le terrain pour rep\u00e9rer et pr\u00e9parer les chan- tiers, effectuer les d\u00e9marches, organiser le travail et s&rsquo;assurer de son bon d\u00e9roulement.<\/p>\n<p>On entend souvent parler de la <span style=\"color: #008000;\"><strong>convivialit\u00e9<\/strong><\/span> qui r\u00e8gne au sein de notre groupe. Elle vient s\u00fbrement en grande partie de la mani\u00e8re dont Eric a su l&rsquo;animer gr\u00e2ce \u00e0 sa disponibilit\u00e9, son sens de l&rsquo;\u00e9coute<br \/>\net son souci permanent que chacun s&rsquo;y sente \u00e0 l&rsquo;aise.<br \/>\nNe serait-ce que les boissons r\u00e9confortantes qu&rsquo;il pr\u00e9pare chaque lundi en tenant compte du go\u00fbt de chacun.<\/p>\n<p><a href=\"https:\/\/cheminsplestinais.dcea.fr\/wp-content\/uploads\/2020\/07\/DSCN4041r.jpg\"><img loading=\"lazy\" decoding=\"async\" class=\"alignleft wp-image-7050\" src=\"https:\/\/cheminsplestinais.dcea.fr\/wp-content\/uploads\/2020\/07\/DSCN4041r-150x150.jpg\" alt=\"\" width=\"150\" height=\"89\" srcset=\"https:\/\/cheminsplestinais.dcea.fr\/wp-content\/uploads\/2020\/07\/DSCN4041r-300x177.jpg 300w, https:\/\/cheminsplestinais.dcea.fr\/wp-content\/uploads\/2020\/07\/DSCN4041r-768x454.jpg 768w, https:\/\/cheminsplestinais.dcea.fr\/wp-content\/uploads\/2020\/07\/DSCN4041r-1024x605.jpg 1024w, https:\/\/cheminsplestinais.dcea.fr\/wp-content\/uploads\/2020\/07\/DSCN4041r.jpg 1693w\" sizes=\"(max-width: 150px) 100vw, 150px\" \/><\/a>Les <span style=\"color: #008000;\"><strong>animations<\/strong><\/span> organis\u00e9es chaque ann\u00e9e sont \u00e9galement \u00e0 mettre \u00e0 <a href=\"https:\/\/cheminsplestinais.dcea.fr\/wp-content\/uploads\/2020\/07\/convivialit\u00e94-r.jpg\"><img loading=\"lazy\" decoding=\"async\" class=\"alignright wp-image-7032\" src=\"https:\/\/cheminsplestinais.dcea.fr\/wp-content\/uploads\/2020\/07\/convivialit\u00e94-r-150x150.jpg\" alt=\"\" width=\"155\" height=\"111\" srcset=\"https:\/\/cheminsplestinais.dcea.fr\/wp-content\/uploads\/2020\/07\/convivialit\u00e94-r-300x215.jpg 300w, https:\/\/cheminsplestinais.dcea.fr\/wp-content\/uploads\/2020\/07\/convivialit\u00e94-r-768x551.jpg 768w, https:\/\/cheminsplestinais.dcea.fr\/wp-content\/uploads\/2020\/07\/convivialit\u00e94-r.jpg 800w\" sizes=\"(max-width: 155px) 100vw, 155px\" \/><\/a>son cr\u00e9dit :<br \/>\nbalisage des sentiers,\u00a0 Tro Plistin, parti- cipation au T\u00e9l\u00e9thon,\u00a0 sorties culturelles et festives, repas conviviaux , barbecues ou autres galettes des rois&#8230;<\/p>\n<p>Pour toutes ces r\u00e9alisations, il faut \u00e9galement mentionner la contribution particuli\u00e8rement active et efficace de Marie-France. M\u00eame si la concertation est plus facile lorsque l&rsquo;on vit sous le m\u00eame toit, les r\u00e9sultats ont toujours \u00e9t\u00e9 au rendez-vous !<\/p>\n<p><a href=\"https:\/\/cheminsplestinais.dcea.fr\/wp-content\/uploads\/2020\/07\/ericMF.jpg\"><img loading=\"lazy\" decoding=\"async\" class=\"wp-image-7058 alignleft\" src=\"https:\/\/cheminsplestinais.dcea.fr\/wp-content\/uploads\/2020\/07\/ericMF-300x191.jpg\" alt=\"\" width=\"220\" height=\"140\" srcset=\"https:\/\/cheminsplestinais.dcea.fr\/wp-content\/uploads\/2020\/07\/ericMF-300x191.jpg 300w, https:\/\/cheminsplestinais.dcea.fr\/wp-content\/uploads\/2020\/07\/ericMF-768x489.jpg 768w, https:\/\/cheminsplestinais.dcea.fr\/wp-content\/uploads\/2020\/07\/ericMF-1024x652.jpg 1024w, https:\/\/cheminsplestinais.dcea.fr\/wp-content\/uploads\/2020\/07\/ericMF.jpg 1356w\" sizes=\"(max-width: 220px) 100vw, 220px\" \/><\/a><a href=\"https:\/\/cheminsplestinais.dcea.fr\/wp-content\/uploads\/2020\/07\/DSC00051-r.jpg\"><img loading=\"lazy\" decoding=\"async\" class=\"size-medium wp-image-7072 alignright\" src=\"https:\/\/cheminsplestinais.dcea.fr\/wp-content\/uploads\/2020\/07\/DSC00051-r-300x225.jpg\" alt=\"\" width=\"300\" height=\"225\" srcset=\"https:\/\/cheminsplestinais.dcea.fr\/wp-content\/uploads\/2020\/07\/DSC00051-r-300x225.jpg 300w, https:\/\/cheminsplestinais.dcea.fr\/wp-content\/uploads\/2020\/07\/DSC00051-r-768x576.jpg 768w, https:\/\/cheminsplestinais.dcea.fr\/wp-content\/uploads\/2020\/07\/DSC00051-r.jpg 800w\" sizes=\"(max-width: 300px) 100vw, 300px\" \/><\/a><\/p>\n<p><span style=\"color: #ffffff;\">.<\/span><\/p>\n<p><span style=\"color: #ffffff;\">.<\/span><\/p>\n<p><span style=\"color: #ffffff;\">.<\/span><\/p>\n<p><span style=\"color: #ffffff;\">.<\/span><\/p>\n<p style=\"text-align: right;\">Un souvenir leur a \u00e9t\u00e9 remis<br \/>\n\u00e0 l&rsquo;issue de l&rsquo;Assembl\u00e9e G\u00e9n\u00e9rale.<\/p>\n<p>Nous allons perdre certaines habitudes, nous en prendrons de nouvelles, mais toujours dans cet \u00e9tat d&rsquo;esprit qui a fait la richesse de notre ch\u00e8re association.<\/p>\n<p>&nbsp;<\/p>\n<p>Un conseil d&rsquo;administration s&rsquo;est tenu le jeudi 2 juillet pour d\u00e9signer la nouvelle \u00e9quipe.<\/p>\n<p><span style=\"color: #800000;\"><span style=\"color: #000000;\">Gildas\u00a0<\/span> \u00a0 \u00a0 \u00a0 \u00a0 \u00a0 \u00a0 LE TROADEC<\/span>\u00a0 \u00a0 \u00a0 \u00a0Pr\u00e9sident<\/p>\n<p><span style=\"color: #800000;\"><span style=\"color: #000000;\">Jean-Pierre<\/span>\u00a0 HERV<\/span>\u00c9\u00a0 \u00a0 \u00a0 \u00a0 \u00a0 \u00a0 \u00a0 \u00a0 \u00a0 \u00a0 \u00a0 Vice-Pr\u00e9sident<\/p>\n<p><span style=\"color: #800000;\"><span style=\"color: #000000;\">Alain\u00a0 \u00a0 \u00a0<\/span> \u00a0 \u00a0 \u00a0 \u00a0 \u00a0 NOBILI\u00a0<\/span> \u00a0 \u00a0 \u00a0 \u00a0 \u00a0 \u00a0 \u00a0 \u00a0 \u00a0 \u00a0Tr\u00e9sorier<\/p>\n<p><span style=\"color: #800000;\"><span style=\"color: #000000;\">Annick<\/span>\u00a0 \u00a0 \u00a0 \u00a0 \u00a0 \u00a0 ABASQ\u00a0<\/span> \u00a0 \u00a0 \u00a0 \u00a0 \u00a0 \u00a0 \u00a0 \u00a0 \u00a0 \u00a0Tr\u00e9sori\u00e8re-adjointe<\/p>\n<p><span style=\"color: #800000;\"><span style=\"color: #000000;\">Georges\u00a0<\/span> \u00a0 \u00a0 \u00a0 \u00a0LE BRETON<\/span>\u00a0 \u00a0 \u00a0 \u00a0 \u00a0 \u00a0Secr\u00e9taire<\/p>\n<p><span style=\"color: #800000;\"><span style=\"color: #000000;\">Jocelyne<\/span>\u00a0 \u00a0 \u00a0 \u00a0 NOBILI<\/span>\u00a0 \u00a0 \u00a0 \u00a0 \u00a0 \u00a0 \u00a0 \u00a0 \u00a0 \u00a0 \u00a0Secr\u00e9taire-adjointe<\/p>\n<p><a href=\"https:\/\/cheminsplestinais.dcea.fr\/wp-content\/uploads\/2020\/07\/Nouveau-bureau2.jpg\"><img loading=\"lazy\" decoding=\"async\" class=\"aligncenter wp-image-7092\" src=\"https:\/\/cheminsplestinais.dcea.fr\/wp-content\/uploads\/2020\/07\/Nouveau-bureau2-300x207.jpg\" alt=\"\" width=\"450\" height=\"310\" srcset=\"https:\/\/cheminsplestinais.dcea.fr\/wp-content\/uploads\/2020\/07\/Nouveau-bureau2-300x207.jpg 300w, https:\/\/cheminsplestinais.dcea.fr\/wp-content\/uploads\/2020\/07\/Nouveau-bureau2.jpg 679w\" sizes=\"(max-width: 450px) 100vw, 450px\" \/><\/a><\/p>\n<p>En outre,\u00a03 commissions ont \u00e9t\u00e9 cr\u00e9\u00e9es :<\/p>\n<ul>\n<li>Une <strong>commission Chantiers<\/strong> : responsable de la programmation des chantiers :<br \/>\nGildas <span style=\"color: #800000;\">LE TROADEC<\/span>, Thierry <span style=\"color: #800000;\">MALFROOT<\/span> et Jean-Luc <span style=\"color: #800000;\">POTIN<\/p>\n<p><\/span><\/li>\n<li><span style=\"color: #800000;\"><span style=\"color: #000000;\">Une <strong>commission Mat\u00e9riel<\/strong> : responsable de la gestion du mat\u00e9riel, son entretien, son stockage (jusqu&rsquo;\u00e0 l&rsquo;obtention d&rsquo;un local)<br \/>\nYves<\/span> LE GOFF<br \/>\n<span style=\"color: #ffffff;\">.<\/span><\/span><\/li>\n<li>Une <strong>commission Balisage<\/strong> : charg\u00e9e de la surveillance et de l&rsquo;am\u00e9lioration du balisage :<br \/>\nServane <span style=\"color: #800000;\">JOVIN,<\/span> Georges <span style=\"color: #800000;\">LE BRETON<\/span> et Dominique <span style=\"color: #800000;\">LENO\u00cbL<\/span><\/li>\n<\/ul>\n<p style=\"text-align: center;\"><span style=\"color: #000080;\">Vous avez aim\u00e9 la cuv\u00e9e 2010-2020.<br \/>\nNous sommes certains que vous adorerez le nouveau cru 2020- 20.?<\/span><\/p>\n","protected":false},"excerpt":{"rendered":"<p>Demain ne sera plus jamais comme hier ! Nous ne pensons plus qu&rsquo;au vide qu&rsquo;ils vont laisser ! Le 29 juin s&rsquo;est tenue notre Assembl\u00e9e G\u00e9n\u00e9rale 2020, et elle restera grav\u00e9e dans nos m\u00e9moires. Une 10\u00e8me \u00e9dition vraiment \u00e0 part : Une perfide petite b\u00eate, venue d&rsquo;on-ne-sait o\u00f9, nous a contraints\u00a0\u00e0\u00a0bouleverser nos habitudes : date [&hellip;]<\/p>\n","protected":false},"author":1,"featured_media":0,"comment_status":"open","ping_status":"closed","sticky":false,"template":"","format":"standard","meta":{"footnotes":""},"categories":[9],"tags":[],"_links":{"self":[{"href":"https:\/\/cheminsplestinais.dcea.fr\/index.php?rest_route=\/wp\/v2\/posts\/6981"}],"collection":[{"href":"https:\/\/cheminsplestinais.dcea.fr\/index.php?rest_route=\/wp\/v2\/posts"}],"about":[{"href":"https:\/\/cheminsplestinais.dcea.fr\/index.php?rest_route=\/wp\/v2\/types\/post"}],"author":[{"embeddable":true,"href":"https:\/\/cheminsplestinais.dcea.fr\/index.php?rest_route=\/wp\/v2\/users\/1"}],"replies":[{"embeddable":true,"href":"https:\/\/cheminsplestinais.dcea.fr\/index.php?rest_route=%2Fwp%2Fv2%2Fcomments&post=6981"}],"version-history":[{"count":79,"href":"https:\/\/cheminsplestinais.dcea.fr\/index.php?rest_route=\/wp\/v2\/posts\/6981\/revisions"}],"predecessor-version":[{"id":7100,"href":"https:\/\/cheminsplestinais.dcea.fr\/index.php?rest_route=\/wp\/v2\/posts\/6981\/revisions\/7100"}],"wp:attachment":[{"href":"https:\/\/cheminsplestinais.dcea.fr\/index.php?rest_route=%2Fwp%2Fv2%2Fmedia&parent=6981"}],"wp:term":[{"taxonomy":"category","embeddable":true,"href":"https:\/\/cheminsplestinais.dcea.fr\/index.php?rest_route=%2Fwp%2Fv2%2Fcategories&post=6981"},{"taxonomy":"post_tag","embeddable":true,"href":"https:\/\/cheminsplestinais.dcea.fr\/index.php?rest_route=%2Fwp%2Fv2%2Ftags&post=6981"}],"curies":[{"name":"wp","href":"https:\/\/api.w.org\/{rel}","templated":true}]}}