{"id":702,"date":"2014-12-13T17:06:00","date_gmt":"2014-12-13T16:06:00","guid":{"rendered":"http:\/\/www.cheminsplestinais.dcea.fr\/?p=702"},"modified":"2015-05-14T09:09:56","modified_gmt":"2015-05-14T08:09:56","slug":"le-petit-pont-de-pierre","status":"publish","type":"post","link":"https:\/\/cheminsplestinais.dcea.fr\/?p=702","title":{"rendered":"Le petit pont de pierre &#8230;"},"content":{"rendered":"<p>Un des derniers chantiers de l&rsquo;ann\u00e9e 2014 a consist\u00e9 \u00e0 faciliter<br \/>\nle passage du ruisseau\u00a0de Kermabusson, quasiment infranchissable quand le niveau de l&rsquo;eau monte.<\/p>\n<p><a href=\"https:\/\/cheminsplestinais.dcea.fr\/wp-content\/uploads\/2014\/12\/P1050028r.jpg\"><img loading=\"lazy\" decoding=\"async\" class=\"alignright size-medium wp-image-710\" src=\"https:\/\/cheminsplestinais.dcea.fr\/wp-content\/uploads\/2014\/12\/P1050028r-225x300.jpg\" alt=\"P1050028r\" width=\"225\" height=\"300\" srcset=\"https:\/\/cheminsplestinais.dcea.fr\/wp-content\/uploads\/2014\/12\/P1050028r-225x300.jpg 225w, https:\/\/cheminsplestinais.dcea.fr\/wp-content\/uploads\/2014\/12\/P1050028r.jpg 450w\" sizes=\"(max-width: 225px) 100vw, 225px\" \/><\/a><\/p>\n<p><a href=\"https:\/\/cheminsplestinais.dcea.fr\/wp-content\/uploads\/2014\/12\/P1050026r.jpg\"><img loading=\"lazy\" decoding=\"async\" class=\"alignnone size-medium wp-image-709\" src=\"https:\/\/cheminsplestinais.dcea.fr\/wp-content\/uploads\/2014\/12\/P1050026r-225x300.jpg\" alt=\"P1050026r\" width=\"225\" height=\"300\" srcset=\"https:\/\/cheminsplestinais.dcea.fr\/wp-content\/uploads\/2014\/12\/P1050026r-225x300.jpg 225w, https:\/\/cheminsplestinais.dcea.fr\/wp-content\/uploads\/2014\/12\/P1050026r.jpg 450w\" sizes=\"(max-width: 225px) 100vw, 225px\" \/><\/a><\/p>\n<p>Un chemin de contournement de la propri\u00e9t\u00e9 a \u00e9t\u00e9 ouvert l&rsquo;an pass\u00e9<\/p>\n<p><a href=\"https:\/\/cheminsplestinais.dcea.fr\/wp-content\/uploads\/2014\/12\/P1050029r.jpg\"><img loading=\"lazy\" decoding=\"async\" class=\"alignleft size-medium wp-image-711\" src=\"https:\/\/cheminsplestinais.dcea.fr\/wp-content\/uploads\/2014\/12\/P1050029r-225x300.jpg\" alt=\"P1050029r\" width=\"225\" height=\"300\" srcset=\"https:\/\/cheminsplestinais.dcea.fr\/wp-content\/uploads\/2014\/12\/P1050029r-225x300.jpg 225w, https:\/\/cheminsplestinais.dcea.fr\/wp-content\/uploads\/2014\/12\/P1050029r.jpg 450w\" sizes=\"(max-width: 225px) 100vw, 225px\" \/><\/a>pour permettre de rejoindre le circuit de Ste-Barbe<br \/>\nen partant du bourg de Plestin-les-Gr\u00e8ves.<\/p>\n<p><span style=\"color: #ffffff;\">&#8230;&#8230;&#8230;&#8230;&#8230;&#8230;..<\/span> \u00a0 \u00a0\u00a0<a href=\"https:\/\/cheminsplestinais.dcea.fr\/wp-content\/uploads\/2014\/12\/plan.jpg\"><img loading=\"lazy\" decoding=\"async\" class=\"alignnone size-medium wp-image-712\" src=\"https:\/\/cheminsplestinais.dcea.fr\/wp-content\/uploads\/2014\/12\/plan-269x300.jpg\" alt=\"plan\" width=\"269\" height=\"300\" srcset=\"https:\/\/cheminsplestinais.dcea.fr\/wp-content\/uploads\/2014\/12\/plan-269x300.jpg 269w, https:\/\/cheminsplestinais.dcea.fr\/wp-content\/uploads\/2014\/12\/plan.jpg 685w\" sizes=\"(max-width: 269px) 100vw, 269px\" \/><\/a><\/p>\n<p style=\"text-align: right;\"><span style=\"color: #800000;\"><em>Parking possible aux \u00ab\u00a0Quatre chemins\u00a0\u00bb.<\/em><\/span><\/p>\n<p>\u00a0<!--more-->Mais la pente \u00e9tait un peu raide et le chemin\u00a0souvent glissant.<\/p>\n<p><a href=\"https:\/\/cheminsplestinais.dcea.fr\/wp-content\/uploads\/2014\/12\/IMG_0330r.jpg\"><img loading=\"lazy\" decoding=\"async\" class=\"alignleft size-medium wp-image-706\" src=\"https:\/\/cheminsplestinais.dcea.fr\/wp-content\/uploads\/2014\/12\/IMG_0330r-300x225.jpg\" alt=\"IMG_0330r\" width=\"300\" height=\"225\" srcset=\"https:\/\/cheminsplestinais.dcea.fr\/wp-content\/uploads\/2014\/12\/IMG_0330r-300x225.jpg 300w, https:\/\/cheminsplestinais.dcea.fr\/wp-content\/uploads\/2014\/12\/IMG_0330r.jpg 500w\" sizes=\"(max-width: 300px) 100vw, 300px\" \/><\/a><\/p>\n<p>Avec l&rsquo;aide des services municipaux, nous avons mis en place de nouvelles dalles<\/p>\n<p><a href=\"https:\/\/cheminsplestinais.dcea.fr\/wp-content\/uploads\/2014\/12\/IMG_0337r.jpg\"><img loading=\"lazy\" decoding=\"async\" class=\"alignright size-medium wp-image-707\" src=\"https:\/\/cheminsplestinais.dcea.fr\/wp-content\/uploads\/2014\/12\/IMG_0337r-300x225.jpg\" alt=\"IMG_0337r\" width=\"300\" height=\"225\" srcset=\"https:\/\/cheminsplestinais.dcea.fr\/wp-content\/uploads\/2014\/12\/IMG_0337r-300x225.jpg 300w, https:\/\/cheminsplestinais.dcea.fr\/wp-content\/uploads\/2014\/12\/IMG_0337r.jpg 600w\" sizes=\"(max-width: 300px) 100vw, 300px\" \/><\/a><\/p>\n<p>&nbsp;<\/p>\n<p>&nbsp;<\/p>\n<p>&nbsp;<\/p>\n<p>&nbsp;<\/p>\n<p>et am\u00e9nag\u00e9\u00a0des marches pour s\u00e9curiser<br \/>\nla descente vers le ruisseau.<br \/>\n<a href=\"https:\/\/cheminsplestinais.dcea.fr\/wp-content\/uploads\/2014\/12\/P1050038r.jpg\"><img loading=\"lazy\" decoding=\"async\" class=\"alignleft size-medium wp-image-735\" src=\"https:\/\/cheminsplestinais.dcea.fr\/wp-content\/uploads\/2014\/12\/P1050038r-225x300.jpg\" alt=\"P1050038r\" width=\"225\" height=\"300\" srcset=\"https:\/\/cheminsplestinais.dcea.fr\/wp-content\/uploads\/2014\/12\/P1050038r-225x300.jpg 225w, https:\/\/cheminsplestinais.dcea.fr\/wp-content\/uploads\/2014\/12\/P1050038r.jpg 450w\" sizes=\"(max-width: 225px) 100vw, 225px\" \/><\/a><\/p>\n<p>&nbsp;<\/p>\n<p>Dor\u00e9navant, la travers\u00e9e pourra s&rsquo;effectuer<br \/>\nen toute saison et en toute s\u00e9curit\u00e9.<\/p>\n<p><a href=\"https:\/\/cheminsplestinais.dcea.fr\/wp-content\/uploads\/2014\/12\/P1050037r.jpg\"><img loading=\"lazy\" decoding=\"async\" class=\"alignnone size-medium wp-image-734\" src=\"https:\/\/cheminsplestinais.dcea.fr\/wp-content\/uploads\/2014\/12\/P1050037r-300x225.jpg\" alt=\"P1050037r\" width=\"300\" height=\"225\" srcset=\"https:\/\/cheminsplestinais.dcea.fr\/wp-content\/uploads\/2014\/12\/P1050037r-300x225.jpg 300w, https:\/\/cheminsplestinais.dcea.fr\/wp-content\/uploads\/2014\/12\/P1050037r.jpg 600w\" sizes=\"(max-width: 300px) 100vw, 300px\" \/><\/a><\/p>\n<p style=\"text-align: center;\"><strong>Restez prudents malgr\u00e9 tout !<\/strong><\/p>\n","protected":false},"excerpt":{"rendered":"<p>Un des derniers chantiers de l&rsquo;ann\u00e9e 2014 a consist\u00e9 \u00e0 faciliter le passage du ruisseau\u00a0de Kermabusson, quasiment infranchissable quand le niveau de l&rsquo;eau monte. Un chemin de contournement de la propri\u00e9t\u00e9 a \u00e9t\u00e9 ouvert l&rsquo;an pass\u00e9 pour permettre de rejoindre le circuit de Ste-Barbe en partant du bourg de Plestin-les-Gr\u00e8ves. &#8230;&#8230;&#8230;&#8230;&#8230;&#8230;.. \u00a0 \u00a0\u00a0 Parking possible [&hellip;]<\/p>\n","protected":false},"author":1,"featured_media":0,"comment_status":"open","ping_status":"open","sticky":false,"template":"","format":"standard","meta":{"footnotes":""},"categories":[2],"tags":[],"_links":{"self":[{"href":"https:\/\/cheminsplestinais.dcea.fr\/index.php?rest_route=\/wp\/v2\/posts\/702"}],"collection":[{"href":"https:\/\/cheminsplestinais.dcea.fr\/index.php?rest_route=\/wp\/v2\/posts"}],"about":[{"href":"https:\/\/cheminsplestinais.dcea.fr\/index.php?rest_route=\/wp\/v2\/types\/post"}],"author":[{"embeddable":true,"href":"https:\/\/cheminsplestinais.dcea.fr\/index.php?rest_route=\/wp\/v2\/users\/1"}],"replies":[{"embeddable":true,"href":"https:\/\/cheminsplestinais.dcea.fr\/index.php?rest_route=%2Fwp%2Fv2%2Fcomments&post=702"}],"version-history":[{"count":31,"href":"https:\/\/cheminsplestinais.dcea.fr\/index.php?rest_route=\/wp\/v2\/posts\/702\/revisions"}],"predecessor-version":[{"id":743,"href":"https:\/\/cheminsplestinais.dcea.fr\/index.php?rest_route=\/wp\/v2\/posts\/702\/revisions\/743"}],"wp:attachment":[{"href":"https:\/\/cheminsplestinais.dcea.fr\/index.php?rest_route=%2Fwp%2Fv2%2Fmedia&parent=702"}],"wp:term":[{"taxonomy":"category","embeddable":true,"href":"https:\/\/cheminsplestinais.dcea.fr\/index.php?rest_route=%2Fwp%2Fv2%2Fcategories&post=702"},{"taxonomy":"post_tag","embeddable":true,"href":"https:\/\/cheminsplestinais.dcea.fr\/index.php?rest_route=%2Fwp%2Fv2%2Ftags&post=702"}],"curies":[{"name":"wp","href":"https:\/\/api.w.org\/{rel}","templated":true}]}}