{"id":7102,"date":"2020-07-13T08:04:05","date_gmt":"2020-07-13T07:04:05","guid":{"rendered":"http:\/\/cheminsplestinais.dcea.fr\/?p=7102"},"modified":"2020-07-14T06:43:26","modified_gmt":"2020-07-14T05:43:26","slug":"apres-ces-10-annees-a-vos-cotes","status":"publish","type":"post","link":"https:\/\/cheminsplestinais.dcea.fr\/?p=7102","title":{"rendered":"Apr\u00e8s ces 10 ann\u00e9es \u00e0 vos c\u00f4t\u00e9s&#8230;"},"content":{"rendered":"<pre class=\"moz-quote-pre\"><span style=\"color: #003300;\"><strong>N.B.<\/strong><\/span> : <span style=\"color: #003300;\"><em>Vous pouvez acc\u00e9der aux commentaires de cet <span style=\"color: #ffffff;\">.....<\/span> article en cliquant sous le titre<\/em><\/span>.<\/pre>\n<pre class=\"moz-quote-pre\"><a href=\"https:\/\/cheminsplestinais.dcea.fr\/wp-content\/uploads\/2020\/07\/eric-e1594623130700.jpg\"><img loading=\"lazy\" decoding=\"async\" class=\"alignright size-thumbnail wp-image-7059\" src=\"https:\/\/cheminsplestinais.dcea.fr\/wp-content\/uploads\/2020\/07\/eric-e1594623130700-150x150.jpg\" alt=\"\" width=\"150\" height=\"150\" srcset=\"https:\/\/cheminsplestinais.dcea.fr\/wp-content\/uploads\/2020\/07\/eric-e1594623130700-150x150.jpg 150w, https:\/\/cheminsplestinais.dcea.fr\/wp-content\/uploads\/2020\/07\/eric-e1594623130700-300x300.jpg 300w, https:\/\/cheminsplestinais.dcea.fr\/wp-content\/uploads\/2020\/07\/eric-e1594623130700.jpg 599w\" sizes=\"(max-width: 150px) 100vw, 150px\" \/><\/a>\r\nAmis du Bureau,\r\n\r\n    amis b\u00e9n\u00e9voles,\r\n\r\n         amis adh\u00e9rents.<\/pre>\n<p>Comme vous le savez tous, je ne suis pas un grand homme des discours !<\/p>\n<p>Mais je me dois aujourd\u2019hui, <span style=\"color: #000080;\"><strong>apr\u00e8s ces 10 ann\u00e9es \u00e0 vos c\u00f4t\u00e9s<\/strong><\/span>, de vous dire un petit mot et surtout vous remercier.<\/p>\n<p>C\u2019est avec un petit pincement au c\u0153ur mais une grande confiance aux successeurs, que je passe les r\u00eanes.<\/p>\n<p>En plus du travail que toute une \u00e9quipe a pu abattre chaque lundi matin, c\u2019est ensemble que nous avons d\u00e9cid\u00e9, rigol\u00e9, trinqu\u00e9.<\/p>\n<p>Je m\u2019aper\u00e7ois aujourd\u2019hui, gr\u00e2ce \u00e0 toutes vos attentions, que l\u2019association a f\u00e9d\u00e9r\u00e9 un groupe uni et a permis \u00e0 beaucoup d\u2019entre nous, une int\u00e9gration dans la vie plestinaise.<\/p>\n<p>De grands projets avec notamment l\u2019aide bien pr\u00e9cieuse de Marcel ont \u00e9t\u00e9 accomplis, quel que soit le temps, le lundi matin est dans l\u2019agenda de tous.<\/p>\n<p>Je ne cache pas qu\u2019il a fallu certaines fois jongler avec les caract\u00e8res . Certains se reconna\u00eetront dans les t\u00eates-en-l \u2019air, les grincheux, les perfectionnistes, les \u00e9gar\u00e9s, les blagueurs et animateurs du groupe et les autres\u2026 les discrets !<\/p>\n<p>Outre l\u2019investissement en plus du lundi quant \u00e0 la recherche de chantiers accessibles et agr\u00e9ables \u00e0 chacun d\u2019entre nous, je retire de ces 10 ann\u00e9es, un enseignement riche de connaissances et d\u2019\u00e9changes humains.<\/p>\n<p>Entre mes clients de la station U et le rassemblement de b\u00e9n\u00e9voles dans la cabine (passage oblig\u00e9) o\u00f9 je recueillais toutes sortes de dol\u00e9ances, c\u2019est le d\u00e9briefing du lundi et vos anecdotes qui nous ont tant li\u00e9 d\u2019amiti\u00e9.<\/p>\n<p>Nous avons tous, \u00e0 notre fa\u00e7on, pos\u00e9 une pierre \u00e0 l\u2019\u00e9difice mais l\u2019investissement de certains est incalculable. Je dois un grand merci et une grande reconnaissance \u00e0 Dominique Leno\u00ebl sans qui nous tournerions toujours en boucle dans les chemins \u00e0 d\u00e9faut de balisage. Soyez encore nombreux \u00e0 lui permettre de faire le lien entre tout le monde sur le blog.<\/p>\n<p>Un remerciement particulier \u00e0 notre tr\u00e9sorier, Alain, de nous accorder les nombreuses \u00ab d\u00e9penses de convivialit\u00e9 \u00bb, mais indispensables moments privil\u00e9gi\u00e9s bien m\u00e9rit\u00e9s.<\/p>\n<p>Autre membre important dans l\u2019Association, la secr\u00e9taire.<br \/>\nToujours \u00e0 mon \u00e9coute et disponible pour les envois de mail, doodle, compte-rendu, etc\u2026, c\u2019est toujours avec naturel que Marie-France et moi avons \u00e9chang\u00e9s quasiment au quotidien de toutes les petites histoires de l\u2019Association. Merci 1000 fois \u00e0 elle !<\/p>\n<p>Enfin, je terminerais par ceci : merci pour tous les excellents moments que nous avons, et allons encore partager sans oublier vos petits mots qui m\u2019ont touch\u00e9 avec le cadeau de d\u00e9part offert par vos bons soins lors de l\u2019Assembl\u00e9e G\u00e9n\u00e9rale chez Alain et Jocelyne.<\/p>\n<p>Au plaisir de se retrouver le lundi matin et sur nos chemins de randonn\u00e9e de Plestin, nous souhaitons \u00e0 l\u2019association, bon vent \u00e0 Gildas et toute l\u2019\u00e9quipe.<\/p>\n<p>Eric<\/p>\n<p>&nbsp;<\/p>\n","protected":false},"excerpt":{"rendered":"<p>N.B. : Vous pouvez acc\u00e9der aux commentaires de cet &#8230;.. article en cliquant sous le titre. Amis du Bureau, amis b\u00e9n\u00e9voles, amis adh\u00e9rents. Comme vous le savez tous, je ne suis pas un grand homme des discours ! Mais je me dois aujourd\u2019hui, apr\u00e8s ces 10 ann\u00e9es \u00e0 vos c\u00f4t\u00e9s, de vous dire un petit [&hellip;]<\/p>\n","protected":false},"author":1,"featured_media":0,"comment_status":"open","ping_status":"closed","sticky":false,"template":"","format":"standard","meta":{"footnotes":""},"categories":[7],"tags":[],"_links":{"self":[{"href":"https:\/\/cheminsplestinais.dcea.fr\/index.php?rest_route=\/wp\/v2\/posts\/7102"}],"collection":[{"href":"https:\/\/cheminsplestinais.dcea.fr\/index.php?rest_route=\/wp\/v2\/posts"}],"about":[{"href":"https:\/\/cheminsplestinais.dcea.fr\/index.php?rest_route=\/wp\/v2\/types\/post"}],"author":[{"embeddable":true,"href":"https:\/\/cheminsplestinais.dcea.fr\/index.php?rest_route=\/wp\/v2\/users\/1"}],"replies":[{"embeddable":true,"href":"https:\/\/cheminsplestinais.dcea.fr\/index.php?rest_route=%2Fwp%2Fv2%2Fcomments&post=7102"}],"version-history":[{"count":5,"href":"https:\/\/cheminsplestinais.dcea.fr\/index.php?rest_route=\/wp\/v2\/posts\/7102\/revisions"}],"predecessor-version":[{"id":7107,"href":"https:\/\/cheminsplestinais.dcea.fr\/index.php?rest_route=\/wp\/v2\/posts\/7102\/revisions\/7107"}],"wp:attachment":[{"href":"https:\/\/cheminsplestinais.dcea.fr\/index.php?rest_route=%2Fwp%2Fv2%2Fmedia&parent=7102"}],"wp:term":[{"taxonomy":"category","embeddable":true,"href":"https:\/\/cheminsplestinais.dcea.fr\/index.php?rest_route=%2Fwp%2Fv2%2Fcategories&post=7102"},{"taxonomy":"post_tag","embeddable":true,"href":"https:\/\/cheminsplestinais.dcea.fr\/index.php?rest_route=%2Fwp%2Fv2%2Ftags&post=7102"}],"curies":[{"name":"wp","href":"https:\/\/api.w.org\/{rel}","templated":true}]}}