{"id":7297,"date":"2020-12-18T14:30:06","date_gmt":"2020-12-18T13:30:06","guid":{"rendered":"http:\/\/cheminsplestinais.dcea.fr\/?p=7297"},"modified":"2020-12-18T14:30:06","modified_gmt":"2020-12-18T13:30:06","slug":"lannee-2020-sacheve","status":"publish","type":"post","link":"https:\/\/cheminsplestinais.dcea.fr\/?p=7297","title":{"rendered":"L&rsquo;ann\u00e9e 2020 s&rsquo;ach\u00e8ve&#8230;"},"content":{"rendered":"<p>&nbsp;<\/p>\n<p style=\"text-align: center;\"><span style=\"color: #003300;\">Aux adh\u00e9rents de notre association<br \/>\n\u00ab\u00a0Chemins Plestinais et Patrimoine\u00a0\u00bb<\/span><\/p>\n<p>L&rsquo;ann\u00e9e 2020 s&rsquo;ach\u00e8ve, ann\u00e9e particuli\u00e8re et in\u00e9dite pour tous. Notre association n&rsquo;a pas \u00e9chapp\u00e9 aux perturbations qui ont affect\u00e9 toute la vie de nos petites structures locales.<br \/>\n\u00ab\u00a0Dur dur\u00a0\u00bb de maintenir confin\u00e9s des personnes habitu\u00e9es aux retrouvailles des lundis matins en pleine nature !<\/p>\n<p>Mais d\u00e8s que cela a \u00e9t\u00e9 possible nous avons repris une activit\u00e9, certes un peu r\u00e9duite, en Juin et Juillet, puis de nouveau en d\u00e9but de rentr\u00e9e en respectant quelques mesures de distanciation.<\/p>\n<p><a href=\"https:\/\/cheminsplestinais.dcea.fr\/wp-content\/uploads\/2020\/12\/P1020329-r.jpg\"><img loading=\"lazy\" decoding=\"async\" class=\"alignleft size-medium wp-image-7305\" src=\"https:\/\/cheminsplestinais.dcea.fr\/wp-content\/uploads\/2020\/12\/P1020329-r-300x225.jpg\" alt=\"\" width=\"300\" height=\"225\" srcset=\"https:\/\/cheminsplestinais.dcea.fr\/wp-content\/uploads\/2020\/12\/P1020329-r-300x225.jpg 300w, https:\/\/cheminsplestinais.dcea.fr\/wp-content\/uploads\/2020\/12\/P1020329-r-768x576.jpg 768w, https:\/\/cheminsplestinais.dcea.fr\/wp-content\/uploads\/2020\/12\/P1020329-r-1024x768.jpg 1024w, https:\/\/cheminsplestinais.dcea.fr\/wp-content\/uploads\/2020\/12\/P1020329-r.jpg 1200w\" sizes=\"(max-width: 300px) 100vw, 300px\" \/><\/a><\/p>\n<p>Nous avons ainsi, entre autres chantiers, poursuivi la restauration du lavoir du Collogot<\/p>\n<p><a href=\"https:\/\/cheminsplestinais.dcea.fr\/wp-content\/uploads\/2020\/12\/collogot-9.jpg\"><img loading=\"lazy\" decoding=\"async\" class=\"alignnone size-medium wp-image-7304\" src=\"https:\/\/cheminsplestinais.dcea.fr\/wp-content\/uploads\/2020\/12\/collogot-9-300x169.jpg\" alt=\"\" width=\"300\" height=\"169\" srcset=\"https:\/\/cheminsplestinais.dcea.fr\/wp-content\/uploads\/2020\/12\/collogot-9-300x169.jpg 300w, https:\/\/cheminsplestinais.dcea.fr\/wp-content\/uploads\/2020\/12\/collogot-9-768x432.jpg 768w, https:\/\/cheminsplestinais.dcea.fr\/wp-content\/uploads\/2020\/12\/collogot-9-1024x576.jpg 1024w, https:\/\/cheminsplestinais.dcea.fr\/wp-content\/uploads\/2020\/12\/collogot-9.jpg 1648w\" sizes=\"(max-width: 300px) 100vw, 300px\" \/><\/a><\/p>\n<p style=\"padding-left: 30px;\"><span style=\"color: #ffffff;\">&#8230;..<\/span>et, \u00e0 l&rsquo;invitation des \u00e9lus de Tr\u00e9duder,\u00a0 nettoy\u00e9 leur\u00a0 fontaine et ses abords ( une pens\u00e9e pour leur Maire, Ren\u00e9 Piolot, qui nous a quitt\u00e9 depuis ).<\/p>\n<p><a href=\"https:\/\/cheminsplestinais.dcea.fr\/wp-content\/uploads\/2020\/12\/IMG_0041-r.jpg\"><img loading=\"lazy\" decoding=\"async\" class=\"aligncenter size-medium wp-image-7303\" src=\"https:\/\/cheminsplestinais.dcea.fr\/wp-content\/uploads\/2020\/12\/IMG_0041-r-300x225.jpg\" alt=\"\" width=\"300\" height=\"225\" srcset=\"https:\/\/cheminsplestinais.dcea.fr\/wp-content\/uploads\/2020\/12\/IMG_0041-r-300x225.jpg 300w, https:\/\/cheminsplestinais.dcea.fr\/wp-content\/uploads\/2020\/12\/IMG_0041-r-768x576.jpg 768w, https:\/\/cheminsplestinais.dcea.fr\/wp-content\/uploads\/2020\/12\/IMG_0041-r.jpg 1000w\" sizes=\"(max-width: 300px) 100vw, 300px\" \/><\/a><\/p>\n<p>Nous avons pu \u00e9galement nous retrouver \u00e0 deux reprises chez Jocelyne et Alain, pour notre assembl\u00e9e g\u00e9n\u00e9rale le 29 Juin<br \/>\npuis pour le CA le 2 Juillet.<\/p>\n<p><a href=\"https:\/\/cheminsplestinais.dcea.fr\/wp-content\/uploads\/2020\/12\/P1020344-r.jpg\"><img loading=\"lazy\" decoding=\"async\" class=\"alignleft size-medium wp-image-7301\" src=\"https:\/\/cheminsplestinais.dcea.fr\/wp-content\/uploads\/2020\/12\/P1020344-r-300x225.jpg\" alt=\"\" width=\"300\" height=\"225\" srcset=\"https:\/\/cheminsplestinais.dcea.fr\/wp-content\/uploads\/2020\/12\/P1020344-r-300x225.jpg 300w, https:\/\/cheminsplestinais.dcea.fr\/wp-content\/uploads\/2020\/12\/P1020344-r-768x576.jpg 768w, https:\/\/cheminsplestinais.dcea.fr\/wp-content\/uploads\/2020\/12\/P1020344-r-1024x768.jpg 1024w, https:\/\/cheminsplestinais.dcea.fr\/wp-content\/uploads\/2020\/12\/P1020344-r.jpg 1200w\" sizes=\"(max-width: 300px) 100vw, 300px\" \/><\/a>C&rsquo;est \u00e0 cette occasion que j&rsquo;ai \u00a0\u00bb h\u00e9rit\u00e9\u00a0\u00bb de la lourde t\u00e2che de remplacer notre vaillant Pr\u00e9sident Eric, qui, apr\u00e8s 10 ans d&rsquo;un travail colossal, a fait valoir ses droits \u00e0 la retraite ! Merci \u00e0 lui pour le travail accompli avec son \u00e9quipe.<\/p>\n<p style=\"text-align: right;\">Nous avons accueilli de nouvelles personnes au\u00a0 sein\u00a0 du\u00a0 CA\u00a0 et du bureau, bien d\u00e9cid\u00e9es \u00e0 s&rsquo;investir\u00a0 dans\u00a0 l&rsquo;association\u00a0 et\u00a0 qui prennent d\u00e9j\u00e0 leurs marques dans les diff\u00e9rents postes \u00e0 mes c\u00f4t\u00e9s.<\/p>\n<p><a href=\"https:\/\/cheminsplestinais.dcea.fr\/wp-content\/uploads\/2020\/12\/P1020609-r.jpg\"><img loading=\"lazy\" decoding=\"async\" class=\"alignright size-medium wp-image-7302\" src=\"https:\/\/cheminsplestinais.dcea.fr\/wp-content\/uploads\/2020\/12\/P1020609-r-300x225.jpg\" alt=\"\" width=\"300\" height=\"225\" srcset=\"https:\/\/cheminsplestinais.dcea.fr\/wp-content\/uploads\/2020\/12\/P1020609-r-300x225.jpg 300w, https:\/\/cheminsplestinais.dcea.fr\/wp-content\/uploads\/2020\/12\/P1020609-r-768x576.jpg 768w, https:\/\/cheminsplestinais.dcea.fr\/wp-content\/uploads\/2020\/12\/P1020609-r-1024x768.jpg 1024w, https:\/\/cheminsplestinais.dcea.fr\/wp-content\/uploads\/2020\/12\/P1020609-r.jpg 1200w\" sizes=\"(max-width: 300px) 100vw, 300px\" \/><\/a><span style=\"color: #ffffff;\">.<\/span><\/p>\n<p>M\u00eame si nous ne sommes pas pr\u00e9sents sur nos chantiers nous pr\u00e9parons le futur : poursuite de l&rsquo;am\u00e9nagement du local attribu\u00e9 par la Mairie,<\/p>\n<p>recherche d&rsquo;un nouvel assureur et r\u00e9flexion sur notre contrat, r\u00e9daction des conventions de passage, travail de la commission balisage et commande de panneaux&#8230;<\/p>\n<p><a href=\"https:\/\/cheminsplestinais.dcea.fr\/wp-content\/uploads\/2020\/12\/P1020535r.jpg\"><img loading=\"lazy\" decoding=\"async\" class=\"alignnone wp-image-7329\" src=\"https:\/\/cheminsplestinais.dcea.fr\/wp-content\/uploads\/2020\/12\/P1020535r-300x225.jpg\" alt=\"\" width=\"200\" height=\"150\" srcset=\"https:\/\/cheminsplestinais.dcea.fr\/wp-content\/uploads\/2020\/12\/P1020535r-300x225.jpg 300w, https:\/\/cheminsplestinais.dcea.fr\/wp-content\/uploads\/2020\/12\/P1020535r-768x576.jpg 768w, https:\/\/cheminsplestinais.dcea.fr\/wp-content\/uploads\/2020\/12\/P1020535r.jpg 1000w\" sizes=\"(max-width: 200px) 100vw, 200px\" \/><\/a>\u00a0 \u00a0<a href=\"https:\/\/cheminsplestinais.dcea.fr\/wp-content\/uploads\/2020\/12\/Capture.jpg\"><img loading=\"lazy\" decoding=\"async\" class=\"alignnone wp-image-7328\" src=\"https:\/\/cheminsplestinais.dcea.fr\/wp-content\/uploads\/2020\/12\/Capture-300x167.jpg\" alt=\"\" width=\"250\" height=\"139\" srcset=\"https:\/\/cheminsplestinais.dcea.fr\/wp-content\/uploads\/2020\/12\/Capture-300x167.jpg 300w, https:\/\/cheminsplestinais.dcea.fr\/wp-content\/uploads\/2020\/12\/Capture.jpg 470w\" sizes=\"(max-width: 250px) 100vw, 250px\" \/><\/a><\/p>\n<p style=\"padding-left: 30px;\">Nous allons d\u00e9sormais laisser passer la p\u00e9riode des f\u00eates et l&rsquo;incertitude sur les conditions et la date de la reprise de nos activit\u00e9s et attendre de se revoir \u00e0 nouveau sur le terrain.<\/p>\n<p>En cette fin d&rsquo;ann\u00e9e, je vous souhaite \u00e0 tous de passer de bons<br \/>\net merveilleux moments, pr\u00e8s de vos proches ( pas trop pr\u00e8s<br \/>\nquand m\u00eame !) et tout le bonheur pour cette nouvelle ann\u00e9e.<\/p>\n<p>Gildas, votre Pr\u00e9sident<\/p>\n","protected":false},"excerpt":{"rendered":"<p>&nbsp; Aux adh\u00e9rents de notre association \u00ab\u00a0Chemins Plestinais et Patrimoine\u00a0\u00bb L&rsquo;ann\u00e9e 2020 s&rsquo;ach\u00e8ve, ann\u00e9e particuli\u00e8re et in\u00e9dite pour tous. Notre association n&rsquo;a pas \u00e9chapp\u00e9 aux perturbations qui ont affect\u00e9 toute la vie de nos petites structures locales. \u00ab\u00a0Dur dur\u00a0\u00bb de maintenir confin\u00e9s des personnes habitu\u00e9es aux retrouvailles des lundis matins en pleine nature ! Mais [&hellip;]<\/p>\n","protected":false},"author":1,"featured_media":0,"comment_status":"open","ping_status":"closed","sticky":false,"template":"","format":"standard","meta":{"footnotes":""},"categories":[7],"tags":[],"_links":{"self":[{"href":"https:\/\/cheminsplestinais.dcea.fr\/index.php?rest_route=\/wp\/v2\/posts\/7297"}],"collection":[{"href":"https:\/\/cheminsplestinais.dcea.fr\/index.php?rest_route=\/wp\/v2\/posts"}],"about":[{"href":"https:\/\/cheminsplestinais.dcea.fr\/index.php?rest_route=\/wp\/v2\/types\/post"}],"author":[{"embeddable":true,"href":"https:\/\/cheminsplestinais.dcea.fr\/index.php?rest_route=\/wp\/v2\/users\/1"}],"replies":[{"embeddable":true,"href":"https:\/\/cheminsplestinais.dcea.fr\/index.php?rest_route=%2Fwp%2Fv2%2Fcomments&post=7297"}],"version-history":[{"count":38,"href":"https:\/\/cheminsplestinais.dcea.fr\/index.php?rest_route=\/wp\/v2\/posts\/7297\/revisions"}],"predecessor-version":[{"id":7343,"href":"https:\/\/cheminsplestinais.dcea.fr\/index.php?rest_route=\/wp\/v2\/posts\/7297\/revisions\/7343"}],"wp:attachment":[{"href":"https:\/\/cheminsplestinais.dcea.fr\/index.php?rest_route=%2Fwp%2Fv2%2Fmedia&parent=7297"}],"wp:term":[{"taxonomy":"category","embeddable":true,"href":"https:\/\/cheminsplestinais.dcea.fr\/index.php?rest_route=%2Fwp%2Fv2%2Fcategories&post=7297"},{"taxonomy":"post_tag","embeddable":true,"href":"https:\/\/cheminsplestinais.dcea.fr\/index.php?rest_route=%2Fwp%2Fv2%2Ftags&post=7297"}],"curies":[{"name":"wp","href":"https:\/\/api.w.org\/{rel}","templated":true}]}}