{"id":7355,"date":"2021-02-23T14:14:16","date_gmt":"2021-02-23T13:14:16","guid":{"rendered":"http:\/\/cheminsplestinais.dcea.fr\/?p=7355"},"modified":"2021-02-23T14:35:33","modified_gmt":"2021-02-23T13:35:33","slug":"nous-travaillons-pour-lavenir","status":"publish","type":"post","link":"https:\/\/cheminsplestinais.dcea.fr\/?p=7355","title":{"rendered":"Nous travaillons pour l&rsquo;avenir"},"content":{"rendered":"<p>Alors que beaucoup d&rsquo;activit\u00e9s de loisirs sont suspendues en cette p\u00e9riode de COVID, les b\u00e9n\u00e9voles \u00ab\u00a0actifs\u00a0\u00bb des Chemins Plestinais, qui s&rsquo;expriment en pleine nature, ont le privil\u00e8ge de pouvoir continuer.<\/p>\n<p>En ce d\u00e9but d&rsquo;ann\u00e9e nous avons remis notre ouvrage sur le m\u00e9tier.<br \/>\nPrincipalement 2 secteurs o\u00f9 nous avions d\u00e9j\u00e0 travaill\u00e9 en 2020 :<\/p>\n<ul>\n<li>Le lieu-dit <strong><span style=\"color: #800000;\">Collogot<\/span><\/strong>, sur la route\u00a0 de Tremel \u00e0 Saint-S\u00e9bastien<\/li>\n<\/ul>\n<p><a href=\"https:\/\/cheminsplestinais.dcea.fr\/wp-content\/uploads\/2021\/02\/P1020696.jpg\"><img loading=\"lazy\" decoding=\"async\" class=\"alignleft size-medium wp-image-7370\" src=\"https:\/\/cheminsplestinais.dcea.fr\/wp-content\/uploads\/2021\/02\/P1020696-300x225.jpg\" alt=\"\" width=\"300\" height=\"225\" srcset=\"https:\/\/cheminsplestinais.dcea.fr\/wp-content\/uploads\/2021\/02\/P1020696-300x225.jpg 300w, https:\/\/cheminsplestinais.dcea.fr\/wp-content\/uploads\/2021\/02\/P1020696-768x576.jpg 768w, https:\/\/cheminsplestinais.dcea.fr\/wp-content\/uploads\/2021\/02\/P1020696.jpg 800w\" sizes=\"(max-width: 300px) 100vw, 300px\" \/><\/a>\u00a0Nous avons d\u00e9j\u00e0 bien r\u00e9nov\u00e9 l&rsquo;ancien<br \/>\nlavoir, ainsi qu&rsquo;un muret et une fontaine<br \/>\nsitu\u00e9s \u00e0 proximit\u00e9.<\/p>\n<p><a href=\"https:\/\/cheminsplestinais.dcea.fr\/wp-content\/uploads\/2021\/02\/20210201_104503.jpg\"><img loading=\"lazy\" decoding=\"async\" class=\"alignright size-medium wp-image-7360\" src=\"https:\/\/cheminsplestinais.dcea.fr\/wp-content\/uploads\/2021\/02\/20210201_104503-225x300.jpg\" alt=\"\" width=\"225\" height=\"300\" srcset=\"https:\/\/cheminsplestinais.dcea.fr\/wp-content\/uploads\/2021\/02\/20210201_104503-225x300.jpg 225w, https:\/\/cheminsplestinais.dcea.fr\/wp-content\/uploads\/2021\/02\/20210201_104503.jpg 450w\" sizes=\"(max-width: 225px) 100vw, 225px\" \/><\/a>\u00a0<span style=\"color: #ffffff;\">.<\/span><\/p>\n<p><span style=\"color: #ffffff;\">.<\/span><\/p>\n<p>Pour rendre le lieu encore plus attractif, nous nous lan\u00e7ons maintenant dans la cr\u00e9ation d&rsquo;une nouvelle fontaine<br \/>\nen amont du lavoir, profitant de la r\u00e9surgence d&rsquo;une source.<\/p>\n<p>Pour mener \u00e0 bien notre projet, nous avons besoin<br \/>\nde nouvelles pierres. Nous profitons de l&rsquo;aimable proposition d&rsquo;une amie des Chemins Plestinais.<\/p>\n<p><a href=\"https:\/\/cheminsplestinais.dcea.fr\/wp-content\/uploads\/2021\/02\/IMG_0074.jpg\"><img loading=\"lazy\" decoding=\"async\" class=\"alignleft size-medium wp-image-7365\" src=\"https:\/\/cheminsplestinais.dcea.fr\/wp-content\/uploads\/2021\/02\/IMG_0074-300x225.jpg\" alt=\"\" width=\"300\" height=\"225\" srcset=\"https:\/\/cheminsplestinais.dcea.fr\/wp-content\/uploads\/2021\/02\/IMG_0074-300x225.jpg 300w, https:\/\/cheminsplestinais.dcea.fr\/wp-content\/uploads\/2021\/02\/IMG_0074-768x576.jpg 768w, https:\/\/cheminsplestinais.dcea.fr\/wp-content\/uploads\/2021\/02\/IMG_0074.jpg 800w\" sizes=\"(max-width: 300px) 100vw, 300px\" \/><\/a><a href=\"https:\/\/cheminsplestinais.dcea.fr\/wp-content\/uploads\/2021\/02\/IMG_0084.jpg\"><img loading=\"lazy\" decoding=\"async\" class=\"alignnone size-medium wp-image-7366\" src=\"https:\/\/cheminsplestinais.dcea.fr\/wp-content\/uploads\/2021\/02\/IMG_0084-300x225.jpg\" alt=\"\" width=\"300\" height=\"225\" srcset=\"https:\/\/cheminsplestinais.dcea.fr\/wp-content\/uploads\/2021\/02\/IMG_0084-300x225.jpg 300w, https:\/\/cheminsplestinais.dcea.fr\/wp-content\/uploads\/2021\/02\/IMG_0084-768x576.jpg 768w, https:\/\/cheminsplestinais.dcea.fr\/wp-content\/uploads\/2021\/02\/IMG_0084.jpg 800w\" sizes=\"(max-width: 300px) 100vw, 300px\" \/><\/a><\/p>\n<p><a href=\"https:\/\/cheminsplestinais.dcea.fr\/wp-content\/uploads\/2021\/02\/IMG_0093.jpg\"><img loading=\"lazy\" decoding=\"async\" class=\"alignright size-medium wp-image-7368\" src=\"https:\/\/cheminsplestinais.dcea.fr\/wp-content\/uploads\/2021\/02\/IMG_0093-225x300.jpg\" alt=\"\" width=\"225\" height=\"300\" srcset=\"https:\/\/cheminsplestinais.dcea.fr\/wp-content\/uploads\/2021\/02\/IMG_0093-225x300.jpg 225w, https:\/\/cheminsplestinais.dcea.fr\/wp-content\/uploads\/2021\/02\/IMG_0093.jpg 450w\" sizes=\"(max-width: 225px) 100vw, 225px\" \/><\/a>Bien entendu, c&rsquo;est \u00e0 nous qu&rsquo;il revient de proc\u00e9der<br \/>\n\u00e0 la d\u00e9molition.<\/p>\n<p>L&rsquo;op\u00e9ration se r\u00e9v\u00e8le assez p\u00e9rilleuse et fatigante.<\/p>\n<p><a href=\"https:\/\/cheminsplestinais.dcea.fr\/wp-content\/uploads\/2021\/02\/IMG_0085.jpg\"><img loading=\"lazy\" decoding=\"async\" class=\"alignnone size-medium wp-image-7367\" src=\"https:\/\/cheminsplestinais.dcea.fr\/wp-content\/uploads\/2021\/02\/IMG_0085-300x225.jpg\" alt=\"\" width=\"300\" height=\"225\" srcset=\"https:\/\/cheminsplestinais.dcea.fr\/wp-content\/uploads\/2021\/02\/IMG_0085-300x225.jpg 300w, https:\/\/cheminsplestinais.dcea.fr\/wp-content\/uploads\/2021\/02\/IMG_0085-768x576.jpg 768w, https:\/\/cheminsplestinais.dcea.fr\/wp-content\/uploads\/2021\/02\/IMG_0085.jpg 800w\" sizes=\"(max-width: 300px) 100vw, 300px\" \/><\/a><\/p>\n<p style=\"text-align: center;\">Les pierres sont ensuite remorqu\u00e9es jusque sur le chantier<\/p>\n<p><a href=\"https:\/\/cheminsplestinais.dcea.fr\/wp-content\/uploads\/2021\/02\/vlcsnap-2021-02-23-11h47m59s241.jpg\"><img loading=\"lazy\" decoding=\"async\" class=\"aligncenter wp-image-7371\" src=\"https:\/\/cheminsplestinais.dcea.fr\/wp-content\/uploads\/2021\/02\/vlcsnap-2021-02-23-11h47m59s241.jpg\" alt=\"\" width=\"500\" height=\"281\" srcset=\"https:\/\/cheminsplestinais.dcea.fr\/wp-content\/uploads\/2021\/02\/vlcsnap-2021-02-23-11h47m59s241.jpg 800w, https:\/\/cheminsplestinais.dcea.fr\/wp-content\/uploads\/2021\/02\/vlcsnap-2021-02-23-11h47m59s241-300x169.jpg 300w, https:\/\/cheminsplestinais.dcea.fr\/wp-content\/uploads\/2021\/02\/vlcsnap-2021-02-23-11h47m59s241-768x432.jpg 768w\" sizes=\"(max-width: 500px) 100vw, 500px\" \/><\/a><\/p>\n<p style=\"text-align: right;\">o\u00f9 nous proc\u00e9dons \u00e0 des essais de positionnement des pierres.<\/p>\n<p style=\"text-align: left;\">Le chantier ne fait que commencer. Mais nous esp\u00e9rons qu&rsquo;aux beaux jours, nous pourrons accueillir des promeneurs dans un cadre\u00a0pittoresque.<\/p>\n<ul>\n<li style=\"text-align: left;\">Autre projet en cours : ouverture d&rsquo;un nouveau chemin \u00e0 l&rsquo;est<br \/>\nde Plestin, pr\u00e8s du lieu-dit <span style=\"color: #800000;\"><strong>Le Rest<\/strong><\/span>.<\/li>\n<\/ul>\n<p>Cette ouverture permettra \u00e0 terme de relier diverses boucles de randonn\u00e9es de la commune : Ste-Barbe, St-Efflam, St-S\u00e9bastien<br \/>\net St-Roch.<\/p>\n<p><a href=\"https:\/\/cheminsplestinais.dcea.fr\/wp-content\/uploads\/2021\/02\/DSCF1118.jpg\"><img loading=\"lazy\" decoding=\"async\" class=\"alignleft size-medium wp-image-7364\" src=\"https:\/\/cheminsplestinais.dcea.fr\/wp-content\/uploads\/2021\/02\/DSCF1118-300x238.jpg\" alt=\"\" width=\"300\" height=\"238\" srcset=\"https:\/\/cheminsplestinais.dcea.fr\/wp-content\/uploads\/2021\/02\/DSCF1118-300x238.jpg 300w, https:\/\/cheminsplestinais.dcea.fr\/wp-content\/uploads\/2021\/02\/DSCF1118.jpg 709w\" sizes=\"(max-width: 300px) 100vw, 300px\" \/><\/a>Ce chantier\u00a0 n\u00e9cessite un gros travail<br \/>\nde d\u00e9frichement et d&rsquo;assainissement<\/p>\n<p><a href=\"https:\/\/cheminsplestinais.dcea.fr\/wp-content\/uploads\/2021\/02\/DSCF1112.jpg\"><img loading=\"lazy\" decoding=\"async\" class=\"size-medium wp-image-7363 alignnone\" src=\"https:\/\/cheminsplestinais.dcea.fr\/wp-content\/uploads\/2021\/02\/DSCF1112-300x225.jpg\" alt=\"\" width=\"300\" height=\"225\" srcset=\"https:\/\/cheminsplestinais.dcea.fr\/wp-content\/uploads\/2021\/02\/DSCF1112-300x225.jpg 300w, https:\/\/cheminsplestinais.dcea.fr\/wp-content\/uploads\/2021\/02\/DSCF1112-768x576.jpg 768w, https:\/\/cheminsplestinais.dcea.fr\/wp-content\/uploads\/2021\/02\/DSCF1112.jpg 800w\" sizes=\"(max-width: 300px) 100vw, 300px\" \/><\/a><\/p>\n<p>Il nous r\u00e9serve parfois de bonnes surprises, comme la d\u00e9couverte d&rsquo;un nouveau lavoir enfoui sous la v\u00e9g\u00e9tation.<br \/>\nD\u00e9cidemment notre sp\u00e9cialit\u00e9 !<\/p>\n<p><a href=\"https:\/\/cheminsplestinais.dcea.fr\/wp-content\/uploads\/2021\/02\/DSCF1105.jpg\"><img loading=\"lazy\" decoding=\"async\" class=\"size-medium wp-image-7361 alignnone\" src=\"https:\/\/cheminsplestinais.dcea.fr\/wp-content\/uploads\/2021\/02\/DSCF1105-300x225.jpg\" alt=\"\" width=\"300\" height=\"225\" srcset=\"https:\/\/cheminsplestinais.dcea.fr\/wp-content\/uploads\/2021\/02\/DSCF1105-300x225.jpg 300w, https:\/\/cheminsplestinais.dcea.fr\/wp-content\/uploads\/2021\/02\/DSCF1105-768x576.jpg 768w, https:\/\/cheminsplestinais.dcea.fr\/wp-content\/uploads\/2021\/02\/DSCF1105.jpg 800w\" sizes=\"(max-width: 300px) 100vw, 300px\" \/><\/a><a href=\"https:\/\/cheminsplestinais.dcea.fr\/wp-content\/uploads\/2021\/02\/IMG_0097.jpg\"><img loading=\"lazy\" decoding=\"async\" class=\"wp-image-7369 size-medium alignright\" src=\"https:\/\/cheminsplestinais.dcea.fr\/wp-content\/uploads\/2021\/02\/IMG_0097-300x225.jpg\" alt=\"\" width=\"300\" height=\"225\" srcset=\"https:\/\/cheminsplestinais.dcea.fr\/wp-content\/uploads\/2021\/02\/IMG_0097-300x225.jpg 300w, https:\/\/cheminsplestinais.dcea.fr\/wp-content\/uploads\/2021\/02\/IMG_0097-768x576.jpg 768w, https:\/\/cheminsplestinais.dcea.fr\/wp-content\/uploads\/2021\/02\/IMG_0097.jpg 800w\" sizes=\"(max-width: 300px) 100vw, 300px\" \/><\/a><\/p>\n<p>L\u00e0 encore, il faudra s&rsquo;armer de patience pour pouvoir cheminer<br \/>\nle long de ces nouveaux sentiers.<\/p>\n<p>Mais nous travaillons pour l&rsquo;avenir &#8230;<br \/>\ntout en y prenant beaucoup de plaisir !<\/p>\n","protected":false},"excerpt":{"rendered":"<p>Alors que beaucoup d&rsquo;activit\u00e9s de loisirs sont suspendues en cette p\u00e9riode de COVID, les b\u00e9n\u00e9voles \u00ab\u00a0actifs\u00a0\u00bb des Chemins Plestinais, qui s&rsquo;expriment en pleine nature, ont le privil\u00e8ge de pouvoir continuer. En ce d\u00e9but d&rsquo;ann\u00e9e nous avons remis notre ouvrage sur le m\u00e9tier. Principalement 2 secteurs o\u00f9 nous avions d\u00e9j\u00e0 travaill\u00e9 en 2020 : Le lieu-dit [&hellip;]<\/p>\n","protected":false},"author":1,"featured_media":0,"comment_status":"open","ping_status":"closed","sticky":false,"template":"","format":"standard","meta":{"footnotes":""},"categories":[2],"tags":[],"_links":{"self":[{"href":"https:\/\/cheminsplestinais.dcea.fr\/index.php?rest_route=\/wp\/v2\/posts\/7355"}],"collection":[{"href":"https:\/\/cheminsplestinais.dcea.fr\/index.php?rest_route=\/wp\/v2\/posts"}],"about":[{"href":"https:\/\/cheminsplestinais.dcea.fr\/index.php?rest_route=\/wp\/v2\/types\/post"}],"author":[{"embeddable":true,"href":"https:\/\/cheminsplestinais.dcea.fr\/index.php?rest_route=\/wp\/v2\/users\/1"}],"replies":[{"embeddable":true,"href":"https:\/\/cheminsplestinais.dcea.fr\/index.php?rest_route=%2Fwp%2Fv2%2Fcomments&post=7355"}],"version-history":[{"count":37,"href":"https:\/\/cheminsplestinais.dcea.fr\/index.php?rest_route=\/wp\/v2\/posts\/7355\/revisions"}],"predecessor-version":[{"id":7404,"href":"https:\/\/cheminsplestinais.dcea.fr\/index.php?rest_route=\/wp\/v2\/posts\/7355\/revisions\/7404"}],"wp:attachment":[{"href":"https:\/\/cheminsplestinais.dcea.fr\/index.php?rest_route=%2Fwp%2Fv2%2Fmedia&parent=7355"}],"wp:term":[{"taxonomy":"category","embeddable":true,"href":"https:\/\/cheminsplestinais.dcea.fr\/index.php?rest_route=%2Fwp%2Fv2%2Fcategories&post=7355"},{"taxonomy":"post_tag","embeddable":true,"href":"https:\/\/cheminsplestinais.dcea.fr\/index.php?rest_route=%2Fwp%2Fv2%2Ftags&post=7355"}],"curies":[{"name":"wp","href":"https:\/\/api.w.org\/{rel}","templated":true}]}}