{"id":7806,"date":"2021-06-07T18:13:17","date_gmt":"2021-06-07T17:13:17","guid":{"rendered":"http:\/\/cheminsplestinais.dcea.fr\/?p=7806"},"modified":"2021-06-07T18:13:17","modified_gmt":"2021-06-07T17:13:17","slug":"de-nouveaux-panneaux-a-an-dour-meur","status":"publish","type":"post","link":"https:\/\/cheminsplestinais.dcea.fr\/?p=7806","title":{"rendered":"DE NOUVEAUX PANNEAUX A AN DOUR MEUR"},"content":{"rendered":"<p><img loading=\"lazy\" decoding=\"async\" class=\"alignright size-medium wp-image-7805\" src=\"https:\/\/cheminsplestinais.dcea.fr\/wp-content\/uploads\/2021\/06\/P1020788-300x225.jpg\" alt=\"\" width=\"300\" height=\"225\" srcset=\"https:\/\/cheminsplestinais.dcea.fr\/wp-content\/uploads\/2021\/06\/P1020788-300x225.jpg 300w, https:\/\/cheminsplestinais.dcea.fr\/wp-content\/uploads\/2021\/06\/P1020788-768x576.jpg 768w, https:\/\/cheminsplestinais.dcea.fr\/wp-content\/uploads\/2021\/06\/P1020788.jpg 800w\" sizes=\"(max-width: 300px) 100vw, 300px\" \/><\/p>\n<p>&nbsp;<\/p>\n<p>Le 10 Mai dernier, quelques repr\u00e9sentants de notre association, les \u00e9lus et le responsable des services techniques ont proc\u00e9d\u00e9 \u00e0 une petite \u00ab\u00a0inauguration\u00a0\u00bb de nouveaux panneaux informatifs sur le site d&rsquo;An Dour Meur.<\/p>\n<p>&nbsp;<\/p>\n<p><img loading=\"lazy\" decoding=\"async\" class=\"alignleft wp-image-7804 size-medium\" src=\"https:\/\/cheminsplestinais.dcea.fr\/wp-content\/uploads\/2021\/06\/DSC_0079-300x169.jpg\" alt=\"\" width=\"300\" height=\"169\" srcset=\"https:\/\/cheminsplestinais.dcea.fr\/wp-content\/uploads\/2021\/06\/DSC_0079-300x169.jpg 300w, https:\/\/cheminsplestinais.dcea.fr\/wp-content\/uploads\/2021\/06\/DSC_0079-768x432.jpg 768w, https:\/\/cheminsplestinais.dcea.fr\/wp-content\/uploads\/2021\/06\/DSC_0079.jpg 800w\" sizes=\"(max-width: 300px) 100vw, 300px\" \/><\/p>\n<p>&nbsp;<\/p>\n<p>L&rsquo;un des deux grands panneaux pr\u00e9sente les circuits ouverts et entretenus par les Chemins Plestinais.<\/p>\n<p>&nbsp;<\/p>\n<p>&nbsp;<\/p>\n<p>Ce projet lanc\u00e9 par la pr\u00e9c\u00e9dente \u00e9quipe se concr\u00e9tise aujourd&rsquo;hui et est une formidable vitrine pour notre travail en incitant les promeneurs \u00e0 venir d\u00e9couvrir nos 110 km de circuits !<br \/>\nLe deuxi\u00e8me panneau, quant \u00e0 lui, d\u00e9crit le site d&rsquo;An Dour Meur et les am\u00e9nagements r\u00e9alis\u00e9s par la municipalit\u00e9.<br \/>\n<img loading=\"lazy\" decoding=\"async\" class=\"alignright size-medium wp-image-7577\" src=\"https:\/\/cheminsplestinais.dcea.fr\/wp-content\/uploads\/2021\/05\/Panneau-petit-train-300x213.jpg\" alt=\"\" width=\"300\" height=\"213\" srcset=\"https:\/\/cheminsplestinais.dcea.fr\/wp-content\/uploads\/2021\/05\/Panneau-petit-train-300x213.jpg 300w, https:\/\/cheminsplestinais.dcea.fr\/wp-content\/uploads\/2021\/05\/Panneau-petit-train-768x546.jpg 768w, https:\/\/cheminsplestinais.dcea.fr\/wp-content\/uploads\/2021\/05\/Panneau-petit-train-1024x728.jpg 1024w, https:\/\/cheminsplestinais.dcea.fr\/wp-content\/uploads\/2021\/05\/Panneau-petit-train.jpg 1123w\" sizes=\"(max-width: 300px) 100vw, 300px\" \/><\/p>\n<p>Pr\u00e8s du petit pont de Keranauffret nous avons souhait\u00e9 concevoir et installer un petit panneau explicatif rappelant aux promeneurs qu&rsquo;\u00e0 cet endroit passait autrefois le train reliant Lannion \u00e0 Morlaix via Pont Menou. La portion de voie passant sur ce pont a \u00e9t\u00e9 emprunt\u00e9e de 1914 \u00e0 1931.<\/p>\n<p>&nbsp;<\/p>\n<p><img loading=\"lazy\" decoding=\"async\" class=\"alignleft size-medium wp-image-7803\" src=\"https:\/\/cheminsplestinais.dcea.fr\/wp-content\/uploads\/2021\/06\/P1020838-300x225.jpg\" alt=\"\" width=\"300\" height=\"225\" srcset=\"https:\/\/cheminsplestinais.dcea.fr\/wp-content\/uploads\/2021\/06\/P1020838-300x225.jpg 300w, https:\/\/cheminsplestinais.dcea.fr\/wp-content\/uploads\/2021\/06\/P1020838-768x576.jpg 768w, https:\/\/cheminsplestinais.dcea.fr\/wp-content\/uploads\/2021\/06\/P1020838.jpg 800w\" sizes=\"(max-width: 300px) 100vw, 300px\" \/><\/p>\n<p>&nbsp;<\/p>\n<p>&nbsp;<\/p>\n<p>Une partie de l&rsquo;\u00e9quipe de balisage en compagnie du Pr\u00e9sident<\/p>\n<p>&nbsp;<\/p>\n<p>&nbsp;<\/p>\n<p>&nbsp;<\/p>\n<p><em>Article r\u00e9dig\u00e9 par Gildas LE TROADEC, pr\u00e9sident<\/em><\/p>\n","protected":false},"excerpt":{"rendered":"<p>&nbsp; Le 10 Mai dernier, quelques repr\u00e9sentants de notre association, les \u00e9lus et le responsable des services techniques ont proc\u00e9d\u00e9 \u00e0 une petite \u00ab\u00a0inauguration\u00a0\u00bb de nouveaux panneaux informatifs sur le site d&rsquo;An Dour Meur. &nbsp; &nbsp; L&rsquo;un des deux grands panneaux pr\u00e9sente les circuits ouverts et entretenus par les Chemins Plestinais. &nbsp; &nbsp; Ce projet [&hellip;]<\/p>\n","protected":false},"author":6,"featured_media":0,"comment_status":"open","ping_status":"closed","sticky":false,"template":"","format":"standard","meta":{"footnotes":""},"categories":[7],"tags":[],"_links":{"self":[{"href":"https:\/\/cheminsplestinais.dcea.fr\/index.php?rest_route=\/wp\/v2\/posts\/7806"}],"collection":[{"href":"https:\/\/cheminsplestinais.dcea.fr\/index.php?rest_route=\/wp\/v2\/posts"}],"about":[{"href":"https:\/\/cheminsplestinais.dcea.fr\/index.php?rest_route=\/wp\/v2\/types\/post"}],"author":[{"embeddable":true,"href":"https:\/\/cheminsplestinais.dcea.fr\/index.php?rest_route=\/wp\/v2\/users\/6"}],"replies":[{"embeddable":true,"href":"https:\/\/cheminsplestinais.dcea.fr\/index.php?rest_route=%2Fwp%2Fv2%2Fcomments&post=7806"}],"version-history":[{"count":26,"href":"https:\/\/cheminsplestinais.dcea.fr\/index.php?rest_route=\/wp\/v2\/posts\/7806\/revisions"}],"predecessor-version":[{"id":7832,"href":"https:\/\/cheminsplestinais.dcea.fr\/index.php?rest_route=\/wp\/v2\/posts\/7806\/revisions\/7832"}],"wp:attachment":[{"href":"https:\/\/cheminsplestinais.dcea.fr\/index.php?rest_route=%2Fwp%2Fv2%2Fmedia&parent=7806"}],"wp:term":[{"taxonomy":"category","embeddable":true,"href":"https:\/\/cheminsplestinais.dcea.fr\/index.php?rest_route=%2Fwp%2Fv2%2Fcategories&post=7806"},{"taxonomy":"post_tag","embeddable":true,"href":"https:\/\/cheminsplestinais.dcea.fr\/index.php?rest_route=%2Fwp%2Fv2%2Ftags&post=7806"}],"curies":[{"name":"wp","href":"https:\/\/api.w.org\/{rel}","templated":true}]}}