{"id":7994,"date":"2021-07-15T09:49:23","date_gmt":"2021-07-15T08:49:23","guid":{"rendered":"http:\/\/cheminsplestinais.dcea.fr\/?p=7994"},"modified":"2021-07-15T09:49:23","modified_gmt":"2021-07-15T08:49:23","slug":"28-juin-2021-un-temps-fort-de-notre-association-avec-la-tenue-de-notre-assemblee-generale-suivie-dun-sympathique-temps-convivial","status":"publish","type":"post","link":"https:\/\/cheminsplestinais.dcea.fr\/?p=7994","title":{"rendered":"28 Juin 2021 &#8230; Un temps fort de notre Association avec la tenue de notre Assembl\u00e9e g\u00e9n\u00e9rale suivie d&rsquo;un sympathique temps convivial"},"content":{"rendered":"<p>&nbsp;<\/p>\n<p><a href=\"https:\/\/cheminsplestinais.dcea.fr\/wp-content\/uploads\/2021\/07\/1-e1625767095725.jpg\"><img loading=\"lazy\" decoding=\"async\" class=\"aligncenter wp-image-7996 size-full\" src=\"https:\/\/cheminsplestinais.dcea.fr\/wp-content\/uploads\/2021\/07\/1-e1625767095725.jpg\" alt=\"\" width=\"1000\" height=\"775\" \/><\/a><\/p>\n<p>&nbsp;<\/p>\n<p><img loading=\"lazy\" decoding=\"async\" class=\"alignleft size-medium wp-image-7997\" src=\"https:\/\/cheminsplestinais.dcea.fr\/wp-content\/uploads\/2021\/07\/2-300x169.jpg\" alt=\"\" width=\"300\" height=\"169\" \/>\u00a0\u00a0<a href=\"https:\/\/cheminsplestinais.dcea.fr\/wp-content\/uploads\/2021\/07\/3-e1625767942596.jpg\"><img loading=\"lazy\" decoding=\"async\" class=\"alignright size-medium wp-image-7998\" src=\"https:\/\/cheminsplestinais.dcea.fr\/wp-content\/uploads\/2021\/07\/3-225x300.jpg\" alt=\"\" width=\"225\" height=\"300\" \/><\/a><\/p>\n<p>&nbsp;<\/p>\n<style type=\"text\/css\">\n\t<!-- @page { margin: 2cm } P { margin-bottom: 0.21cm } --><br \/>\t<\/style>\n<p lang=\"\" align=\"CENTER\">Accueillis \u00e0 Rochelan par Fran\u00e7oise et Auguste ( on l&rsquo;a reconnu sans son masque !)<\/p>\n<p lang=\"\" align=\"CENTER\">.<\/p>\n<p>&nbsp;<\/p>\n<p>&nbsp;<\/p>\n<p>&nbsp;<\/p>\n<p>&nbsp;<\/p>\n<p><img loading=\"lazy\" decoding=\"async\" class=\"alignleft size-medium wp-image-7999\" src=\"https:\/\/cheminsplestinais.dcea.fr\/wp-content\/uploads\/2021\/07\/4-225x300.jpg\" alt=\"\" width=\"225\" height=\"300\" \/><\/p>\n<p>&nbsp;<\/p>\n<p><span lang=\"\">Sans Michel comment ferions nous ? <\/span><\/p>\n<p><span lang=\"\">Besoin de barnums , de tables et chaises, d&rsquo;une sono, d&rsquo;un camion ou d&rsquo;un tracteur, le Mc Gyver des chemins Plestinais assure&#8230;<\/span><\/p>\n<p>&nbsp;<\/p>\n<p>.<\/p>\n<p>&nbsp;<\/p>\n<p>&nbsp;<\/p>\n<p>&nbsp;<\/p>\n<p>&nbsp;<\/p>\n<p><a href=\"https:\/\/cheminsplestinais.dcea.fr\/wp-content\/uploads\/2021\/07\/5-e1625767987246.jpg\"><img loading=\"lazy\" decoding=\"async\" class=\"alignright size-medium wp-image-8000\" src=\"https:\/\/cheminsplestinais.dcea.fr\/wp-content\/uploads\/2021\/07\/5-300x225.jpg\" alt=\"\" width=\"300\" height=\"225\" \/><\/a><\/p>\n<p style=\"text-align: right;\">Pour commencer la prise des cartes<\/p>\n<p style=\"text-align: right;\">d&rsquo;adh\u00e9sion annuelle par<\/p>\n<p style=\"text-align: right;\">Jocelyne, Georges et Alain<\/p>\n<p style=\"text-align: right;\"><span lang=\"\">139 adh\u00e9rents au compteur ! Il n&rsquo;est pas trop tard pour adh\u00e9rer ou renouveler votre adh\u00e9sion.<\/span><\/p>\n<p>.<\/p>\n<p>&nbsp;<\/p>\n<p><a href=\"https:\/\/cheminsplestinais.dcea.fr\/wp-content\/uploads\/2021\/07\/6-e1625768008801.jpg\"><img loading=\"lazy\" decoding=\"async\" class=\"alignleft size-medium wp-image-8001\" src=\"https:\/\/cheminsplestinais.dcea.fr\/wp-content\/uploads\/2021\/07\/6-225x300.jpg\" alt=\"\" width=\"225\" height=\"300\" \/><\/a><\/p>\n<p>&nbsp;<\/p>\n<p>&nbsp;<\/p>\n<style type=\"text\/css\">\n\t<!-- @page { margin: 2cm } P { margin-bottom: 0.21cm } --><br \/>\t<\/style>\n<p><span lang=\"\">Bienvenue aux nouveaux comme Natacha et Bernard du caf\u00e9 \u00a0\u00bb L&rsquo;Improbable\u00a0\u00bb<\/span><\/p>\n<p>.<\/p>\n<p>&nbsp;<\/p>\n<p><a href=\"https:\/\/cheminsplestinais.dcea.fr\/wp-content\/uploads\/2021\/07\/7-e1625768036384.jpg\"><img loading=\"lazy\" decoding=\"async\" class=\"aligncenter wp-image-8002 size-medium\" src=\"https:\/\/cheminsplestinais.dcea.fr\/wp-content\/uploads\/2021\/07\/7-300x225.jpg\" alt=\"\" width=\"300\" height=\"225\" \/><\/a><\/p>\n<p lang=\"\" align=\"JUSTIFY\">Le Bureau pr\u00e9sente les activit\u00e9s de l&rsquo;ann\u00e9e \u00e9coul\u00e9e, le bilan financier, les projets envisag\u00e9s puis il est proc\u00e9d\u00e9 \u00e0 l&rsquo;\u00e9lection des membres du CA.<\/p>\n<p lang=\"\" align=\"JUSTIFY\">Compte-rendu :\u00a0<a href=\"https:\/\/cheminsplestinais.dcea.fr\/wp-content\/uploads\/2021\/07\/CR-AG-28-Juin-2021.pdf\">CR AG 28 Juin 2021<\/a><\/p>\n<h2 style=\"text-align: center;\" align=\"JUSTIFY\">Pr\u00e9sence des \u00e9lus ou repr\u00e9sentants de notre commune et des communes limitrophes<\/h2>\n<p>&nbsp;<\/p>\n<figure id=\"attachment_8003\" aria-describedby=\"caption-attachment-8003\" style=\"width: 225px\" class=\"wp-caption alignleft\"><img loading=\"lazy\" decoding=\"async\" class=\"wp-image-8003 size-medium\" src=\"https:\/\/cheminsplestinais.dcea.fr\/wp-content\/uploads\/2021\/07\/8-225x300.jpg\" alt=\"\" width=\"225\" height=\"300\" \/><figcaption id=\"caption-attachment-8003\" class=\"wp-caption-text\">Jacky Le Glas, notre r\u00e9f\u00e9rent \u00e9lu de Plestin les Gr\u00e8ves<\/figcaption><\/figure>\n<p>&nbsp;<\/p>\n<figure id=\"attachment_8004\" aria-describedby=\"caption-attachment-8004\" style=\"width: 225px\" class=\"wp-caption alignright\"><a href=\"https:\/\/cheminsplestinais.dcea.fr\/wp-content\/uploads\/2021\/07\/9-e1625768070583.jpg\"><img loading=\"lazy\" decoding=\"async\" class=\"wp-image-8004 size-medium\" src=\"https:\/\/cheminsplestinais.dcea.fr\/wp-content\/uploads\/2021\/07\/9-225x300.jpg\" alt=\"\" width=\"225\" height=\"300\" \/><\/a><figcaption id=\"caption-attachment-8004\" class=\"wp-caption-text\">Patricia Le Gueuziec, Mme le Maire de Tr\u00e9duder<\/figcaption><\/figure>\n<figure id=\"attachment_8005\" aria-describedby=\"caption-attachment-8005\" style=\"width: 225px\" class=\"wp-caption aligncenter\"><a href=\"https:\/\/cheminsplestinais.dcea.fr\/wp-content\/uploads\/2021\/07\/10-e1625768086428.jpg\"><img loading=\"lazy\" decoding=\"async\" class=\"wp-image-8005 size-medium\" src=\"https:\/\/cheminsplestinais.dcea.fr\/wp-content\/uploads\/2021\/07\/10-225x300.jpg\" alt=\"\" width=\"225\" height=\"300\" \/><\/a><figcaption id=\"caption-attachment-8005\" class=\"wp-caption-text\">Sabrina Morisson et Paul Kerrien, \u00e9lus et repr\u00e9sentants de l&rsquo;Association des Petits Chemins de Tr\u00e9mel, (\u00e0 gauche sur la photo)<\/figcaption><\/figure>\n<p>.<\/p>\n<p><a href=\"https:\/\/cheminsplestinais.dcea.fr\/wp-content\/uploads\/2021\/07\/11-e1625768106260.jpg\"><img loading=\"lazy\" decoding=\"async\" class=\"alignright size-medium wp-image-8006\" src=\"https:\/\/cheminsplestinais.dcea.fr\/wp-content\/uploads\/2021\/07\/11-225x300.jpg\" alt=\"\" width=\"225\" height=\"300\" \/><\/a><\/p>\n<p>&nbsp;<\/p>\n<p>L&rsquo;occasion de saluer le travail de Dominique pour l&rsquo;animation du blog, la r\u00e9alisation des vid\u00e9os, du guide des circuits des Chapelles.<\/p>\n<p>.<\/p>\n<p>&nbsp;<\/p>\n<p>&nbsp;<\/p>\n<p>&nbsp;<\/p>\n<p>&nbsp;<\/p>\n<p>&nbsp;<\/p>\n<p>&nbsp;<\/p>\n<p lang=\"\" align=\"CENTER\">Bon maintenant assez discut\u00e9 on peut boire un coup !<\/p>\n<p lang=\"\" align=\"CENTER\">.<\/p>\n<p lang=\"\" align=\"CENTER\"><a href=\"https:\/\/cheminsplestinais.dcea.fr\/wp-content\/uploads\/2021\/07\/12-e1625768128297.jpg\"><img loading=\"lazy\" decoding=\"async\" class=\"alignleft size-medium wp-image-8007\" src=\"https:\/\/cheminsplestinais.dcea.fr\/wp-content\/uploads\/2021\/07\/12-225x300.jpg\" alt=\"\" width=\"225\" height=\"300\" \/><\/a><\/p>\n<p><a href=\"https:\/\/cheminsplestinais.dcea.fr\/wp-content\/uploads\/2021\/07\/13-e1625768143791.jpg\"><img loading=\"lazy\" decoding=\"async\" class=\"aligncenter wp-image-8008 size-medium\" src=\"https:\/\/cheminsplestinais.dcea.fr\/wp-content\/uploads\/2021\/07\/13-225x300.jpg\" alt=\"\" width=\"225\" height=\"300\" \/><\/a><\/p>\n<p><a href=\"https:\/\/cheminsplestinais.dcea.fr\/wp-content\/uploads\/2021\/07\/14-e1625768159869.jpg\"><img loading=\"lazy\" decoding=\"async\" class=\"alignleft size-medium wp-image-8009\" src=\"https:\/\/cheminsplestinais.dcea.fr\/wp-content\/uploads\/2021\/07\/14-225x300.jpg\" alt=\"\" width=\"225\" height=\"300\" \/><\/a><\/p>\n<p>&nbsp;<\/p>\n<p>&nbsp;<\/p>\n<p>&nbsp;<\/p>\n<p lang=\"\" align=\"JUSTIFY\">\u00ab\u00a0Personne me regarde&#8230;<\/p>\n<p lang=\"\" align=\"JUSTIFY\">je me ressers un coup en douce \u00ab\u00a0<\/p>\n<p lang=\"\" align=\"JUSTIFY\">.<\/p>\n<p lang=\"\" align=\"JUSTIFY\"><a href=\"https:\/\/cheminsplestinais.dcea.fr\/wp-content\/uploads\/2021\/07\/15-e1625768174174.jpg\"><img loading=\"lazy\" decoding=\"async\" class=\"alignright size-medium wp-image-8010\" src=\"https:\/\/cheminsplestinais.dcea.fr\/wp-content\/uploads\/2021\/07\/15-225x300.jpg\" alt=\"\" width=\"225\" height=\"300\" \/><\/a><\/p>\n<p>&nbsp;<\/p>\n<p>&nbsp;<\/p>\n<p lang=\"\" align=\"JUSTIFY\">Certains ont m\u00eame fait beaucoup de route pour \u00eatre parmi nous ce soir, comme Thomas par exemple.<\/p>\n<p lang=\"\" align=\"JUSTIFY\">.<\/p>\n<p lang=\"\" align=\"JUSTIFY\"><a href=\"https:\/\/cheminsplestinais.dcea.fr\/wp-content\/uploads\/2021\/07\/16-e1625768188572.jpg\"><img loading=\"lazy\" decoding=\"async\" class=\"alignleft wp-image-8011 size-medium\" src=\"https:\/\/cheminsplestinais.dcea.fr\/wp-content\/uploads\/2021\/07\/16-225x300.jpg\" alt=\"\" width=\"225\" height=\"300\" \/><\/a><\/p>\n<p>&nbsp;<\/p>\n<p>&nbsp;<\/p>\n<p>&nbsp;<\/p>\n<p>&nbsp;<\/p>\n<p>&nbsp;<\/p>\n<p>&nbsp;<\/p>\n<p>&nbsp;<\/p>\n<p>.<\/p>\n<p>&nbsp;<\/p>\n<p>&nbsp;<\/p>\n<p lang=\"\" align=\"JUSTIFY\"><b>Interm\u00e8de th\u00e9atral avec la troupe locale pour parodier les noces d&rsquo;or de Fran\u00e7oise et Dominique.<\/b><\/p>\n<p lang=\"\" align=\"JUSTIFY\">.<\/p>\n<p lang=\"\" align=\"JUSTIFY\"><a href=\"https:\/\/cheminsplestinais.dcea.fr\/wp-content\/uploads\/2021\/07\/17-e1625768209380.jpg\"><img loading=\"lazy\" decoding=\"async\" class=\"alignleft size-medium wp-image-8012\" src=\"https:\/\/cheminsplestinais.dcea.fr\/wp-content\/uploads\/2021\/07\/17-225x300.jpg\" alt=\"\" width=\"225\" height=\"300\" \/><\/a><\/p>\n<p lang=\"\" align=\"JUSTIFY\"><a href=\"https:\/\/cheminsplestinais.dcea.fr\/wp-content\/uploads\/2021\/07\/18-e1625768224779.jpg\"><img loading=\"lazy\" decoding=\"async\" class=\"aligncenter size-medium wp-image-8013\" src=\"https:\/\/cheminsplestinais.dcea.fr\/wp-content\/uploads\/2021\/07\/18-300x225.jpg\" alt=\"\" width=\"300\" height=\"225\" \/><\/a><a href=\"https:\/\/cheminsplestinais.dcea.fr\/wp-content\/uploads\/2021\/07\/19-e1625768240918.jpg\"><img loading=\"lazy\" decoding=\"async\" class=\"alignright size-medium wp-image-8014\" src=\"https:\/\/cheminsplestinais.dcea.fr\/wp-content\/uploads\/2021\/07\/19-300x135.jpg\" alt=\"\" width=\"300\" height=\"135\" \/><\/a><\/p>\n<p>&nbsp;<\/p>\n<p>&nbsp;<\/p>\n<p>&nbsp;<\/p>\n<p><a href=\"https:\/\/cheminsplestinais.dcea.fr\/wp-content\/uploads\/2021\/07\/20bis.jpg\"><img loading=\"lazy\" decoding=\"async\" class=\"aligncenter size-large wp-image-8065\" src=\"https:\/\/cheminsplestinais.dcea.fr\/wp-content\/uploads\/2021\/07\/20bis-1024x615.jpg\" alt=\"\" width=\"474\" height=\"285\" srcset=\"https:\/\/cheminsplestinais.dcea.fr\/wp-content\/uploads\/2021\/07\/20bis-1024x615.jpg 1024w, https:\/\/cheminsplestinais.dcea.fr\/wp-content\/uploads\/2021\/07\/20bis-300x180.jpg 300w, https:\/\/cheminsplestinais.dcea.fr\/wp-content\/uploads\/2021\/07\/20bis-768x461.jpg 768w\" sizes=\"(max-width: 474px) 100vw, 474px\" \/><\/a><\/p>\n<p style=\"text-align: center;\"><b>Ils sont beaux les jeunes mari\u00e9s<\/b><\/p>\n<p>.<\/p>\n<p>&nbsp;<\/p>\n<p>&nbsp;<\/p>\n<p lang=\"\" align=\"JUSTIFY\">\n<style type=\"text\/css\">\n\t<!-- @page { margin: 2cm } P { margin-bottom: 0.21cm } --><br \/>\t<\/style>\n<\/p>\n<h1 style=\"text-align: center;\" align=\"JUSTIFY\"><b>Moments partag\u00e9s \u00e0 table<\/b><\/h1>\n<p lang=\"\" style=\"text-align: center;\" align=\"JUSTIFY\">.<\/p>\n<p><a href=\"https:\/\/cheminsplestinais.dcea.fr\/wp-content\/uploads\/2021\/07\/21-e1625768292424.jpg\"><img loading=\"lazy\" decoding=\"async\" class=\"alignleft size-medium wp-image-8016\" src=\"https:\/\/cheminsplestinais.dcea.fr\/wp-content\/uploads\/2021\/07\/21-300x135.jpg\" alt=\"\" width=\"300\" height=\"135\" \/><\/a><\/p>\n<p><a href=\"https:\/\/cheminsplestinais.dcea.fr\/wp-content\/uploads\/2021\/07\/22-e1625768309625.jpg\"><img loading=\"lazy\" decoding=\"async\" class=\"alignright size-medium wp-image-8017\" src=\"https:\/\/cheminsplestinais.dcea.fr\/wp-content\/uploads\/2021\/07\/22-300x135.jpg\" alt=\"\" width=\"300\" height=\"135\" \/><\/a><\/p>\n<p>&nbsp;<\/p>\n<p>&nbsp;<\/p>\n<p>&nbsp;<\/p>\n<p>&nbsp;<\/p>\n<p>&nbsp;<\/p>\n<p>&nbsp;<\/p>\n<p><a href=\"https:\/\/cheminsplestinais.dcea.fr\/wp-content\/uploads\/2021\/07\/23-e1625768327869.jpg\"><img loading=\"lazy\" decoding=\"async\" class=\"alignleft size-medium wp-image-8018\" src=\"https:\/\/cheminsplestinais.dcea.fr\/wp-content\/uploads\/2021\/07\/23-300x135.jpg\" alt=\"\" width=\"300\" height=\"135\" \/><\/a><\/p>\n<p><a href=\"https:\/\/cheminsplestinais.dcea.fr\/wp-content\/uploads\/2021\/07\/24-e1625768342608.jpg\"><img loading=\"lazy\" decoding=\"async\" class=\"alignright size-medium wp-image-8019\" src=\"https:\/\/cheminsplestinais.dcea.fr\/wp-content\/uploads\/2021\/07\/24-300x135.jpg\" alt=\"\" width=\"300\" height=\"135\" \/><\/a><\/p>\n<p>&nbsp;<\/p>\n<p>&nbsp;<\/p>\n<p>&nbsp;<\/p>\n<p>&nbsp;<\/p>\n<p>&nbsp;<\/p>\n<p>&nbsp;<\/p>\n<p><a href=\"https:\/\/cheminsplestinais.dcea.fr\/wp-content\/uploads\/2021\/07\/25-e1625768361121.jpg\"><img loading=\"lazy\" decoding=\"async\" class=\"aligncenter size-medium wp-image-8020\" src=\"https:\/\/cheminsplestinais.dcea.fr\/wp-content\/uploads\/2021\/07\/25-300x135.jpg\" alt=\"\" width=\"300\" height=\"135\" \/><\/a><\/p>\n","protected":false},"excerpt":{"rendered":"<p>&nbsp; &nbsp; \u00a0\u00a0 &nbsp; Accueillis \u00e0 Rochelan par Fran\u00e7oise et Auguste ( on l&rsquo;a reconnu sans son masque !) . &nbsp; &nbsp; &nbsp; &nbsp; &nbsp; Sans Michel comment ferions nous ? Besoin de barnums , de tables et chaises, d&rsquo;une sono, d&rsquo;un camion ou d&rsquo;un tracteur, le Mc Gyver des chemins Plestinais assure&#8230; &nbsp; . [&hellip;]<\/p>\n","protected":false},"author":5,"featured_media":0,"comment_status":"open","ping_status":"closed","sticky":false,"template":"","format":"standard","meta":{"footnotes":""},"categories":[9],"tags":[],"_links":{"self":[{"href":"https:\/\/cheminsplestinais.dcea.fr\/index.php?rest_route=\/wp\/v2\/posts\/7994"}],"collection":[{"href":"https:\/\/cheminsplestinais.dcea.fr\/index.php?rest_route=\/wp\/v2\/posts"}],"about":[{"href":"https:\/\/cheminsplestinais.dcea.fr\/index.php?rest_route=\/wp\/v2\/types\/post"}],"author":[{"embeddable":true,"href":"https:\/\/cheminsplestinais.dcea.fr\/index.php?rest_route=\/wp\/v2\/users\/5"}],"replies":[{"embeddable":true,"href":"https:\/\/cheminsplestinais.dcea.fr\/index.php?rest_route=%2Fwp%2Fv2%2Fcomments&post=7994"}],"version-history":[{"count":49,"href":"https:\/\/cheminsplestinais.dcea.fr\/index.php?rest_route=\/wp\/v2\/posts\/7994\/revisions"}],"predecessor-version":[{"id":8070,"href":"https:\/\/cheminsplestinais.dcea.fr\/index.php?rest_route=\/wp\/v2\/posts\/7994\/revisions\/8070"}],"wp:attachment":[{"href":"https:\/\/cheminsplestinais.dcea.fr\/index.php?rest_route=%2Fwp%2Fv2%2Fmedia&parent=7994"}],"wp:term":[{"taxonomy":"category","embeddable":true,"href":"https:\/\/cheminsplestinais.dcea.fr\/index.php?rest_route=%2Fwp%2Fv2%2Fcategories&post=7994"},{"taxonomy":"post_tag","embeddable":true,"href":"https:\/\/cheminsplestinais.dcea.fr\/index.php?rest_route=%2Fwp%2Fv2%2Ftags&post=7994"}],"curies":[{"name":"wp","href":"https:\/\/api.w.org\/{rel}","templated":true}]}}