{"id":8072,"date":"2021-08-03T16:39:55","date_gmt":"2021-08-03T15:39:55","guid":{"rendered":"http:\/\/cheminsplestinais.dcea.fr\/?p=8072"},"modified":"2021-08-03T16:40:57","modified_gmt":"2021-08-03T15:40:57","slug":"fontaine-sainte-barbe","status":"publish","type":"post","link":"https:\/\/cheminsplestinais.dcea.fr\/?p=8072","title":{"rendered":"Fontaine Sainte Barbe"},"content":{"rendered":"<h5>Jusqu\u2019au d\u00e9but du mois de juillet, une \u00e9quipe a poursuivi la r\u00e9habilitation de la fontaine.<span style=\"color: #ffffff;\"><span style=\"font-size: large;\">.<\/span><\/span><\/h5>\n<p style=\"text-align: left;\" align=\"JUSTIFY\"><span style=\"font-size: large;\">\u00a0<a href=\"https:\/\/cheminsplestinais.dcea.fr\/wp-content\/uploads\/2021\/07\/Clich\u00e9-N\u00b0-1-e1627412777254.jpg\"><img loading=\"lazy\" decoding=\"async\" class=\"alignleft wp-image-8074 size-thumbnail\" src=\"https:\/\/cheminsplestinais.dcea.fr\/wp-content\/uploads\/2021\/07\/Clich\u00e9-N\u00b0-1-150x150.jpg\" alt=\"\" width=\"150\" height=\"150\" \/><\/a><span style=\"font-size: medium;\">Des murets lat\u00e9raux vont l\u2019agr\u00e9menter et contribuer \u00e0 retenir la terre.<\/span><span style=\"color: #ffffff;\"><span style=\"font-size: large;\">.<\/span><\/span><\/span><\/p>\n<p style=\"text-align: left;\" align=\"JUSTIFY\">\n<style type=\"text\/css\">\n\t<!-- @page { margin: 2cm } P { margin-bottom: 0.21cm } --><br \/>\t<\/style>\n<\/p>\n<p align=\"JUSTIFY\"><span style=\"color: #ffffff;\"><span style=\"font-size: large;\">.<\/span><\/span><\/p>\n<p align=\"JUSTIFY\"><span style=\"color: #ffffff;\"><span style=\"font-size: large;\"><a href=\"https:\/\/cheminsplestinais.dcea.fr\/wp-content\/uploads\/2021\/07\/Clich\u00e9-N\u00b0-2-e1627412750182.jpg\"><img loading=\"lazy\" decoding=\"async\" class=\"alignright wp-image-8075 size-thumbnail\" src=\"https:\/\/cheminsplestinais.dcea.fr\/wp-content\/uploads\/2021\/07\/Clich\u00e9-N\u00b0-2-150x150.jpg\" alt=\"\" width=\"150\" height=\"150\" \/><\/a>.<\/span><\/span><\/p>\n<p><span style=\"color: #ffffff;\"><span style=\"font-size: large;\">.<\/span><\/span><\/p>\n<p style=\"text-align: right;\" align=\"JUSTIFY\">\n<style type=\"text\/css\">\n\t<!-- @page { margin: 2cm } P { margin-bottom: 0.21cm } --><br \/>\t<\/style>\n<\/p>\n<p>&nbsp;<\/p>\n<p align=\"JUSTIFY\"><span style=\"font-size: medium;\">La margelle a \u00e9t\u00e9 repositionn\u00e9e et agrandie.<\/span><\/p>\n<p align=\"JUSTIFY\">\n<style type=\"text\/css\">\n\t<!-- @page { margin: 2cm } P { margin-bottom: 0.21cm } --><br \/>\t<\/style>\n<\/p>\n<p align=\"JUSTIFY\"><span style=\"color: #ffffff;\"><span style=\"font-size: large;\">.<\/span><\/span><\/p>\n<p style=\"text-align: left;\" align=\"JUSTIFY\"><a href=\"https:\/\/cheminsplestinais.dcea.fr\/wp-content\/uploads\/2021\/07\/Clich\u00e9-N\u00b0-3-e1627412708765.jpg\"><img loading=\"lazy\" decoding=\"async\" class=\"alignleft wp-image-8076 size-thumbnail\" src=\"https:\/\/cheminsplestinais.dcea.fr\/wp-content\/uploads\/2021\/07\/Clich\u00e9-N\u00b0-3-150x150.jpg\" alt=\"\" width=\"150\" height=\"150\" \/><\/a><\/p>\n<p style=\"text-align: left;\" align=\"JUSTIFY\"><span style=\"font-size: medium;\">Un am\u00e9nagement du terre-plein permettra une meilleure vue d\u2019ensemble et facilitera l\u2019acc\u00e8s des promeneurs.<\/span><\/p>\n<p style=\"text-align: left;\" align=\"JUSTIFY\"><span style=\"color: #ffffff;\"><span style=\"font-size: large;\">.<\/span><\/span><span style=\"color: #ffffff;\"><span style=\"font-size: large;\">.<\/span><\/span><\/p>\n<p align=\"JUSTIFY\"><a href=\"https:\/\/cheminsplestinais.dcea.fr\/wp-content\/uploads\/2021\/07\/Clich\u00e9-N\u00b0-4-e1627412651442.jpg\"><img loading=\"lazy\" decoding=\"async\" class=\"alignright wp-image-8077 size-thumbnail\" src=\"https:\/\/cheminsplestinais.dcea.fr\/wp-content\/uploads\/2021\/07\/Clich\u00e9-N\u00b0-4-150x150.jpg\" alt=\"\" width=\"150\" height=\"150\" \/><\/a><\/p>\n<p style=\"text-align: right;\" align=\"JUSTIFY\"><span style=\"font-size: medium;\">D\u00e8s la reprise de nos activit\u00e9s, apr\u00e8s la tr\u00eave estivale, la pose d\u2019une petite passerelle permettra d\u2019enjamber facilement le ruisseau, en aval,<\/span><\/p>\n","protected":false},"excerpt":{"rendered":"<p>Jusqu\u2019au d\u00e9but du mois de juillet, une \u00e9quipe a poursuivi la r\u00e9habilitation de la fontaine.. \u00a0Des murets lat\u00e9raux vont l\u2019agr\u00e9menter et contribuer \u00e0 retenir la terre.. . . . &nbsp; La margelle a \u00e9t\u00e9 repositionn\u00e9e et agrandie. . Un am\u00e9nagement du terre-plein permettra une meilleure vue d\u2019ensemble et facilitera l\u2019acc\u00e8s des promeneurs. .. D\u00e8s la [&hellip;]<\/p>\n","protected":false},"author":5,"featured_media":0,"comment_status":"open","ping_status":"closed","sticky":false,"template":"","format":"standard","meta":{"footnotes":""},"categories":[2],"tags":[],"_links":{"self":[{"href":"https:\/\/cheminsplestinais.dcea.fr\/index.php?rest_route=\/wp\/v2\/posts\/8072"}],"collection":[{"href":"https:\/\/cheminsplestinais.dcea.fr\/index.php?rest_route=\/wp\/v2\/posts"}],"about":[{"href":"https:\/\/cheminsplestinais.dcea.fr\/index.php?rest_route=\/wp\/v2\/types\/post"}],"author":[{"embeddable":true,"href":"https:\/\/cheminsplestinais.dcea.fr\/index.php?rest_route=\/wp\/v2\/users\/5"}],"replies":[{"embeddable":true,"href":"https:\/\/cheminsplestinais.dcea.fr\/index.php?rest_route=%2Fwp%2Fv2%2Fcomments&post=8072"}],"version-history":[{"count":27,"href":"https:\/\/cheminsplestinais.dcea.fr\/index.php?rest_route=\/wp\/v2\/posts\/8072\/revisions"}],"predecessor-version":[{"id":8103,"href":"https:\/\/cheminsplestinais.dcea.fr\/index.php?rest_route=\/wp\/v2\/posts\/8072\/revisions\/8103"}],"wp:attachment":[{"href":"https:\/\/cheminsplestinais.dcea.fr\/index.php?rest_route=%2Fwp%2Fv2%2Fmedia&parent=8072"}],"wp:term":[{"taxonomy":"category","embeddable":true,"href":"https:\/\/cheminsplestinais.dcea.fr\/index.php?rest_route=%2Fwp%2Fv2%2Fcategories&post=8072"},{"taxonomy":"post_tag","embeddable":true,"href":"https:\/\/cheminsplestinais.dcea.fr\/index.php?rest_route=%2Fwp%2Fv2%2Ftags&post=8072"}],"curies":[{"name":"wp","href":"https:\/\/api.w.org\/{rel}","templated":true}]}}