{"id":8289,"date":"2021-10-20T13:08:15","date_gmt":"2021-10-20T12:08:15","guid":{"rendered":"http:\/\/cheminsplestinais.dcea.fr\/?p=8289"},"modified":"2022-01-24T16:07:17","modified_gmt":"2022-01-24T15:07:17","slug":"cest-la-rentree-aux-chemins-plestinais","status":"publish","type":"post","link":"https:\/\/cheminsplestinais.dcea.fr\/?p=8289","title":{"rendered":"C&rsquo;est la rentr\u00e9e aux Chemins Plestinais"},"content":{"rendered":"<p><span style=\"font-size: small;\">Le lundi 13 Septembre, l\u2019association a repris ses activit\u00e9s, apr\u00e8s la pause de l&rsquo;\u00e9t\u00e9&#8230;<\/span><\/p>\n<p lang=\"\"><span style=\"font-size: small;\">Nous avons d\u00e9but\u00e9 par un chantier sur le parcours du GR 34, \u00e0 la demande de Jean-Pierre Le Cuziat, de la commune de St Michel en Gr\u00e8ves, r\u00e9f\u00e9rent local de l&rsquo;association \u00a0\u00bb Mon Tro Breizh\u00a0\u00bb, accompagn\u00e9 pour la circonstance de Ga\u00ebl Le Fustec, du service Patrimoine Naturel de Lannion Tr\u00e9gor Communaut\u00e9. Pour m\u00e9moire, le GR 34 est d\u00e9sormais emprunt\u00e9 \u00e9galement par le \u00ab\u00a0 Tro Breizh\u00a0 \u00bb,<\/span><\/p>\n<p lang=\"\"><span style=\"font-size: small;\">Sur place nous avons \u00e9t\u00e9 accueillis par Fran\u00e7ois Ponchon, Maire de St Michel, des \u00e9lus et b\u00e9n\u00e9voles de la commune qui nous ont pr\u00eat\u00e9 main-forte lors de cette matin\u00e9e.<\/span><\/p>\n<figure id=\"attachment_8273\" aria-describedby=\"caption-attachment-8273\" style=\"width: 474px\" class=\"wp-caption aligncenter\"><a href=\"https:\/\/cheminsplestinais.dcea.fr\/wp-content\/uploads\/2021\/10\/2-2-e1633184430575.jpg\"><img loading=\"lazy\" decoding=\"async\" class=\"wp-image-8273 size-large\" src=\"https:\/\/cheminsplestinais.dcea.fr\/wp-content\/uploads\/2021\/10\/2-2-1024x862.jpg\" alt=\"\" width=\"474\" height=\"399\" \/><\/a><figcaption id=\"caption-attachment-8273\" class=\"wp-caption-text\">Ga\u00ebl Le Fustec (2e \u00e0 partir de la droite) nous a prodigu\u00e9 ses conseils lors de l\u2019intervention sur le Roscoat, toute action au niveau des cours d\u2019eau relevant d\u2019un domaine \u00ab\u00a0 sensible\u00a0 \u00bb n\u00e9cessitant le respect de quelques pr\u00e9cautions&#8230;<\/figcaption><\/figure>\n<p><span style=\"font-size: small;\">L\u2019\u00e9quipe est intervenue au niveau du moulin Giglou, a d\u00e9gag\u00e9 le sentier obstru\u00e9 par un arbre et a \u00e9galement proc\u00e9d\u00e9 \u00e0 la r\u00e9paration d&rsquo;une passerelle enjambant le Roscoat,<\/span><\/p>\n<p lang=\"\"><span style=\"font-size: small;\">Pour cette premi\u00e8re journ\u00e9e, le programme \u00e9tait donc bien charg\u00e9\u00a0 ! <\/span><\/p>\n<p lang=\"\"><span style=\"font-size: small;\">La matin\u00e9e s&rsquo;est achev\u00e9e par un moment convivial autour d\u2019un casse-cro\u00fbte offert par la Mairie de St Michel en Gr\u00e8ves.<\/span><\/p>\n<p lang=\"\"><span style=\"font-size: small;\">Une reprise sous les meilleurs auspices, par cons\u00e9quent, doubl\u00e9e d\u2019une sympathique collaboration avec nos voisins de St Michel !<\/span><\/p>\n<figure id=\"attachment_8272\" aria-describedby=\"caption-attachment-8272\" style=\"width: 300px\" class=\"wp-caption alignleft\"><a href=\"https:\/\/cheminsplestinais.dcea.fr\/wp-content\/uploads\/2021\/10\/1-2-e1633184339617.jpg\"><img loading=\"lazy\" decoding=\"async\" class=\"size-medium wp-image-8272\" src=\"https:\/\/cheminsplestinais.dcea.fr\/wp-content\/uploads\/2021\/10\/1-2-300x194.jpg\" alt=\"\" width=\"300\" height=\"194\" \/><\/a><figcaption id=\"caption-attachment-8272\" class=\"wp-caption-text\">Une \u00e9quipe d\u00e9termin\u00e9e \u00e0 pied-d\u2019\u0153uvre&#8230;Une m\u00e9t\u00e9o parfaite\u00a0: de quoi se r\u00e9jouir lors de cette rentr\u00e9e des Chemins plestinais\u00a0!<\/figcaption><\/figure>\n<figure id=\"attachment_8274\" aria-describedby=\"caption-attachment-8274\" style=\"width: 300px\" class=\"wp-caption alignright\"><a href=\"https:\/\/cheminsplestinais.dcea.fr\/wp-content\/uploads\/2021\/10\/2-bis-2-e1633184508461.jpg\"><img loading=\"lazy\" decoding=\"async\" class=\"size-medium wp-image-8274\" src=\"https:\/\/cheminsplestinais.dcea.fr\/wp-content\/uploads\/2021\/10\/2-bis-2-300x232.jpg\" alt=\"\" width=\"300\" height=\"232\" \/><\/a><figcaption id=\"caption-attachment-8274\" class=\"wp-caption-text\">Premier chantier, chez nos voisins de Saint Michel\u00a0 : les consignes du Pr\u00e9sident, en pr\u00e9sence d\u2019\u00e9lus et b\u00e9n\u00e9voles de la commune&#8230;<\/figcaption><\/figure>\n<p>&nbsp;<\/p>\n<p>&nbsp;<\/p>\n<p>&nbsp;<\/p>\n<p>&nbsp;<\/p>\n<p>&nbsp;<\/p>\n<p>&nbsp;<\/p>\n<figure id=\"attachment_8275\" aria-describedby=\"caption-attachment-8275\" style=\"width: 300px\" class=\"wp-caption alignleft\"><a href=\"https:\/\/cheminsplestinais.dcea.fr\/wp-content\/uploads\/2021\/10\/3-2-e1633184594189.jpg\"><img loading=\"lazy\" decoding=\"async\" class=\"size-medium wp-image-8275\" src=\"https:\/\/cheminsplestinais.dcea.fr\/wp-content\/uploads\/2021\/10\/3-2-300x222.jpg\" alt=\"\" width=\"300\" height=\"222\" \/><\/a><figcaption id=\"caption-attachment-8275\" class=\"wp-caption-text\">C\u2019est visiblement la bonne humeur en ce jour de rentr\u00e9e.<\/figcaption><\/figure>\n<p>&nbsp;<\/p>\n<p>&nbsp;<\/p>\n<p>.<\/p>\n<figure id=\"attachment_8276\" aria-describedby=\"caption-attachment-8276\" style=\"width: 300px\" class=\"wp-caption alignleft\"><a href=\"https:\/\/cheminsplestinais.dcea.fr\/wp-content\/uploads\/2021\/10\/4-2-e1633184639934.jpg\"><img loading=\"lazy\" decoding=\"async\" class=\"wp-image-8276 size-medium\" src=\"https:\/\/cheminsplestinais.dcea.fr\/wp-content\/uploads\/2021\/10\/4-2-300x181.jpg\" alt=\"\" width=\"300\" height=\"181\" \/><\/a><figcaption id=\"caption-attachment-8276\" class=\"wp-caption-text\">L\u2019acc\u00e8s au pont sur le Roscoat a \u00e9t\u00e9 am\u00e9lior\u00e9 par la cr\u00e9ation d\u2019une rampe en pierres s\u00e8ches. Les promeneurs garderont d\u00e9sormais les pieds au sec\u00a0!<\/figcaption><\/figure>\n<figure id=\"attachment_8277\" aria-describedby=\"caption-attachment-8277\" style=\"width: 300px\" class=\"wp-caption alignright\"><a href=\"https:\/\/cheminsplestinais.dcea.fr\/wp-content\/uploads\/2021\/10\/5-2-e1633184690390.jpg\"><img loading=\"lazy\" decoding=\"async\" class=\"size-medium wp-image-8277\" src=\"https:\/\/cheminsplestinais.dcea.fr\/wp-content\/uploads\/2021\/10\/5-2-300x187.jpg\" alt=\"\" width=\"300\" height=\"187\" \/><\/a><figcaption id=\"caption-attachment-8277\" class=\"wp-caption-text\">Le pont de pierre a vraiment toute sa place dans ce bel \u00e9crin d\u2019eau et de verdure.<\/figcaption><\/figure>\n<p>&nbsp;<\/p>\n<p>&nbsp;<\/p>\n<p>&nbsp;<\/p>\n<p>&nbsp;<\/p>\n<p>&nbsp;<\/p>\n<p>&nbsp;<\/p>\n<p>&nbsp;<\/p>\n<p>&nbsp;<\/p>\n<p>&nbsp;<\/p>\n<figure id=\"attachment_8278\" aria-describedby=\"caption-attachment-8278\" style=\"width: 474px\" class=\"wp-caption alignnone\"><a href=\"https:\/\/cheminsplestinais.dcea.fr\/wp-content\/uploads\/2021\/10\/6-2-e1633184763783.jpg\"><img loading=\"lazy\" decoding=\"async\" class=\"wp-image-8278 size-large\" src=\"https:\/\/cheminsplestinais.dcea.fr\/wp-content\/uploads\/2021\/10\/6-2-1024x682.jpg\" alt=\"\" width=\"474\" height=\"316\" \/><\/a><figcaption id=\"caption-attachment-8278\" class=\"wp-caption-text\">Une \u00e9quipe fi\u00e8re du travail accompli\u00a0!<\/figcaption><\/figure>\n<figure id=\"attachment_8279\" aria-describedby=\"caption-attachment-8279\" style=\"width: 300px\" class=\"wp-caption aligncenter\"><a href=\"https:\/\/cheminsplestinais.dcea.fr\/wp-content\/uploads\/2021\/10\/7-2-e1633184853986.jpg\"><img loading=\"lazy\" decoding=\"async\" class=\"wp-image-8279 size-medium\" src=\"https:\/\/cheminsplestinais.dcea.fr\/wp-content\/uploads\/2021\/10\/7-2-300x229.jpg\" alt=\"\" width=\"300\" height=\"229\" \/><\/a><figcaption id=\"caption-attachment-8279\" class=\"wp-caption-text\">Une partie de notre \u00ab\u00a0women team\u00a0\u00bb, dont deux nouvelles recrues, \u00e9tait \u00e9galement \u00e0 pied d\u2019\u0153uvre lors de cette journ\u00e9e de rentr\u00e9e.<\/figcaption><\/figure>\n<figure id=\"attachment_8280\" aria-describedby=\"caption-attachment-8280\" style=\"width: 300px\" class=\"wp-caption alignleft\"><a href=\"https:\/\/cheminsplestinais.dcea.fr\/wp-content\/uploads\/2021\/10\/8-2-e1633184943574.jpg\"><img loading=\"lazy\" decoding=\"async\" class=\"size-medium wp-image-8280\" src=\"https:\/\/cheminsplestinais.dcea.fr\/wp-content\/uploads\/2021\/10\/8-2-300x242.jpg\" alt=\"\" width=\"300\" height=\"242\" \/><\/a><figcaption id=\"caption-attachment-8280\" class=\"wp-caption-text\">Pr\u00e8s du pont sur le Roscoat, cette ruine gagn\u00e9e par la v\u00e9g\u00e9tation nous rappelle qu\u2019en ce lieu il y avait autrefois un moulin.<\/figcaption><\/figure>\n<figure id=\"attachment_8281\" aria-describedby=\"caption-attachment-8281\" style=\"width: 300px\" class=\"wp-caption alignright\"><a href=\"https:\/\/cheminsplestinais.dcea.fr\/wp-content\/uploads\/2021\/10\/9-2-e1633185013362.jpg\"><img loading=\"lazy\" decoding=\"async\" class=\"size-medium wp-image-8281\" src=\"https:\/\/cheminsplestinais.dcea.fr\/wp-content\/uploads\/2021\/10\/9-2-300x270.jpg\" alt=\"\" width=\"300\" height=\"270\" \/><\/a><figcaption id=\"caption-attachment-8281\" class=\"wp-caption-text\">A proximit\u00e9, un clich\u00e9 t\u00e9moigne de l\u2019activit\u00e9 pass\u00e9e de ce moulin, autrefois occup\u00e9 par la famille Bohec.<\/figcaption><\/figure>\n<figure id=\"attachment_8282\" aria-describedby=\"caption-attachment-8282\" style=\"width: 300px\" class=\"wp-caption alignleft\"><a href=\"https:\/\/cheminsplestinais.dcea.fr\/wp-content\/uploads\/2021\/10\/10-2-e1633185080542.jpg\"><img loading=\"lazy\" decoding=\"async\" class=\"size-medium wp-image-8282\" src=\"https:\/\/cheminsplestinais.dcea.fr\/wp-content\/uploads\/2021\/10\/10-2-300x192.jpg\" alt=\"\" width=\"300\" height=\"192\" \/><\/a><figcaption id=\"caption-attachment-8282\" class=\"wp-caption-text\">Nous avons \u00e9galement entrepris d\u2019am\u00e9liorer le sentier d\u2019acc\u00e8s \u00e0 la vall\u00e9e, par l\u2019am\u00e9nagement d\u2019une \u00ab\u00a0banquette\u00a0\u00bb, pr\u00e9cieuse en p\u00e9riode hivernale pour \u00e9viter l\u2019eau et la boue\u00a0!<\/figcaption><\/figure>\n<figure id=\"attachment_8283\" aria-describedby=\"caption-attachment-8283\" style=\"width: 225px\" class=\"wp-caption alignright\"><a href=\"https:\/\/cheminsplestinais.dcea.fr\/wp-content\/uploads\/2021\/10\/11-2-e1633185153764.jpg\"><img loading=\"lazy\" decoding=\"async\" class=\"size-medium wp-image-8283\" src=\"https:\/\/cheminsplestinais.dcea.fr\/wp-content\/uploads\/2021\/10\/11-2-225x300.jpg\" alt=\"\" width=\"225\" height=\"300\" \/><\/a><figcaption id=\"caption-attachment-8283\" class=\"wp-caption-text\">Les nouvelles recrues ne manquent pas d\u2019\u00e9nergie\u00a0!<br \/>N&rsquo;est-ce pas Jean-Yves ?<\/figcaption><\/figure>\n<figure id=\"attachment_8284\" aria-describedby=\"caption-attachment-8284\" style=\"width: 278px\" class=\"wp-caption alignleft\"><a href=\"https:\/\/cheminsplestinais.dcea.fr\/wp-content\/uploads\/2021\/10\/12-2-e1633185203585.jpg\"><img loading=\"lazy\" decoding=\"async\" class=\"wp-image-8284 size-medium\" src=\"https:\/\/cheminsplestinais.dcea.fr\/wp-content\/uploads\/2021\/10\/12-2-278x300.jpg\" alt=\"\" width=\"278\" height=\"300\" \/><\/a><figcaption id=\"caption-attachment-8284\" class=\"wp-caption-text\">En amont du moulin, la passerelle enjambant le Roscoat, sur Plouz\u00e9lambre, avait besoin d\u2019une bonne r\u00e9paration, certaines traverses donnant des signes de faiblesse&#8230; Les charpentiers, Jean Pierre, Marcel et Alain, ont vite fait de la consolider.<\/figcaption><\/figure>\n<figure id=\"attachment_8285\" aria-describedby=\"caption-attachment-8285\" style=\"width: 300px\" class=\"wp-caption alignright\"><a href=\"https:\/\/cheminsplestinais.dcea.fr\/wp-content\/uploads\/2021\/10\/13-2-e1633185271281.jpg\"><img loading=\"lazy\" decoding=\"async\" class=\"wp-image-8285 size-medium\" src=\"https:\/\/cheminsplestinais.dcea.fr\/wp-content\/uploads\/2021\/10\/13-2-300x219.jpg\" alt=\"\" width=\"300\" height=\"219\" \/><\/a><figcaption id=\"caption-attachment-8285\" class=\"wp-caption-text\">La BIR (pour m\u00e9moire, notre \u00ab\u00a0 Brigade d\u2019Intervention Rapide\u00a0 \u00bb de b\u00fbcherons dans ses \u0153uvres&#8230;ou comment r\u00e9aliser une chicane-express \u00e0 partir d\u2019un arbre tomb\u00e9 en travers du sentier ! Ce fut le bapt\u00eame du feu pour Didier, nouveau aux chemins Plestinais \u201cencadr\u00e9\u201d par les \u201canciens\u201d Jo\u00ebl et Thierry.<\/figcaption><\/figure>\n<figure id=\"attachment_8286\" aria-describedby=\"caption-attachment-8286\" style=\"width: 300px\" class=\"wp-caption alignleft\"><a href=\"https:\/\/cheminsplestinais.dcea.fr\/wp-content\/uploads\/2021\/10\/14-2-e1633185318147.jpg\"><img loading=\"lazy\" decoding=\"async\" class=\"size-medium wp-image-8286\" src=\"https:\/\/cheminsplestinais.dcea.fr\/wp-content\/uploads\/2021\/10\/14-2-300x192.jpg\" alt=\"\" width=\"300\" height=\"192\" \/><\/a><figcaption id=\"caption-attachment-8286\" class=\"wp-caption-text\">Apr\u00e8s l\u2019effort, le r\u00e9confort\u00a0: l\u2019heure de l\u2019ap\u00e9ritif a sonn\u00e9\u00a0!<\/figcaption><\/figure>\n<figure id=\"attachment_8287\" aria-describedby=\"caption-attachment-8287\" style=\"width: 300px\" class=\"wp-caption alignright\"><a href=\"https:\/\/cheminsplestinais.dcea.fr\/wp-content\/uploads\/2021\/10\/15-2-e1633185444170.jpg\"><img loading=\"lazy\" decoding=\"async\" class=\"size-medium wp-image-8287\" src=\"https:\/\/cheminsplestinais.dcea.fr\/wp-content\/uploads\/2021\/10\/15-2-300x193.jpg\" alt=\"\" width=\"300\" height=\"193\" \/><\/a><figcaption id=\"caption-attachment-8287\" class=\"wp-caption-text\">Et pour clore cette matin\u00e9e de rentr\u00e9e, le casse-cro\u00fbte \u00e9tait offert par la municipalit\u00e9 de Saint Michel dont le maire, Fran\u00e7ois Ponchon, nous a chaudement remerci\u00e9s pour ce coup de main appr\u00e9ci\u00e9 par les \u00e9lus et les b\u00e9n\u00e9voles de la commune&#8230;<\/figcaption><\/figure>\n","protected":false},"excerpt":{"rendered":"<p>Le lundi 13 Septembre, l\u2019association a repris ses activit\u00e9s, apr\u00e8s la pause de l&rsquo;\u00e9t\u00e9&#8230; Nous avons d\u00e9but\u00e9 par un chantier sur le parcours du GR 34, \u00e0 la demande de Jean-Pierre Le Cuziat, de la commune de St Michel en Gr\u00e8ves, r\u00e9f\u00e9rent local de l&rsquo;association \u00a0\u00bb Mon Tro Breizh\u00a0\u00bb, accompagn\u00e9 pour la circonstance de Ga\u00ebl [&hellip;]<\/p>\n","protected":false},"author":5,"featured_media":0,"comment_status":"open","ping_status":"closed","sticky":false,"template":"","format":"standard","meta":{"footnotes":""},"categories":[2],"tags":[],"_links":{"self":[{"href":"https:\/\/cheminsplestinais.dcea.fr\/index.php?rest_route=\/wp\/v2\/posts\/8289"}],"collection":[{"href":"https:\/\/cheminsplestinais.dcea.fr\/index.php?rest_route=\/wp\/v2\/posts"}],"about":[{"href":"https:\/\/cheminsplestinais.dcea.fr\/index.php?rest_route=\/wp\/v2\/types\/post"}],"author":[{"embeddable":true,"href":"https:\/\/cheminsplestinais.dcea.fr\/index.php?rest_route=\/wp\/v2\/users\/5"}],"replies":[{"embeddable":true,"href":"https:\/\/cheminsplestinais.dcea.fr\/index.php?rest_route=%2Fwp%2Fv2%2Fcomments&post=8289"}],"version-history":[{"count":90,"href":"https:\/\/cheminsplestinais.dcea.fr\/index.php?rest_route=\/wp\/v2\/posts\/8289\/revisions"}],"predecessor-version":[{"id":8379,"href":"https:\/\/cheminsplestinais.dcea.fr\/index.php?rest_route=\/wp\/v2\/posts\/8289\/revisions\/8379"}],"wp:attachment":[{"href":"https:\/\/cheminsplestinais.dcea.fr\/index.php?rest_route=%2Fwp%2Fv2%2Fmedia&parent=8289"}],"wp:term":[{"taxonomy":"category","embeddable":true,"href":"https:\/\/cheminsplestinais.dcea.fr\/index.php?rest_route=%2Fwp%2Fv2%2Fcategories&post=8289"},{"taxonomy":"post_tag","embeddable":true,"href":"https:\/\/cheminsplestinais.dcea.fr\/index.php?rest_route=%2Fwp%2Fv2%2Ftags&post=8289"}],"curies":[{"name":"wp","href":"https:\/\/api.w.org\/{rel}","templated":true}]}}