{"id":842,"date":"2015-04-10T09:21:58","date_gmt":"2015-04-10T08:21:58","guid":{"rendered":"http:\/\/www.cheminsplestinais.dcea.fr\/?p=842"},"modified":"2015-05-14T09:09:33","modified_gmt":"2015-05-14T08:09:33","slug":"recettes-bucoliques","status":"publish","type":"post","link":"https:\/\/cheminsplestinais.dcea.fr\/?p=842","title":{"rendered":"Recettes bucoliques"},"content":{"rendered":"<p>Le week-end dernier, deux adh\u00e9rents de l&rsquo;association, Jocelyne et Alain, ont arpent\u00e9 nos sentiers \u00e0 la recherche de berce, d&rsquo;ail ddes ours et d&rsquo;orties &#8230; dans un but culinaire.<\/p>\n<p>&nbsp;<\/p>\n<p>Ils vous proposent gentiment de tester leurs recettes.<\/p>\n<p><img loading=\"lazy\" decoding=\"async\" class=\"alignleft size-full wp-image-844\" src=\"https:\/\/cheminsplestinais.dcea.fr\/wp-content\/uploads\/2015\/04\/berce.jpg\" alt=\"SONY DSC\" width=\"872\" height=\"584\" srcset=\"https:\/\/cheminsplestinais.dcea.fr\/wp-content\/uploads\/2015\/04\/berce.jpg 872w, https:\/\/cheminsplestinais.dcea.fr\/wp-content\/uploads\/2015\/04\/berce-300x200.jpg 300w\" sizes=\"(max-width: 872px) 100vw, 872px\" \/><\/p>\n<p>&nbsp;<\/p>\n<p>Berce adulte<\/p>\n<p>avec au 1er plan<\/p>\n<p>les petites pousses \u00e0 cueillir.<\/p>\n<p><a href=\"https:\/\/cheminsplestinais.dcea.fr\/wp-content\/uploads\/2015\/04\/ail-des-ours.jpg\"><img loading=\"lazy\" decoding=\"async\" class=\"alignnone size-full wp-image-843\" src=\"https:\/\/cheminsplestinais.dcea.fr\/wp-content\/uploads\/2015\/04\/ail-des-ours.jpg\" alt=\"ail des ours\" width=\"245\" height=\"206\" \/><\/a>\u00a0\u00a0<a href=\"https:\/\/cheminsplestinais.dcea.fr\/wp-content\/uploads\/2015\/04\/dyn001_original_1080_613_pjpeg_38209_df3b74225042455be3f419cf9e4d53c9.jpg\"><img loading=\"lazy\" decoding=\"async\" class=\"alignnone wp-image-845\" src=\"https:\/\/cheminsplestinais.dcea.fr\/wp-content\/uploads\/2015\/04\/dyn001_original_1080_613_pjpeg_38209_df3b74225042455be3f419cf9e4d53c9-300x170.jpg\" alt=\"dyn001_original_1080_613_pjpeg_38209_df3b74225042455be3f419cf9e4d53c9\" width=\"215\" height=\"122\" srcset=\"https:\/\/cheminsplestinais.dcea.fr\/wp-content\/uploads\/2015\/04\/dyn001_original_1080_613_pjpeg_38209_df3b74225042455be3f419cf9e4d53c9-300x170.jpg 300w, https:\/\/cheminsplestinais.dcea.fr\/wp-content\/uploads\/2015\/04\/dyn001_original_1080_613_pjpeg_38209_df3b74225042455be3f419cf9e4d53c9-1024x581.jpg 1024w, https:\/\/cheminsplestinais.dcea.fr\/wp-content\/uploads\/2015\/04\/dyn001_original_1080_613_pjpeg_38209_df3b74225042455be3f419cf9e4d53c9.jpg 1080w\" sizes=\"(max-width: 215px) 100vw, 215px\" \/><\/a><\/p>\n<p>&nbsp;<\/p>\n<p style=\"text-align: center;\">Ail des ours \u00a0 \u00a0 \u00a0 \u00a0 \u00a0et la c\u00e9l\u00e8bre \u00ab\u00a0Urtica dioica\u00a0\u00bb.<\/p>\n<p>&nbsp;<\/p>\n<p><span style=\"color: #800000;\">Recette n\u00b01<\/span>\u00a0 \u00e0 base de berce et d&rsquo;ail des ours<!--more--><\/p>\n<pre>\u00a0- \u00a0prendre une p\u00e2te feuillet\u00e9e,<\/pre>\n<pre> - la recouvrir d'ail des ours cisel\u00e9e, \r\n<\/pre>\n<pre> - y disposer une couche de berce (apr\u00e8s l'avoir \u00e9bouillant\u00e9e), \r\n<\/pre>\n<pre> - ajouter quelques lardons\r\n<\/pre>\n<pre> - et finir par une pr\u00e9paration oeufs\/cr\u00e8me\/lait comme pour une quiche.\r\n<\/pre>\n<pre><span style=\"color: #003300;\"><em>Jocelyne avait apport\u00e9 cette tarte \u00e0 l'inauguration de la fontaine St-Gestin et nous l'avions bien appr\u00e9ci\u00e9e.<\/em>\r\n<\/span><\/pre>\n<pre><\/pre>\n<pre><span style=\"color: #800000;\">Recette n\u00b02 :<\/span> Beignets souffl\u00e9s au jambon et \u00e0 l'ortie (4 personnes)\r\n<\/pre>\n<p><strong>Ingr\u00e9dients :<\/strong><\/p>\n<p style=\"padding-left: 30px;\"><em>\u00a0 \u00a0 P\u00e2te \u00e0 choux<\/em> : \u00a0 \u00a025 cl d&rsquo;eau<\/p>\n<p style=\"padding-left: 150px;\">60 g de beurre<\/p>\n<p style=\"padding-left: 150px;\">125 g de farine<\/p>\n<p style=\"padding-left: 150px;\">4 oeufs.<\/p>\n<p style=\"padding-left: 30px;\"><em>\u00a0 \u00a0 Garniture<\/em> : \u00a0 \u00a0 \u00a0 \u00a0 \u00a0 100 g de jambon blanc<\/p>\n<p style=\"padding-left: 150px;\">100 g d&rsquo;orties<\/p>\n<p style=\"padding-left: 150px;\">20 g de beurre<\/p>\n<p style=\"padding-left: 150px;\">Bain de friture, sel poivre, noix de muscade.<\/p>\n<p>&nbsp;<\/p>\n<p><strong>Technique de r\u00e9alisation :<\/strong><\/p>\n<p style=\"padding-left: 30px;\">\u00a0* <em>Confectionner la p\u00e2te \u00e0 choux<\/em> :<\/p>\n<p style=\"padding-left: 60px;\">&#8211; Mettre dans un r\u00e9cipient de cuisson : l&rsquo;eau, le beurre fractionn\u00e9 et un peu de sel\u00a0(on peut rajouter de la noix de muscade)<\/p>\n<p style=\"padding-left: 60px;\">&#8211; Amener \u00e0 \u00e9bullition<\/p>\n<p style=\"padding-left: 60px;\">&#8211; Retirer du feu et ajouter la farine tamis\u00e9e en une seule fois<\/p>\n<p style=\"padding-left: 60px;\">&#8211; Remuer le m\u00e9lange avec une cuiller en bois<\/p>\n<p style=\"padding-left: 60px;\">&#8211; Remettre sur le feu et \u00ab\u00a0dess\u00e9cher\u00a0\u00bb jusqu&rsquo;\u00e0 ce que la p\u00e2te se d\u00e9tache du bord du r\u00e9cipient<\/p>\n<p style=\"padding-left: 60px;\">&#8211; Hors du feu, dans la pr\u00e9paration chaude, ajouter les oeufs un \u00e0 un en agitant rapidement.<\/p>\n<p style=\"padding-left: 30px;\">* <em>D\u00e9tailler le jambon en petits d\u00e9s<\/em><\/p>\n<p style=\"padding-left: 30px;\"><em>*\u00a0\u00c9tuver\u00a0dans 20 g de beurre les orties d\u00e9taill\u00e9es en lani\u00e8res,<br \/>\net cela jusqu&rsquo;\u00e0 cuisson compl\u00e8te<\/em><\/p>\n<p style=\"padding-left: 30px;\"><em>* Incorporer \u00e0 la p\u00e2te \u00e0 choux jambon et orties bien \u00e9goutt\u00e9es<\/em><\/p>\n<p style=\"padding-left: 30px;\"><em>* Dans un bain de friture chauff\u00e9 \u00e0 160\u00b0, jeter des petites boules de p\u00e2te \u00e0 choux, r\u00e9alis\u00e9es \u00e0 l&rsquo;aide d&rsquo;une cuiller moyenne.<br \/>\nCuire 4 \u00e0 5 minutes<\/em><\/p>\n<p style=\"padding-left: 30px;\"><em>* Renouveler l&rsquo;op\u00e9ration jusqu&rsquo;\u00e0 ce qu&rsquo;il ne reste plus de pr\u00e9paration.<\/em><\/p>\n<p>&nbsp;<\/p>\n<p><span style=\"color: #800000;\">Remarque<\/span> : les beignets peuvent \u00eatre servis en hors d&rsquo;oeuvre<br \/>\nou \u00e0 l&rsquo;ap\u00e9ritif.<\/p>\n<p style=\"padding-left: 90px;\">Bon app\u00e9tit !<\/p>\n<address>\u00a0<\/address>\n<address><span style=\"color: #003300;\">Si vous avez d&rsquo;autres recettes utilisant des plantes sauvages que &lsquo;on peut trouver sur nos chemins (par exemple les pissenlits), nous nous ferons un plaisir de les publier.<\/span><\/address>\n<p>&nbsp;<\/p>\n<p>&nbsp;<\/p>\n<p>&nbsp;<\/p>\n<p>&nbsp;<\/p>\n<p>&nbsp;<\/p>\n<p>&nbsp;<\/p>\n<p>&nbsp;<\/p>\n<p>&nbsp;<\/p>\n<p>&nbsp;<\/p>\n<p>&nbsp;<\/p>\n","protected":false},"excerpt":{"rendered":"<p>Le week-end dernier, deux adh\u00e9rents de l&rsquo;association, Jocelyne et Alain, ont arpent\u00e9 nos sentiers \u00e0 la recherche de berce, d&rsquo;ail ddes ours et d&rsquo;orties &#8230; dans un but culinaire. &nbsp; Ils vous proposent gentiment de tester leurs recettes. &nbsp; Berce adulte avec au 1er plan les petites pousses \u00e0 cueillir. \u00a0\u00a0 &nbsp; Ail des ours [&hellip;]<\/p>\n","protected":false},"author":1,"featured_media":0,"comment_status":"open","ping_status":"open","sticky":false,"template":"","format":"standard","meta":{"footnotes":""},"categories":[1],"tags":[8],"_links":{"self":[{"href":"https:\/\/cheminsplestinais.dcea.fr\/index.php?rest_route=\/wp\/v2\/posts\/842"}],"collection":[{"href":"https:\/\/cheminsplestinais.dcea.fr\/index.php?rest_route=\/wp\/v2\/posts"}],"about":[{"href":"https:\/\/cheminsplestinais.dcea.fr\/index.php?rest_route=\/wp\/v2\/types\/post"}],"author":[{"embeddable":true,"href":"https:\/\/cheminsplestinais.dcea.fr\/index.php?rest_route=\/wp\/v2\/users\/1"}],"replies":[{"embeddable":true,"href":"https:\/\/cheminsplestinais.dcea.fr\/index.php?rest_route=%2Fwp%2Fv2%2Fcomments&post=842"}],"version-history":[{"count":28,"href":"https:\/\/cheminsplestinais.dcea.fr\/index.php?rest_route=\/wp\/v2\/posts\/842\/revisions"}],"predecessor-version":[{"id":874,"href":"https:\/\/cheminsplestinais.dcea.fr\/index.php?rest_route=\/wp\/v2\/posts\/842\/revisions\/874"}],"wp:attachment":[{"href":"https:\/\/cheminsplestinais.dcea.fr\/index.php?rest_route=%2Fwp%2Fv2%2Fmedia&parent=842"}],"wp:term":[{"taxonomy":"category","embeddable":true,"href":"https:\/\/cheminsplestinais.dcea.fr\/index.php?rest_route=%2Fwp%2Fv2%2Fcategories&post=842"},{"taxonomy":"post_tag","embeddable":true,"href":"https:\/\/cheminsplestinais.dcea.fr\/index.php?rest_route=%2Fwp%2Fv2%2Ftags&post=842"}],"curies":[{"name":"wp","href":"https:\/\/api.w.org\/{rel}","templated":true}]}}