{"id":8629,"date":"2022-04-27T11:18:41","date_gmt":"2022-04-27T10:18:41","guid":{"rendered":"http:\/\/cheminsplestinais.dcea.fr\/?p=8629"},"modified":"2022-04-27T13:37:09","modified_gmt":"2022-04-27T12:37:09","slug":"assemblee-generale-de-lassociation-chemins-plestinais-et-patrimoine-28-mars-2022","status":"publish","type":"post","link":"https:\/\/cheminsplestinais.dcea.fr\/?p=8629","title":{"rendered":"ASSEMBLEE GENERALE DE L\u2019ASSOCIATION<br>\u00ab CHEMINS PLESTINAIS ET PATRIMOINE \u00bb<br>28 mars 2022"},"content":{"rendered":"\n<p>L\u2019Assembl\u00e9e G\u00e9n\u00e9rale de notre association s\u2019est tenue le 28 mars 2022 dans l\u2019ancienne salle des f\u00eates jouxtant la mairie, sous la pr\u00e9sidence de Gildas Le Troadec.<\/p>\n\n\n\n<p><br>Nous avons donc assist\u00e9 \u00e0 un retour \u00e0 la normale, \u00e9tant donn\u00e9 que les deux pr\u00e9c\u00e9dentes assembl\u00e9es avaient d\u00fb se tenir en plein-air en raison de la pand\u00e9mie, en d\u00e9calage important par rapport au calendrier habituel.<\/p>\n\n\n\n<p class=\"has-text-align-left\"><br>La municipalit\u00e9 \u00e9tait repr\u00e9sent\u00e9e par Jacky Le Glas, notre interlocuteur habituel en mairie.<\/p>\n\n\n\n<p class=\"has-text-align-left\"><br>C\u2019est donc devant une belle assistance que notre pr\u00e9sident a ouvert l\u2019Assembl\u00e9e, par la pr\u00e9sentation du rapport moral, assist\u00e9 de Jean-Pierre HERVE et de Jocelyne NOBILI .<\/p>\n\n\n\n<p class=\"has-text-align-left\"><br>Le bilan financier a \u00e9t\u00e9 pr\u00e9sent\u00e9 par Alain NOBILI, tr\u00e9sorier de l\u2019association.<\/p>\n\n\n\n<p class=\"has-text-align-left\"><br>Le rapport moral et le bilan financier, que vous retrouverez en cliquant sur <a href=\"https:\/\/drive.google.com\/file\/d\/1wNQlHf8w4fGH4sDuYRseThdgtAFdKTxb\/view?usp=sharing\">Compte-rendu AG<\/a> , ont \u00e9t\u00e9 adopt\u00e9s \u00e0 l\u2019unanimit\u00e9.<\/p>\n\n\n\n<p class=\"has-text-align-left\"><br>L\u2019Assembl\u00e9e a \u00e9galement proc\u00e9d\u00e9 au renouvellement de son Conseil d\u2019Administration, dont le tiers sortant a \u00e9t\u00e9 reconduit \u00e0 l\u2019unanimit\u00e9. A noter, l\u2019entr\u00e9e d\u2019une nouvelle administratrice, en la personne d\u2019Annie MECHIN, portant \u00e0 20 le nombre d\u2019administrateurs.<\/p>\n\n\n\n<p class=\"has-text-align-left\"><br>Il est ressorti de l\u2019Assembl\u00e9e que l\u2019ann\u00e9e \u00e9coul\u00e9e a connu une activit\u00e9 soutenue sur les diff\u00e9rents chantiers r\u00e9partis sur la commune, malgr\u00e9 les contraintes impos\u00e9es par la pand\u00e9mie. L\u2019association a ainsi pu confier ses diff\u00e9rents chantiers \u00e0 des \u00e9quipes restreintes, dans le respect des r\u00e8gles sanitaires, afin d\u2019assurer l\u2019entretien et l\u2019am\u00e9lioration de son r\u00e9seau de sentiers, sans oublier la r\u00e9habilitation de petit patrimoine.<\/p>\n\n\n\n<p class=\"has-text-align-left\"><br>L\u2019association est \u00e9galement impatiente d\u2019int\u00e9grer les nouveaux locaux mis \u00e0 disposition par la municipalit\u00e9, d\u00e8s que les travaux de remise en \u00e9tat auront \u00e9t\u00e9 r\u00e9alis\u00e9s.<\/p>\n\n\n\n<p class=\"has-text-align-left\"><br>Les projets ne manquent pas pour l\u2019ann\u00e9e \u00e0 venir, projets que le Conseil d\u2019Administration sera amen\u00e9 \u00e0 affiner lors de sa prochaine r\u00e9union (Cf. renvoi \u00e0 \u00ab  <a href=\"https:\/\/drive.google.com\/file\/d\/1wNQlHf8w4fGH4sDuYRseThdgtAFdKTxb\/view?usp=sharing\">Compte-rendu AG<\/a>  \u00bb).<\/p>\n\n\n\n<p class=\"has-text-align-left\"><br><strong>Au nombre de ces projets, une importante nouveaut\u00e9 est d\u00e9j\u00e0 acquise <\/strong>: la mise \u00e0 disposition d\u00e8s cet \u00e9t\u00e9 d\u2019une nouvelle s\u00e9rie de fiches \u00e0 l\u2019intention des randonneurs, fiches dont l\u2019\u00e9dition est financ\u00e9e par la ville de Plestin et dont la conception &#8211; bien plus complexe qu\u2019il n\u2019y para\u00eet &#8211; a fait l\u2019objet d\u2019un travail conjoint entre la municipalit\u00e9 et une \u00e9quipe de b\u00e9n\u00e9voles pendant plusieurs mois. Ces fiches, dont la conception a \u00e9t\u00e9 \u00e9tudi\u00e9e pour en rendre l\u2019usage simple et attrayant, sont donc amen\u00e9es \u00e0 devenir le compagnon indispensable pour toute personne d\u00e9sirant d\u00e9couvrir notre superbe r\u00e9seau de \u00ab boucles \u00bb ! Le public sera inform\u00e9 par la voie de notre blog des modalit\u00e9s d\u2019acc\u00e8s \u00e0 ces fiches d\u00e8s qu\u2019elles seront disponibles.<\/p>\n\n\n\n<p class=\"has-text-align-left\"><br>L\u2019Assembl\u00e9e s\u2019est poursuivie par la projection d\u2019un sympathique diaporama r\u00e9trospectif r\u00e9alis\u00e9 par Annick ABASQ, avant que notre Pr\u00e9sident, Gildas Le Troadec, ne proc\u00e8de \u00e0 sa cl\u00f4ture apr\u00e8s avoir invit\u00e9 l\u2019assistance \u00e0 partager l\u2019ap\u00e9ritif, suivi du traditionnel buffet confectionn\u00e9 par les adh\u00e9rents de l\u2019association, toujours tr\u00e8s appr\u00e9ci\u00e9.<br>Ne manquez pas le prochain article du blog, lequel r\u00e9capitulera de mani\u00e8re illustr\u00e9e l\u2019activit\u00e9 des Chemins Plestinais et Patrimoine au cours de ces derniers mois !<\/p>\n\n\n\n<div class=\"wp-block-media-text alignwide is-stacked-on-mobile\" style=\"grid-template-columns:66% auto\"><figure class=\"wp-block-media-text__media\"><img loading=\"lazy\" decoding=\"async\" width=\"1006\" height=\"1024\" src=\"https:\/\/cheminsplestinais.dcea.fr\/wp-content\/uploads\/2022\/04\/2022-03-2820AG20CPP20TE9lE9gramme-page-0-1006x1024.jpg\" alt=\"\" class=\"wp-image-8622 size-full\" srcset=\"https:\/\/cheminsplestinais.dcea.fr\/wp-content\/uploads\/2022\/04\/2022-03-2820AG20CPP20TE9lE9gramme-page-0-1006x1024.jpg 1006w, https:\/\/cheminsplestinais.dcea.fr\/wp-content\/uploads\/2022\/04\/2022-03-2820AG20CPP20TE9lE9gramme-page-0-295x300.jpg 295w, https:\/\/cheminsplestinais.dcea.fr\/wp-content\/uploads\/2022\/04\/2022-03-2820AG20CPP20TE9lE9gramme-page-0-768x782.jpg 768w, https:\/\/cheminsplestinais.dcea.fr\/wp-content\/uploads\/2022\/04\/2022-03-2820AG20CPP20TE9lE9gramme-page-0-1509x1536.jpg 1509w, https:\/\/cheminsplestinais.dcea.fr\/wp-content\/uploads\/2022\/04\/2022-03-2820AG20CPP20TE9lE9gramme-page-0.jpg 2000w\" sizes=\"(max-width: 1006px) 100vw, 1006px\" \/><\/figure><div class=\"wp-block-media-text__content\">\n<p class=\"has-small-font-size\"><em>La presse locale s\u2019est fait l\u2019\u00e9cho de notre assembl\u00e9e, laquelle s\u2019est d\u00e9roul\u00e9e devant une belle assistance.<\/em><\/p>\n<\/div><\/div>\n\n\n\n<p><\/p>\n\n\n\n<p><\/p>\n\n\n\n<div class=\"wp-block-media-text alignwide has-media-on-the-right is-stacked-on-mobile\"><figure class=\"wp-block-media-text__media\"><img loading=\"lazy\" decoding=\"async\" width=\"768\" height=\"1024\" src=\"https:\/\/cheminsplestinais.dcea.fr\/wp-content\/uploads\/2022\/04\/20220328_181101-768x1024.jpg\" alt=\"\" class=\"wp-image-8623 size-full\" srcset=\"https:\/\/cheminsplestinais.dcea.fr\/wp-content\/uploads\/2022\/04\/20220328_181101-768x1024.jpg 768w, https:\/\/cheminsplestinais.dcea.fr\/wp-content\/uploads\/2022\/04\/20220328_181101-225x300.jpg 225w, https:\/\/cheminsplestinais.dcea.fr\/wp-content\/uploads\/2022\/04\/20220328_181101-1152x1536.jpg 1152w, https:\/\/cheminsplestinais.dcea.fr\/wp-content\/uploads\/2022\/04\/20220328_181101-1536x2048.jpg 1536w, https:\/\/cheminsplestinais.dcea.fr\/wp-content\/uploads\/2022\/04\/20220328_181101-scaled.jpg 1920w\" sizes=\"(max-width: 768px) 100vw, 768px\" \/><\/figure><div class=\"wp-block-media-text__content\">\n<p class=\"has-small-font-size\"><em>La municipalit\u00e9 \u00e9tait repr\u00e9sent<\/em>\u00e9e<em> par Jacques Le Glas.<\/em><\/p>\n<\/div><\/div>\n\n\n\n<p><\/p>\n\n\n\n<p><\/p>\n\n\n\n<figure class=\"wp-block-image size-large\"><img loading=\"lazy\" decoding=\"async\" width=\"1024\" height=\"548\" src=\"https:\/\/cheminsplestinais.dcea.fr\/wp-content\/uploads\/2022\/04\/P1040453-1024x548.jpg\" alt=\"\" class=\"wp-image-8627\" srcset=\"https:\/\/cheminsplestinais.dcea.fr\/wp-content\/uploads\/2022\/04\/P1040453-1024x548.jpg 1024w, https:\/\/cheminsplestinais.dcea.fr\/wp-content\/uploads\/2022\/04\/P1040453-300x161.jpg 300w, https:\/\/cheminsplestinais.dcea.fr\/wp-content\/uploads\/2022\/04\/P1040453-768x411.jpg 768w, https:\/\/cheminsplestinais.dcea.fr\/wp-content\/uploads\/2022\/04\/P1040453-1536x822.jpg 1536w, https:\/\/cheminsplestinais.dcea.fr\/wp-content\/uploads\/2022\/04\/P1040453.jpg 2000w\" sizes=\"(max-width: 1024px) 100vw, 1024px\" \/><figcaption><em><sub>Notre pr\u00e9sident, Gildas Le Troadec, ouvre la s\u00e9ance, entour\u00e9 du Bureau au grand complet ( de G \u00e0 D: Georges Lebreton, secr\u00e9taire, Jocelyne Nobili, secr\u00e9taire adjointe, Jean-Pierre Herv\u00e9, vice-pr\u00e9sident, Alain Nobili, tr\u00e9sorier, Annick Abasq, tr\u00e9sori\u00e8re adjointe).<\/sub><\/em><\/figcaption><\/figure>\n\n\n\n<p><\/p>\n\n\n\n<p><\/p>\n\n\n\n<div class=\"wp-block-media-text alignwide is-stacked-on-mobile\" style=\"grid-template-columns:65% auto\"><figure class=\"wp-block-media-text__media\"><img loading=\"lazy\" decoding=\"async\" width=\"1024\" height=\"530\" src=\"https:\/\/cheminsplestinais.dcea.fr\/wp-content\/uploads\/2022\/04\/P1040454-1024x530.jpg\" alt=\"\" class=\"wp-image-8628 size-full\" srcset=\"https:\/\/cheminsplestinais.dcea.fr\/wp-content\/uploads\/2022\/04\/P1040454-1024x530.jpg 1024w, https:\/\/cheminsplestinais.dcea.fr\/wp-content\/uploads\/2022\/04\/P1040454-300x155.jpg 300w, https:\/\/cheminsplestinais.dcea.fr\/wp-content\/uploads\/2022\/04\/P1040454-768x398.jpg 768w, https:\/\/cheminsplestinais.dcea.fr\/wp-content\/uploads\/2022\/04\/P1040454-1536x796.jpg 1536w, https:\/\/cheminsplestinais.dcea.fr\/wp-content\/uploads\/2022\/04\/P1040454.jpg 2000w\" sizes=\"(max-width: 1024px) 100vw, 1024px\" \/><\/figure><div class=\"wp-block-media-text__content\">\n<p class=\"has-small-font-size\"><em>A l\u2019issue de l\u2019assembl\u00e9e, le pr\u00e9sident a invit\u00e9 les membres de l\u2019association \u00e0 partager l\u2019ap\u00e9ritif\u2026<\/em><\/p>\n<\/div><\/div>\n\n\n\n<p><\/p>\n\n\n\n<p><\/p>\n\n\n\n<div class=\"wp-block-media-text alignwide has-media-on-the-right is-stacked-on-mobile\" style=\"grid-template-columns:auto 60%\"><figure class=\"wp-block-media-text__media\"><img loading=\"lazy\" decoding=\"async\" width=\"768\" height=\"1024\" src=\"https:\/\/cheminsplestinais.dcea.fr\/wp-content\/uploads\/2022\/04\/20220328_203948-768x1024.jpg\" alt=\"\" class=\"wp-image-8624 size-full\" srcset=\"https:\/\/cheminsplestinais.dcea.fr\/wp-content\/uploads\/2022\/04\/20220328_203948-768x1024.jpg 768w, https:\/\/cheminsplestinais.dcea.fr\/wp-content\/uploads\/2022\/04\/20220328_203948-225x300.jpg 225w, https:\/\/cheminsplestinais.dcea.fr\/wp-content\/uploads\/2022\/04\/20220328_203948-1152x1536.jpg 1152w, https:\/\/cheminsplestinais.dcea.fr\/wp-content\/uploads\/2022\/04\/20220328_203948-1536x2048.jpg 1536w, https:\/\/cheminsplestinais.dcea.fr\/wp-content\/uploads\/2022\/04\/20220328_203948-scaled.jpg 1920w\" sizes=\"(max-width: 768px) 100vw, 768px\" \/><\/figure><div class=\"wp-block-media-text__content\">\n<p class=\"has-small-font-size\"><em>\u2026lequel s\u2019est poursuivi par un buffet r\u00e9alis\u00e9 par les adh\u00e9rents, toujours fort appr\u00e9ci\u00e9 de tous.<\/em><\/p>\n<\/div><\/div>\n\n\n\n<p><\/p>\n\n\n\n<p><\/p>\n\n\n\n<div class=\"wp-block-media-text alignwide is-stacked-on-mobile\" style=\"grid-template-columns:60% auto\"><figure class=\"wp-block-media-text__media\"><img loading=\"lazy\" decoding=\"async\" width=\"887\" height=\"1024\" src=\"https:\/\/cheminsplestinais.dcea.fr\/wp-content\/uploads\/2022\/04\/P1040449-887x1024.jpg\" alt=\"\" class=\"wp-image-8626 size-full\" srcset=\"https:\/\/cheminsplestinais.dcea.fr\/wp-content\/uploads\/2022\/04\/P1040449-887x1024.jpg 887w, https:\/\/cheminsplestinais.dcea.fr\/wp-content\/uploads\/2022\/04\/P1040449-260x300.jpg 260w, https:\/\/cheminsplestinais.dcea.fr\/wp-content\/uploads\/2022\/04\/P1040449-768x887.jpg 768w, https:\/\/cheminsplestinais.dcea.fr\/wp-content\/uploads\/2022\/04\/P1040449-1330x1536.jpg 1330w, https:\/\/cheminsplestinais.dcea.fr\/wp-content\/uploads\/2022\/04\/P1040449-1774x2048.jpg 1774w, https:\/\/cheminsplestinais.dcea.fr\/wp-content\/uploads\/2022\/04\/P1040449.jpg 2000w\" sizes=\"(max-width: 887px) 100vw, 887px\" \/><\/figure><div class=\"wp-block-media-text__content\">\n<p class=\"has-small-font-size\"><em>Ce qui ne saurait faire oublier un moment essentiel: le renouvellement des cotisations!<\/em><\/p>\n<\/div><\/div>\n\n\n\n<p><\/p>\n\n\n\n<div class=\"wp-block-media-text alignwide has-media-on-the-right is-stacked-on-mobile\" style=\"grid-template-columns:auto 59%\"><figure class=\"wp-block-media-text__media\"><img loading=\"lazy\" decoding=\"async\" width=\"768\" height=\"1024\" src=\"https:\/\/cheminsplestinais.dcea.fr\/wp-content\/uploads\/2022\/04\/20220328_213004-768x1024.jpg\" alt=\"\" class=\"wp-image-8625 size-full\" srcset=\"https:\/\/cheminsplestinais.dcea.fr\/wp-content\/uploads\/2022\/04\/20220328_213004-768x1024.jpg 768w, https:\/\/cheminsplestinais.dcea.fr\/wp-content\/uploads\/2022\/04\/20220328_213004-225x300.jpg 225w, https:\/\/cheminsplestinais.dcea.fr\/wp-content\/uploads\/2022\/04\/20220328_213004-1152x1536.jpg 1152w, https:\/\/cheminsplestinais.dcea.fr\/wp-content\/uploads\/2022\/04\/20220328_213004-1536x2048.jpg 1536w, https:\/\/cheminsplestinais.dcea.fr\/wp-content\/uploads\/2022\/04\/20220328_213004-scaled.jpg 1920w\" sizes=\"(max-width: 768px) 100vw, 768px\" \/><\/figure><div class=\"wp-block-media-text__content\">\n<p class=\"has-small-font-size\"><em>L\u2019association met un point d\u2019honneur \u00e0 rendre les lieux parfaitement rang\u00e9s et propres. A l\u2019oeuvre, deux de nos \u201ctechniciennes de surfaces\u201d \u00e0 la technique \u00e9prouv\u00e9e, pour qui le maniement du balai en bin\u00f4me n\u2019a plus le moindre secret!<\/em><\/p>\n<\/div><\/div>\n","protected":false},"excerpt":{"rendered":"<p>L\u2019Assembl\u00e9e G\u00e9n\u00e9rale de notre association s\u2019est tenue le 28 mars 2022 dans l\u2019ancienne salle des f\u00eates jouxtant la mairie, sous la pr\u00e9sidence de Gildas Le Troadec. Nous avons donc assist\u00e9 \u00e0 un retour \u00e0 la normale, \u00e9tant donn\u00e9 que les deux pr\u00e9c\u00e9dentes assembl\u00e9es avaient d\u00fb se tenir en plein-air en raison de la pand\u00e9mie, en [&hellip;]<\/p>\n","protected":false},"author":6,"featured_media":0,"comment_status":"open","ping_status":"closed","sticky":false,"template":"","format":"standard","meta":{"footnotes":""},"categories":[9],"tags":[],"_links":{"self":[{"href":"https:\/\/cheminsplestinais.dcea.fr\/index.php?rest_route=\/wp\/v2\/posts\/8629"}],"collection":[{"href":"https:\/\/cheminsplestinais.dcea.fr\/index.php?rest_route=\/wp\/v2\/posts"}],"about":[{"href":"https:\/\/cheminsplestinais.dcea.fr\/index.php?rest_route=\/wp\/v2\/types\/post"}],"author":[{"embeddable":true,"href":"https:\/\/cheminsplestinais.dcea.fr\/index.php?rest_route=\/wp\/v2\/users\/6"}],"replies":[{"embeddable":true,"href":"https:\/\/cheminsplestinais.dcea.fr\/index.php?rest_route=%2Fwp%2Fv2%2Fcomments&post=8629"}],"version-history":[{"count":22,"href":"https:\/\/cheminsplestinais.dcea.fr\/index.php?rest_route=\/wp\/v2\/posts\/8629\/revisions"}],"predecessor-version":[{"id":8656,"href":"https:\/\/cheminsplestinais.dcea.fr\/index.php?rest_route=\/wp\/v2\/posts\/8629\/revisions\/8656"}],"wp:attachment":[{"href":"https:\/\/cheminsplestinais.dcea.fr\/index.php?rest_route=%2Fwp%2Fv2%2Fmedia&parent=8629"}],"wp:term":[{"taxonomy":"category","embeddable":true,"href":"https:\/\/cheminsplestinais.dcea.fr\/index.php?rest_route=%2Fwp%2Fv2%2Fcategories&post=8629"},{"taxonomy":"post_tag","embeddable":true,"href":"https:\/\/cheminsplestinais.dcea.fr\/index.php?rest_route=%2Fwp%2Fv2%2Ftags&post=8629"}],"curies":[{"name":"wp","href":"https:\/\/api.w.org\/{rel}","templated":true}]}}