{"id":8734,"date":"2022-05-30T16:17:00","date_gmt":"2022-05-30T15:17:00","guid":{"rendered":"http:\/\/cheminsplestinais.dcea.fr\/?p=8734"},"modified":"2022-05-30T16:17:03","modified_gmt":"2022-05-30T15:17:03","slug":"un-premier-trimestre-2022-tres-actif","status":"publish","type":"post","link":"https:\/\/cheminsplestinais.dcea.fr\/?p=8734","title":{"rendered":"Un premier trimestre 2022 tr\u00e8s actif &#8230;"},"content":{"rendered":"\n<p>Apr\u00e8s des f\u00eates de fin d\u2019ann\u00e9e o\u00f9 serpentins et cotillons se sont faits tr\u00e8s discrets, toujours en raison de la pand\u00e9mie qui persiste \u00e0 r\u00f4der en tous lieux, nous avons repris le chemin de nos chantiers, lesquels ont l\u2019avantage de nous permettre de respirer en pleine nature\u2026<br>Nous avons donc continu\u00e9, dans un premier temps, \u00e0 nous \u00e9gayer par petits groupes et avons retrouv\u00e9 les chantiers tels que nous les avions quitt\u00e9s en fin d\u2019ann\u00e9e.<\/p>\n\n\n\n<p class=\"has-medium-font-size\"><strong>Chantier de Collogot&nbsp;:&nbsp;<\/strong><\/p>\n\n\n\n<div class=\"wp-block-media-text alignwide is-stacked-on-mobile\"><figure class=\"wp-block-media-text__media\"><img loading=\"lazy\" decoding=\"async\" width=\"768\" height=\"1024\" src=\"https:\/\/cheminsplestinais.dcea.fr\/wp-content\/uploads\/2022\/05\/001Collogot-1-768x1024.jpg\" alt=\"\" class=\"wp-image-8736 size-full\" srcset=\"https:\/\/cheminsplestinais.dcea.fr\/wp-content\/uploads\/2022\/05\/001Collogot-1-768x1024.jpg 768w, https:\/\/cheminsplestinais.dcea.fr\/wp-content\/uploads\/2022\/05\/001Collogot-1-225x300.jpg 225w, https:\/\/cheminsplestinais.dcea.fr\/wp-content\/uploads\/2022\/05\/001Collogot-1-1152x1536.jpg 1152w, https:\/\/cheminsplestinais.dcea.fr\/wp-content\/uploads\/2022\/05\/001Collogot-1-1536x2048.jpg 1536w, https:\/\/cheminsplestinais.dcea.fr\/wp-content\/uploads\/2022\/05\/001Collogot-1-scaled.jpg 1920w\" sizes=\"(max-width: 768px) 100vw, 768px\" \/><\/figure><div class=\"wp-block-media-text__content\">\n<p class=\"has-small-font-size\"><em>Grand myst\u00e8re \u00e0 Collogot: la fontaine\u2026ne coule plus ! Seule subsiste une malheureuse mare. Pourtant, Bernard, notre sourcier maison, est cat\u00e9gorique: il y a de l\u2019eau en amont.<\/em><\/p>\n<\/div><\/div>\n\n\n\n<div class=\"wp-block-media-text alignwide has-media-on-the-right is-stacked-on-mobile\"><figure class=\"wp-block-media-text__media\"><img loading=\"lazy\" decoding=\"async\" width=\"768\" height=\"1024\" src=\"https:\/\/cheminsplestinais.dcea.fr\/wp-content\/uploads\/2022\/05\/002Collogot-1-768x1024.jpg\" alt=\"\" class=\"wp-image-8738 size-full\" srcset=\"https:\/\/cheminsplestinais.dcea.fr\/wp-content\/uploads\/2022\/05\/002Collogot-1-768x1024.jpg 768w, https:\/\/cheminsplestinais.dcea.fr\/wp-content\/uploads\/2022\/05\/002Collogot-1-225x300.jpg 225w, https:\/\/cheminsplestinais.dcea.fr\/wp-content\/uploads\/2022\/05\/002Collogot-1-1152x1536.jpg 1152w, https:\/\/cheminsplestinais.dcea.fr\/wp-content\/uploads\/2022\/05\/002Collogot-1-1536x2048.jpg 1536w, https:\/\/cheminsplestinais.dcea.fr\/wp-content\/uploads\/2022\/05\/002Collogot-1-scaled.jpg 1920w\" sizes=\"(max-width: 768px) 100vw, 768px\" \/><\/figure><div class=\"wp-block-media-text__content\">\n<p class=\"has-small-font-size\"><em>Les ruines d\u2019un b\u00e2timent envahi par la v\u00e9g\u00e9tation ont \u00e9t\u00e9 mises au jour.<\/em><\/p>\n<\/div><\/div>\n\n\n\n<p><\/p>\n\n\n\n<div class=\"wp-block-media-text alignwide is-stacked-on-mobile\" style=\"grid-template-columns:69% auto\"><figure class=\"wp-block-media-text__media\"><img loading=\"lazy\" decoding=\"async\" width=\"800\" height=\"600\" src=\"https:\/\/cheminsplestinais.dcea.fr\/wp-content\/uploads\/2022\/05\/003-Collogot-1.jpg\" alt=\"\" class=\"wp-image-8743 size-full\" srcset=\"https:\/\/cheminsplestinais.dcea.fr\/wp-content\/uploads\/2022\/05\/003-Collogot-1.jpg 800w, https:\/\/cheminsplestinais.dcea.fr\/wp-content\/uploads\/2022\/05\/003-Collogot-1-300x225.jpg 300w, https:\/\/cheminsplestinais.dcea.fr\/wp-content\/uploads\/2022\/05\/003-Collogot-1-768x576.jpg 768w\" sizes=\"(max-width: 800px) 100vw, 800px\" \/><\/figure><div class=\"wp-block-media-text__content\">\n<p class=\"has-small-font-size\"><em>Le r\u00f4le de l\u2019association s\u2019arr\u00eate \u00e0 la r\u00e9fection du muret attenant\u2026<\/em><\/p>\n<\/div><\/div>\n\n\n\n<p><\/p>\n\n\n\n<div class=\"wp-block-media-text alignwide has-media-on-the-right is-stacked-on-mobile\" style=\"grid-template-columns:auto 62%\"><figure class=\"wp-block-media-text__media\"><img loading=\"lazy\" decoding=\"async\" width=\"800\" height=\"600\" src=\"https:\/\/cheminsplestinais.dcea.fr\/wp-content\/uploads\/2022\/05\/004-Collogot-1.jpg\" alt=\"\" class=\"wp-image-8746 size-full\" srcset=\"https:\/\/cheminsplestinais.dcea.fr\/wp-content\/uploads\/2022\/05\/004-Collogot-1.jpg 800w, https:\/\/cheminsplestinais.dcea.fr\/wp-content\/uploads\/2022\/05\/004-Collogot-1-300x225.jpg 300w, https:\/\/cheminsplestinais.dcea.fr\/wp-content\/uploads\/2022\/05\/004-Collogot-1-768x576.jpg 768w\" sizes=\"(max-width: 800px) 100vw, 800px\" \/><\/figure><div class=\"wp-block-media-text__content\">\n<p class=\"has-small-font-size\"><em>\u2026lequel a \u00e9t\u00e9 \u00e9rig\u00e9 avec l\u2019indispensable \u201cgadoue\u201d que nos ma\u00e7ons pr\u00e9parent dans la bonne humeur!<\/em><\/p>\n<\/div><\/div>\n\n\n\n<p><\/p>\n\n\n\n<p class=\"has-medium-font-size\"><strong>Chantier de Saint Haran&nbsp;:<\/strong><\/p>\n\n\n\n<div class=\"wp-block-media-text alignwide is-stacked-on-mobile\" style=\"grid-template-columns:66% auto\"><figure class=\"wp-block-media-text__media\"><img loading=\"lazy\" decoding=\"async\" width=\"1024\" height=\"768\" src=\"https:\/\/cheminsplestinais.dcea.fr\/wp-content\/uploads\/2022\/05\/005-St-Haran-1-1024x768.jpg\" alt=\"\" class=\"wp-image-8749 size-full\" srcset=\"https:\/\/cheminsplestinais.dcea.fr\/wp-content\/uploads\/2022\/05\/005-St-Haran-1-1024x768.jpg 1024w, https:\/\/cheminsplestinais.dcea.fr\/wp-content\/uploads\/2022\/05\/005-St-Haran-1-300x225.jpg 300w, https:\/\/cheminsplestinais.dcea.fr\/wp-content\/uploads\/2022\/05\/005-St-Haran-1-768x576.jpg 768w, https:\/\/cheminsplestinais.dcea.fr\/wp-content\/uploads\/2022\/05\/005-St-Haran-1.jpg 1280w\" sizes=\"(max-width: 1024px) 100vw, 1024px\" \/><\/figure><div class=\"wp-block-media-text__content\">\n<p class=\"has-small-font-size\"><em>Le site avait besoin d\u2019un bon nettoyage de printemps, notamment le routoir.<\/em><\/p>\n<\/div><\/div>\n\n\n\n<p><\/p>\n\n\n\n<div class=\"wp-block-media-text alignwide has-media-on-the-right is-stacked-on-mobile\" style=\"grid-template-columns:auto 62%\"><figure class=\"wp-block-media-text__media\"><img loading=\"lazy\" decoding=\"async\" width=\"800\" height=\"600\" src=\"https:\/\/cheminsplestinais.dcea.fr\/wp-content\/uploads\/2022\/05\/006-St-Haran-1.jpg\" alt=\"\" class=\"wp-image-8751 size-full\" srcset=\"https:\/\/cheminsplestinais.dcea.fr\/wp-content\/uploads\/2022\/05\/006-St-Haran-1.jpg 800w, https:\/\/cheminsplestinais.dcea.fr\/wp-content\/uploads\/2022\/05\/006-St-Haran-1-300x225.jpg 300w, https:\/\/cheminsplestinais.dcea.fr\/wp-content\/uploads\/2022\/05\/006-St-Haran-1-768x576.jpg 768w\" sizes=\"(max-width: 800px) 100vw, 800px\" \/><\/figure><div class=\"wp-block-media-text__content\">\n<p class=\"has-small-font-size\"><em>Non, Michel n\u2019est pas \u00e0 la p\u00eache au gros : il d\u00e9barrasse d\u00e9licatement le lavoir des feuilles mortes qui l\u2019encombrent.<\/em><\/p>\n<\/div><\/div>\n\n\n\n<p><\/p>\n\n\n\n<div class=\"wp-block-media-text alignwide is-stacked-on-mobile\" style=\"grid-template-columns:65% auto\"><figure class=\"wp-block-media-text__media\"><img loading=\"lazy\" decoding=\"async\" width=\"800\" height=\"600\" src=\"https:\/\/cheminsplestinais.dcea.fr\/wp-content\/uploads\/2022\/05\/007-St-Haran-1.jpg\" alt=\"\" class=\"wp-image-8753 size-full\" srcset=\"https:\/\/cheminsplestinais.dcea.fr\/wp-content\/uploads\/2022\/05\/007-St-Haran-1.jpg 800w, https:\/\/cheminsplestinais.dcea.fr\/wp-content\/uploads\/2022\/05\/007-St-Haran-1-300x225.jpg 300w, https:\/\/cheminsplestinais.dcea.fr\/wp-content\/uploads\/2022\/05\/007-St-Haran-1-768x576.jpg 768w\" sizes=\"(max-width: 800px) 100vw, 800px\" \/><\/figure><div class=\"wp-block-media-text__content\">\n<p class=\"has-small-font-size\"><em>Sc\u00e9nario \u00e0 la Hitchcock : Christian est en tr\u00e8s mauvaise posture\u2026 Il est cern\u00e9 par les gunnera!<\/em><\/p>\n<\/div><\/div>\n\n\n\n<p><\/p>\n\n\n\n<div class=\"wp-block-media-text alignwide has-media-on-the-right is-stacked-on-mobile\" style=\"grid-template-columns:auto 64%\"><figure class=\"wp-block-media-text__media\"><img loading=\"lazy\" decoding=\"async\" width=\"1024\" height=\"768\" src=\"https:\/\/cheminsplestinais.dcea.fr\/wp-content\/uploads\/2022\/05\/008-St-Haran-1-1024x768.jpg\" alt=\"\" class=\"wp-image-8755 size-full\" srcset=\"https:\/\/cheminsplestinais.dcea.fr\/wp-content\/uploads\/2022\/05\/008-St-Haran-1-1024x768.jpg 1024w, https:\/\/cheminsplestinais.dcea.fr\/wp-content\/uploads\/2022\/05\/008-St-Haran-1-300x225.jpg 300w, https:\/\/cheminsplestinais.dcea.fr\/wp-content\/uploads\/2022\/05\/008-St-Haran-1-768x576.jpg 768w, https:\/\/cheminsplestinais.dcea.fr\/wp-content\/uploads\/2022\/05\/008-St-Haran-1.jpg 1280w\" sizes=\"(max-width: 1024px) 100vw, 1024px\" \/><\/figure><div class=\"wp-block-media-text__content\">\n<p class=\"has-small-font-size\"><em>La fontaine aura bient\u00f4t retrouv\u00e9 son bel \u00e9crin de verdure, agr\u00e9ment\u00e9 d\u2019iris, de gunnera, etc\u2026<\/em><\/p>\n<\/div><\/div>\n\n\n\n<p><\/p>\n\n\n\n<div class=\"wp-block-media-text alignwide is-stacked-on-mobile\" style=\"grid-template-columns:64% auto\"><figure class=\"wp-block-media-text__media\"><img loading=\"lazy\" decoding=\"async\" width=\"800\" height=\"600\" src=\"https:\/\/cheminsplestinais.dcea.fr\/wp-content\/uploads\/2022\/05\/009-St-Haran-1.jpg\" alt=\"\" class=\"wp-image-8756 size-full\" srcset=\"https:\/\/cheminsplestinais.dcea.fr\/wp-content\/uploads\/2022\/05\/009-St-Haran-1.jpg 800w, https:\/\/cheminsplestinais.dcea.fr\/wp-content\/uploads\/2022\/05\/009-St-Haran-1-300x225.jpg 300w, https:\/\/cheminsplestinais.dcea.fr\/wp-content\/uploads\/2022\/05\/009-St-Haran-1-768x576.jpg 768w\" sizes=\"(max-width: 800px) 100vw, 800px\" \/><\/figure><div class=\"wp-block-media-text__content\">\n<p class=\"has-small-font-size\"><em>Cruelle illustration de l\u2019adage \u201csouvent homme se plaint, toujours femme travaille\u201d! Il en rajoute vraiment, notre corse de service\u2026<\/em><\/p>\n<\/div><\/div>\n\n\n\n<p><\/p>\n\n\n\n<div class=\"wp-block-media-text alignwide has-media-on-the-right is-stacked-on-mobile\" style=\"grid-template-columns:auto 61%\"><figure class=\"wp-block-media-text__media\"><img loading=\"lazy\" decoding=\"async\" width=\"800\" height=\"600\" src=\"https:\/\/cheminsplestinais.dcea.fr\/wp-content\/uploads\/2022\/05\/010-St-Haran-1.jpg\" alt=\"\" class=\"wp-image-8757 size-full\" srcset=\"https:\/\/cheminsplestinais.dcea.fr\/wp-content\/uploads\/2022\/05\/010-St-Haran-1.jpg 800w, https:\/\/cheminsplestinais.dcea.fr\/wp-content\/uploads\/2022\/05\/010-St-Haran-1-300x225.jpg 300w, https:\/\/cheminsplestinais.dcea.fr\/wp-content\/uploads\/2022\/05\/010-St-Haran-1-768x576.jpg 768w\" sizes=\"(max-width: 800px) 100vw, 800px\" \/><\/figure><div class=\"wp-block-media-text__content\">\n<p class=\"has-small-font-size\"><em>Monsieur le maire de Saint Haran &#8211; un certain Jean-Yves B. &#8211; est visiblement satisfait de son lancer de gadoue !<\/em><\/p>\n<\/div><\/div>\n\n\n\n<p><\/p>\n\n\n\n<div class=\"wp-block-media-text alignwide is-stacked-on-mobile\" style=\"grid-template-columns:65% auto\"><figure class=\"wp-block-media-text__media\"><img loading=\"lazy\" decoding=\"async\" width=\"800\" height=\"600\" src=\"https:\/\/cheminsplestinais.dcea.fr\/wp-content\/uploads\/2022\/05\/011-St-Haran-1.jpg\" alt=\"\" class=\"wp-image-8758 size-full\" srcset=\"https:\/\/cheminsplestinais.dcea.fr\/wp-content\/uploads\/2022\/05\/011-St-Haran-1.jpg 800w, https:\/\/cheminsplestinais.dcea.fr\/wp-content\/uploads\/2022\/05\/011-St-Haran-1-300x225.jpg 300w, https:\/\/cheminsplestinais.dcea.fr\/wp-content\/uploads\/2022\/05\/011-St-Haran-1-768x576.jpg 768w\" sizes=\"(max-width: 800px) 100vw, 800px\" \/><\/figure><div class=\"wp-block-media-text__content\">\n<p class=\"has-small-font-size\"><em>&nbsp;\u2026Performance aussit\u00f4t contest\u00e9e par Bernard  : on sent la ma\u00eetrise du geste, fruit d\u2019un long travail pr\u00e9paratoire !<\/em><\/p>\n<\/div><\/div>\n\n\n\n<p><\/p>\n\n\n\n<div class=\"wp-block-media-text alignwide has-media-on-the-right is-stacked-on-mobile\" style=\"grid-template-columns:auto 65%\"><figure class=\"wp-block-media-text__media\"><img loading=\"lazy\" decoding=\"async\" width=\"1024\" height=\"768\" src=\"https:\/\/cheminsplestinais.dcea.fr\/wp-content\/uploads\/2022\/05\/12-St-Haran-1-1024x768.jpg\" alt=\"\" class=\"wp-image-8760 size-full\" srcset=\"https:\/\/cheminsplestinais.dcea.fr\/wp-content\/uploads\/2022\/05\/12-St-Haran-1-1024x768.jpg 1024w, https:\/\/cheminsplestinais.dcea.fr\/wp-content\/uploads\/2022\/05\/12-St-Haran-1-300x225.jpg 300w, https:\/\/cheminsplestinais.dcea.fr\/wp-content\/uploads\/2022\/05\/12-St-Haran-1-768x576.jpg 768w, https:\/\/cheminsplestinais.dcea.fr\/wp-content\/uploads\/2022\/05\/12-St-Haran-1.jpg 1280w\" sizes=\"(max-width: 1024px) 100vw, 1024px\" \/><\/figure><div class=\"wp-block-media-text__content\">\n<p class=\"has-small-font-size\"><em>Annie dans le r\u00f4le de la m\u00e9nag\u00e8re mod\u00e8le : nettoyage du routoir \u00e0 grande eau. Pri\u00e8re de vous \u00e9carter, messieurs !&nbsp;<\/em><\/p>\n<\/div><\/div>\n\n\n\n<p><\/p>\n\n\n\n<div class=\"wp-block-media-text alignwide is-stacked-on-mobile\" style=\"grid-template-columns:65% auto\"><figure class=\"wp-block-media-text__media\"><img loading=\"lazy\" decoding=\"async\" width=\"1024\" height=\"768\" src=\"https:\/\/cheminsplestinais.dcea.fr\/wp-content\/uploads\/2022\/05\/013-St-Haran-1-1024x768.jpg\" alt=\"\" class=\"wp-image-8761 size-full\" srcset=\"https:\/\/cheminsplestinais.dcea.fr\/wp-content\/uploads\/2022\/05\/013-St-Haran-1-1024x768.jpg 1024w, https:\/\/cheminsplestinais.dcea.fr\/wp-content\/uploads\/2022\/05\/013-St-Haran-1-300x225.jpg 300w, https:\/\/cheminsplestinais.dcea.fr\/wp-content\/uploads\/2022\/05\/013-St-Haran-1-768x576.jpg 768w, https:\/\/cheminsplestinais.dcea.fr\/wp-content\/uploads\/2022\/05\/013-St-Haran-1.jpg 1280w\" sizes=\"(max-width: 1024px) 100vw, 1024px\" \/><\/figure><div class=\"wp-block-media-text__content\">\n<p class=\"has-small-font-size\"><em>Nous sommes tout pr\u00e8s des m\u00e9andres du Douron.<\/em><\/p>\n<\/div><\/div>\n\n\n\n<p><\/p>\n\n\n\n<div class=\"wp-block-media-text alignwide has-media-on-the-right is-stacked-on-mobile\" style=\"grid-template-columns:auto 65%\"><figure class=\"wp-block-media-text__media\"><img loading=\"lazy\" decoding=\"async\" width=\"1024\" height=\"768\" src=\"https:\/\/cheminsplestinais.dcea.fr\/wp-content\/uploads\/2022\/05\/014-St-Haran-1-1024x768.jpg\" alt=\"\" class=\"wp-image-8762 size-full\" srcset=\"https:\/\/cheminsplestinais.dcea.fr\/wp-content\/uploads\/2022\/05\/014-St-Haran-1-1024x768.jpg 1024w, https:\/\/cheminsplestinais.dcea.fr\/wp-content\/uploads\/2022\/05\/014-St-Haran-1-300x225.jpg 300w, https:\/\/cheminsplestinais.dcea.fr\/wp-content\/uploads\/2022\/05\/014-St-Haran-1-768x576.jpg 768w, https:\/\/cheminsplestinais.dcea.fr\/wp-content\/uploads\/2022\/05\/014-St-Haran-1.jpg 1280w\" sizes=\"(max-width: 1024px) 100vw, 1024px\" \/><\/figure><div class=\"wp-block-media-text__content\">\n<p class=\"has-small-font-size\"><em>Jean-Pierre, alias \u201cHuggy les bons tuyaux\u201d, assist\u00e9 de Daniel et Patrick s\u2019appr\u00eate \u00e0 poser un drain destin\u00e9 \u00e0 faciliter l\u2019\u00e9coulement de l\u2019eau d\u2019une source.<\/em><\/p>\n<\/div><\/div>\n\n\n\n<p><\/p>\n\n\n\n<div class=\"wp-block-media-text alignwide is-stacked-on-mobile\" style=\"grid-template-columns:60% auto\"><figure class=\"wp-block-media-text__media\"><img loading=\"lazy\" decoding=\"async\" width=\"450\" height=\"600\" src=\"https:\/\/cheminsplestinais.dcea.fr\/wp-content\/uploads\/2022\/05\/015-St-Haran-1.jpg\" alt=\"\" class=\"wp-image-8765 size-full\" srcset=\"https:\/\/cheminsplestinais.dcea.fr\/wp-content\/uploads\/2022\/05\/015-St-Haran-1.jpg 450w, https:\/\/cheminsplestinais.dcea.fr\/wp-content\/uploads\/2022\/05\/015-St-Haran-1-225x300.jpg 225w\" sizes=\"(max-width: 450px) 100vw, 450px\" \/><\/figure><div class=\"wp-block-media-text__content\">\n<p class=\"has-small-font-size\"><em>Pour Jean-Yves, l\u2019essentiel est de ne pas perdre le fil \u2026<\/em><\/p>\n<\/div><\/div>\n\n\n\n<p><\/p>\n\n\n\n<div class=\"wp-block-media-text alignwide has-media-on-the-right is-stacked-on-mobile\" style=\"grid-template-columns:auto 60%\"><figure class=\"wp-block-media-text__media\"><img loading=\"lazy\" decoding=\"async\" width=\"450\" height=\"600\" src=\"https:\/\/cheminsplestinais.dcea.fr\/wp-content\/uploads\/2022\/05\/016-St-Haran-1.jpg\" alt=\"\" class=\"wp-image-8767 size-full\" srcset=\"https:\/\/cheminsplestinais.dcea.fr\/wp-content\/uploads\/2022\/05\/016-St-Haran-1.jpg 450w, https:\/\/cheminsplestinais.dcea.fr\/wp-content\/uploads\/2022\/05\/016-St-Haran-1-225x300.jpg 225w\" sizes=\"(max-width: 450px) 100vw, 450px\" \/><\/figure><div class=\"wp-block-media-text__content\">\n<p class=\"has-small-font-size\"><em>&nbsp;Jean-Pierre est visiblement tout heureux de sa \u201cr\u00e9colte\u201d de feuilles\u2026 une id\u00e9e de compost lui serait-elle venue \u00e0 l\u2019esprit ?<\/em><\/p>\n<\/div><\/div>\n\n\n\n<p><\/p>\n\n\n\n<div class=\"wp-block-media-text alignwide is-stacked-on-mobile\" style=\"grid-template-columns:70% auto\"><figure class=\"wp-block-media-text__media\"><img loading=\"lazy\" decoding=\"async\" width=\"1024\" height=\"768\" src=\"https:\/\/cheminsplestinais.dcea.fr\/wp-content\/uploads\/2022\/05\/017-St-Haran-1-1024x768.jpg\" alt=\"\" class=\"wp-image-8768 size-full\" srcset=\"https:\/\/cheminsplestinais.dcea.fr\/wp-content\/uploads\/2022\/05\/017-St-Haran-1-1024x768.jpg 1024w, https:\/\/cheminsplestinais.dcea.fr\/wp-content\/uploads\/2022\/05\/017-St-Haran-1-300x225.jpg 300w, https:\/\/cheminsplestinais.dcea.fr\/wp-content\/uploads\/2022\/05\/017-St-Haran-1-768x576.jpg 768w, https:\/\/cheminsplestinais.dcea.fr\/wp-content\/uploads\/2022\/05\/017-St-Haran-1.jpg 1280w\" sizes=\"(max-width: 1024px) 100vw, 1024px\" \/><\/figure><div class=\"wp-block-media-text__content\">\n<p class=\"has-small-font-size\"><em>Le site de Saint Haran aura bient\u00f4t retrouv\u00e9 son aspect verdoyant et accueillant. Au fond, la table de pique-nique, halte tr\u00e8s pris\u00e9e des promeneurs, install\u00e9e dans un v\u00e9ritable havre de paix.<\/em><\/p>\n<\/div><\/div>\n\n\n\n<p><\/p>\n\n\n\n<p><\/p>\n\n\n\n<p class=\"has-medium-font-size\"><strong>Chantier de Sainte Barbe :<\/strong><\/p>\n\n\n\n<p><\/p>\n\n\n\n<div class=\"wp-block-media-text alignwide has-media-on-the-right is-stacked-on-mobile\" style=\"grid-template-columns:auto 65%\"><figure class=\"wp-block-media-text__media\"><img loading=\"lazy\" decoding=\"async\" width=\"768\" height=\"1024\" src=\"https:\/\/cheminsplestinais.dcea.fr\/wp-content\/uploads\/2022\/05\/018-Sainte-Barbe-1-768x1024.jpg\" alt=\"\" class=\"wp-image-8771 size-full\" srcset=\"https:\/\/cheminsplestinais.dcea.fr\/wp-content\/uploads\/2022\/05\/018-Sainte-Barbe-1-768x1024.jpg 768w, https:\/\/cheminsplestinais.dcea.fr\/wp-content\/uploads\/2022\/05\/018-Sainte-Barbe-1-225x300.jpg 225w, https:\/\/cheminsplestinais.dcea.fr\/wp-content\/uploads\/2022\/05\/018-Sainte-Barbe-1-1152x1536.jpg 1152w, https:\/\/cheminsplestinais.dcea.fr\/wp-content\/uploads\/2022\/05\/018-Sainte-Barbe-1-1536x2048.jpg 1536w, https:\/\/cheminsplestinais.dcea.fr\/wp-content\/uploads\/2022\/05\/018-Sainte-Barbe-1-scaled.jpg 1920w\" sizes=\"(max-width: 768px) 100vw, 768px\" \/><\/figure><div class=\"wp-block-media-text__content\">\n<p class=\"has-small-font-size\"><em>La passerelle enjambant le ruisseau, permettant l\u2019acc\u00e8s \u00e0 la fontaine, a pass\u00e9 avec succ\u00e8s le test de r\u00e9sistance !<\/em><\/p>\n<\/div><\/div>\n\n\n\n<p><\/p>\n\n\n\n<div class=\"wp-block-media-text alignwide is-stacked-on-mobile\" style=\"grid-template-columns:60% auto\"><figure class=\"wp-block-media-text__media\"><img loading=\"lazy\" decoding=\"async\" width=\"768\" height=\"1024\" src=\"https:\/\/cheminsplestinais.dcea.fr\/wp-content\/uploads\/2022\/05\/019-Sainte-Barbe-1-768x1024.jpg\" alt=\"\" class=\"wp-image-8774 size-full\" srcset=\"https:\/\/cheminsplestinais.dcea.fr\/wp-content\/uploads\/2022\/05\/019-Sainte-Barbe-1-768x1024.jpg 768w, https:\/\/cheminsplestinais.dcea.fr\/wp-content\/uploads\/2022\/05\/019-Sainte-Barbe-1-225x300.jpg 225w, https:\/\/cheminsplestinais.dcea.fr\/wp-content\/uploads\/2022\/05\/019-Sainte-Barbe-1-1152x1536.jpg 1152w, https:\/\/cheminsplestinais.dcea.fr\/wp-content\/uploads\/2022\/05\/019-Sainte-Barbe-1-1536x2048.jpg 1536w, https:\/\/cheminsplestinais.dcea.fr\/wp-content\/uploads\/2022\/05\/019-Sainte-Barbe-1-scaled.jpg 1920w\" sizes=\"(max-width: 768px) 100vw, 768px\" \/><\/figure><div class=\"wp-block-media-text__content\">\n<p class=\"has-small-font-size\"><em>La pose d\u2019une rang\u00e9e de demi-rondins lui assure un aspect rustique. Il ne manque plus que la main-courante\u2026<\/em><\/p>\n<\/div><\/div>\n\n\n\n<p><\/p>\n\n\n\n<div class=\"wp-block-media-text alignwide has-media-on-the-right is-stacked-on-mobile\" style=\"grid-template-columns:auto 61%\"><figure class=\"wp-block-media-text__media\"><img loading=\"lazy\" decoding=\"async\" width=\"768\" height=\"1024\" src=\"https:\/\/cheminsplestinais.dcea.fr\/wp-content\/uploads\/2022\/05\/020-Sainte-Barbe-2-768x1024.jpg\" alt=\"\" class=\"wp-image-8831 size-full\" srcset=\"https:\/\/cheminsplestinais.dcea.fr\/wp-content\/uploads\/2022\/05\/020-Sainte-Barbe-2-768x1024.jpg 768w, https:\/\/cheminsplestinais.dcea.fr\/wp-content\/uploads\/2022\/05\/020-Sainte-Barbe-2-225x300.jpg 225w, https:\/\/cheminsplestinais.dcea.fr\/wp-content\/uploads\/2022\/05\/020-Sainte-Barbe-2-1152x1536.jpg 1152w, https:\/\/cheminsplestinais.dcea.fr\/wp-content\/uploads\/2022\/05\/020-Sainte-Barbe-2-1536x2048.jpg 1536w, https:\/\/cheminsplestinais.dcea.fr\/wp-content\/uploads\/2022\/05\/020-Sainte-Barbe-2-scaled.jpg 1920w\" sizes=\"(max-width: 768px) 100vw, 768px\" \/><\/figure><div class=\"wp-block-media-text__content\">\n<p class=\"has-small-font-size\"><em>Le long du sentier, une \u00e9quipe a entrepris de r\u00e9habiliter un muret en partie \u00e9croul\u00e9 et cach\u00e9 par la v\u00e9g\u00e9tation.<\/em><\/p>\n<\/div><\/div>\n\n\n\n<p><\/p>\n\n\n\n<div class=\"wp-block-media-text alignwide is-stacked-on-mobile\" style=\"grid-template-columns:70% auto\"><figure class=\"wp-block-media-text__media\"><img loading=\"lazy\" decoding=\"async\" width=\"768\" height=\"1024\" src=\"https:\/\/cheminsplestinais.dcea.fr\/wp-content\/uploads\/2022\/05\/021-Sainte-Barbe-2-768x1024.jpg\" alt=\"\" class=\"wp-image-8832 size-full\" srcset=\"https:\/\/cheminsplestinais.dcea.fr\/wp-content\/uploads\/2022\/05\/021-Sainte-Barbe-2-768x1024.jpg 768w, https:\/\/cheminsplestinais.dcea.fr\/wp-content\/uploads\/2022\/05\/021-Sainte-Barbe-2-225x300.jpg 225w, https:\/\/cheminsplestinais.dcea.fr\/wp-content\/uploads\/2022\/05\/021-Sainte-Barbe-2-1152x1536.jpg 1152w, https:\/\/cheminsplestinais.dcea.fr\/wp-content\/uploads\/2022\/05\/021-Sainte-Barbe-2-1536x2048.jpg 1536w, https:\/\/cheminsplestinais.dcea.fr\/wp-content\/uploads\/2022\/05\/021-Sainte-Barbe-2-scaled.jpg 1920w\" sizes=\"(max-width: 768px) 100vw, 768px\" \/><\/figure><div class=\"wp-block-media-text__content\">\n<p class=\"has-small-font-size\">&nbsp;<em>Annick et Annie ne manquent pas de c\u0153ur \u00e0 l\u2019ouvrage!<\/em><\/p>\n<\/div><\/div>\n\n\n\n<p><\/p>\n\n\n\n<div class=\"wp-block-media-text alignwide has-media-on-the-right is-stacked-on-mobile\" style=\"grid-template-columns:auto 62%\"><figure class=\"wp-block-media-text__media\"><img loading=\"lazy\" decoding=\"async\" width=\"768\" height=\"1024\" src=\"https:\/\/cheminsplestinais.dcea.fr\/wp-content\/uploads\/2022\/05\/022-Sainte-Barbe-2-768x1024.jpg\" alt=\"\" class=\"wp-image-8833 size-full\" srcset=\"https:\/\/cheminsplestinais.dcea.fr\/wp-content\/uploads\/2022\/05\/022-Sainte-Barbe-2-768x1024.jpg 768w, https:\/\/cheminsplestinais.dcea.fr\/wp-content\/uploads\/2022\/05\/022-Sainte-Barbe-2-225x300.jpg 225w, https:\/\/cheminsplestinais.dcea.fr\/wp-content\/uploads\/2022\/05\/022-Sainte-Barbe-2-1152x1536.jpg 1152w, https:\/\/cheminsplestinais.dcea.fr\/wp-content\/uploads\/2022\/05\/022-Sainte-Barbe-2-1536x2048.jpg 1536w, https:\/\/cheminsplestinais.dcea.fr\/wp-content\/uploads\/2022\/05\/022-Sainte-Barbe-2-scaled.jpg 1920w\" sizes=\"(max-width: 768px) 100vw, 768px\" \/><\/figure><div class=\"wp-block-media-text__content\">\n<p class=\"has-small-font-size\"><em>La reconstruction avance, lentement mais s\u00fbrement, \u00e0 la satisfaction \u00e9vidente de nos ma\u00e7ons.<\/em><\/p>\n<\/div><\/div>\n","protected":false},"excerpt":{"rendered":"<p>Apr\u00e8s des f\u00eates de fin d\u2019ann\u00e9e o\u00f9 serpentins et cotillons se sont faits tr\u00e8s discrets, toujours en raison de la pand\u00e9mie qui persiste \u00e0 r\u00f4der en tous lieux, nous avons repris le chemin de nos chantiers, lesquels ont l\u2019avantage de nous permettre de respirer en pleine nature\u2026Nous avons donc continu\u00e9, dans un premier temps, \u00e0 [&hellip;]<\/p>\n","protected":false},"author":6,"featured_media":0,"comment_status":"open","ping_status":"closed","sticky":false,"template":"","format":"standard","meta":{"footnotes":""},"categories":[2],"tags":[],"_links":{"self":[{"href":"https:\/\/cheminsplestinais.dcea.fr\/index.php?rest_route=\/wp\/v2\/posts\/8734"}],"collection":[{"href":"https:\/\/cheminsplestinais.dcea.fr\/index.php?rest_route=\/wp\/v2\/posts"}],"about":[{"href":"https:\/\/cheminsplestinais.dcea.fr\/index.php?rest_route=\/wp\/v2\/types\/post"}],"author":[{"embeddable":true,"href":"https:\/\/cheminsplestinais.dcea.fr\/index.php?rest_route=\/wp\/v2\/users\/6"}],"replies":[{"embeddable":true,"href":"https:\/\/cheminsplestinais.dcea.fr\/index.php?rest_route=%2Fwp%2Fv2%2Fcomments&post=8734"}],"version-history":[{"count":40,"href":"https:\/\/cheminsplestinais.dcea.fr\/index.php?rest_route=\/wp\/v2\/posts\/8734\/revisions"}],"predecessor-version":[{"id":8835,"href":"https:\/\/cheminsplestinais.dcea.fr\/index.php?rest_route=\/wp\/v2\/posts\/8734\/revisions\/8835"}],"wp:attachment":[{"href":"https:\/\/cheminsplestinais.dcea.fr\/index.php?rest_route=%2Fwp%2Fv2%2Fmedia&parent=8734"}],"wp:term":[{"taxonomy":"category","embeddable":true,"href":"https:\/\/cheminsplestinais.dcea.fr\/index.php?rest_route=%2Fwp%2Fv2%2Fcategories&post=8734"},{"taxonomy":"post_tag","embeddable":true,"href":"https:\/\/cheminsplestinais.dcea.fr\/index.php?rest_route=%2Fwp%2Fv2%2Ftags&post=8734"}],"curies":[{"name":"wp","href":"https:\/\/api.w.org\/{rel}","templated":true}]}}