{"id":8824,"date":"2022-09-12T16:46:27","date_gmt":"2022-09-12T15:46:27","guid":{"rendered":"http:\/\/cheminsplestinais.dcea.fr\/?p=8824"},"modified":"2022-09-14T06:29:19","modified_gmt":"2022-09-14T05:29:19","slug":"bel-amenagement-a-rochelan","status":"publish","type":"post","link":"https:\/\/cheminsplestinais.dcea.fr\/?p=8824","title":{"rendered":"Bel am\u00e9nagement \u00e0 Roc&rsquo;helan"},"content":{"rendered":"\n<p><\/p>\n\n\n\n<p class=\"has-medium-font-size\"><strong>Chantier de Roc\u2019helan:<\/strong><\/p>\n\n\n\n<p class=\"has-medium-font-size\">L\u2019association a d\u00e9cid\u00e9 d\u2019implanter un abri \u00e0 pique-nique sur le sentier longeant le Douron (boucle de Saint Haran), au lieu-dit Roc\u2019helan. L\u2019endroit n\u2019a pas \u00e9t\u00e9 choisi au hasard : sentier tr\u00e8s fr\u00e9quent\u00e9 par les randonneurs, facilit\u00e9 d\u2019acc\u00e8s, parking \u00e0 proximit\u00e9 et vue imprenable sur le Douron !<\/p>\n\n\n\n<p><\/p>\n\n\n\n<p><\/p>\n\n\n\n<figure class=\"wp-block-image size-large\"><img loading=\"lazy\" decoding=\"async\" width=\"1024\" height=\"485\" src=\"https:\/\/cheminsplestinais.dcea.fr\/wp-content\/uploads\/2022\/05\/026--1024x485.jpg\" alt=\"\" class=\"wp-image-8963\" srcset=\"https:\/\/cheminsplestinais.dcea.fr\/wp-content\/uploads\/2022\/05\/026--1024x485.jpg 1024w, https:\/\/cheminsplestinais.dcea.fr\/wp-content\/uploads\/2022\/05\/026--300x142.jpg 300w, https:\/\/cheminsplestinais.dcea.fr\/wp-content\/uploads\/2022\/05\/026--768x364.jpg 768w, https:\/\/cheminsplestinais.dcea.fr\/wp-content\/uploads\/2022\/05\/026--1536x727.jpg 1536w, https:\/\/cheminsplestinais.dcea.fr\/wp-content\/uploads\/2022\/05\/026-.jpg 2000w\" sizes=\"(max-width: 1024px) 100vw, 1024px\" \/><\/figure>\n\n\n\n<p class=\"has-medium-font-size\"><em>Le projet se devait d\u2019\u00eatre \u00e0 la hauteur du site d\u2019implantation. D\u2019o\u00f9 le choix d\u2019une table sortant quelque peu de l\u2019ordinaire. Tout commence au local de l\u2019association.<\/em><\/p>\n\n\n\n<div class=\"wp-block-media-text alignwide has-media-on-the-right is-stacked-on-mobile\" style=\"grid-template-columns:auto 45%\"><figure class=\"wp-block-media-text__media\"><img loading=\"lazy\" decoding=\"async\" width=\"604\" height=\"1024\" src=\"https:\/\/cheminsplestinais.dcea.fr\/wp-content\/uploads\/2022\/05\/026-2-604x1024.jpg\" alt=\"\" class=\"wp-image-8786 size-full\" srcset=\"https:\/\/cheminsplestinais.dcea.fr\/wp-content\/uploads\/2022\/05\/026-2-604x1024.jpg 604w, https:\/\/cheminsplestinais.dcea.fr\/wp-content\/uploads\/2022\/05\/026-2-177x300.jpg 177w, https:\/\/cheminsplestinais.dcea.fr\/wp-content\/uploads\/2022\/05\/026-2-768x1303.jpg 768w, https:\/\/cheminsplestinais.dcea.fr\/wp-content\/uploads\/2022\/05\/026-2-905x1536.jpg 905w, https:\/\/cheminsplestinais.dcea.fr\/wp-content\/uploads\/2022\/05\/026-2-1207x2048.jpg 1207w, https:\/\/cheminsplestinais.dcea.fr\/wp-content\/uploads\/2022\/05\/026-2-scaled.jpg 1509w\" sizes=\"(max-width: 604px) 100vw, 604px\" \/><\/figure><div class=\"wp-block-media-text__content\">\n<p class=\"has-medium-font-size\"><em>Alain joue du ciseau \u00e0 bois avec dext\u00e9rit\u00e9\u2026<\/em><\/p>\n<\/div><\/div>\n\n\n\n<p><\/p>\n\n\n\n<div class=\"wp-block-media-text alignwide is-stacked-on-mobile\" style=\"grid-template-columns:45% auto\"><figure class=\"wp-block-media-text__media\"><img loading=\"lazy\" decoding=\"async\" width=\"648\" height=\"1024\" src=\"https:\/\/cheminsplestinais.dcea.fr\/wp-content\/uploads\/2022\/05\/027-2-648x1024.jpg\" alt=\"\" class=\"wp-image-8787 size-full\" srcset=\"https:\/\/cheminsplestinais.dcea.fr\/wp-content\/uploads\/2022\/05\/027-2-648x1024.jpg 648w, https:\/\/cheminsplestinais.dcea.fr\/wp-content\/uploads\/2022\/05\/027-2-190x300.jpg 190w, https:\/\/cheminsplestinais.dcea.fr\/wp-content\/uploads\/2022\/05\/027-2-768x1213.jpg 768w, https:\/\/cheminsplestinais.dcea.fr\/wp-content\/uploads\/2022\/05\/027-2-972x1536.jpg 972w, https:\/\/cheminsplestinais.dcea.fr\/wp-content\/uploads\/2022\/05\/027-2-1296x2048.jpg 1296w, https:\/\/cheminsplestinais.dcea.fr\/wp-content\/uploads\/2022\/05\/027-2-scaled.jpg 1620w\" sizes=\"(max-width: 648px) 100vw, 648px\" \/><\/figure><div class=\"wp-block-media-text__content\">\n<p class=\"has-medium-font-size\"><em>&nbsp;Tandis que Marcel n\u2019a pas son pareil pour le maniement de la scie\u2026<\/em><\/p>\n<\/div><\/div>\n\n\n\n<p><\/p>\n\n\n\n<figure class=\"wp-block-image size-large\"><img loading=\"lazy\" decoding=\"async\" width=\"1024\" height=\"485\" src=\"https:\/\/cheminsplestinais.dcea.fr\/wp-content\/uploads\/2022\/05\/029--1024x485.jpg\" alt=\"\" class=\"wp-image-8966\" srcset=\"https:\/\/cheminsplestinais.dcea.fr\/wp-content\/uploads\/2022\/05\/029--1024x485.jpg 1024w, https:\/\/cheminsplestinais.dcea.fr\/wp-content\/uploads\/2022\/05\/029--300x142.jpg 300w, https:\/\/cheminsplestinais.dcea.fr\/wp-content\/uploads\/2022\/05\/029--768x364.jpg 768w, https:\/\/cheminsplestinais.dcea.fr\/wp-content\/uploads\/2022\/05\/029--1536x727.jpg 1536w, https:\/\/cheminsplestinais.dcea.fr\/wp-content\/uploads\/2022\/05\/029-.jpg 2000w\" sizes=\"(max-width: 1024px) 100vw, 1024px\" \/><\/figure>\n\n\n\n<p class=\"has-medium-font-size\"><em>Alain, notre menuisier maison, s&rsquo;active au montage du futur abri \u00e0 pique-nique<\/em>&#8230;<\/p>\n\n\n\n<div class=\"wp-block-media-text alignwide has-media-on-the-right is-stacked-on-mobile\"><figure class=\"wp-block-media-text__media\"><img loading=\"lazy\" decoding=\"async\" width=\"485\" height=\"1024\" src=\"https:\/\/cheminsplestinais.dcea.fr\/wp-content\/uploads\/2022\/05\/029-bis-scaled-e1662995060428-485x1024.jpg\" alt=\"\" class=\"wp-image-8967 size-full\" srcset=\"https:\/\/cheminsplestinais.dcea.fr\/wp-content\/uploads\/2022\/05\/029-bis-scaled-e1662995060428-485x1024.jpg 485w, https:\/\/cheminsplestinais.dcea.fr\/wp-content\/uploads\/2022\/05\/029-bis-scaled-e1662995060428-142x300.jpg 142w, https:\/\/cheminsplestinais.dcea.fr\/wp-content\/uploads\/2022\/05\/029-bis-scaled-e1662995060428-768x1621.jpg 768w, https:\/\/cheminsplestinais.dcea.fr\/wp-content\/uploads\/2022\/05\/029-bis-scaled-e1662995060428-728x1536.jpg 728w, https:\/\/cheminsplestinais.dcea.fr\/wp-content\/uploads\/2022\/05\/029-bis-scaled-e1662995060428-970x2048.jpg 970w, https:\/\/cheminsplestinais.dcea.fr\/wp-content\/uploads\/2022\/05\/029-bis-scaled-e1662995060428.jpg 1213w\" sizes=\"(max-width: 485px) 100vw, 485px\" \/><\/figure><div class=\"wp-block-media-text__content\">\n<p class=\"has-medium-font-size\"><em>&#8230; lequel recevra la table, qui a fort belle allure<\/em> <em>!<\/em><\/p>\n<\/div><\/div>\n\n\n\n<p><\/p>\n\n\n\n<figure class=\"wp-block-image\"><img loading=\"lazy\" decoding=\"async\" width=\"800\" height=\"379\" src=\"https:\/\/cheminsplestinais.dcea.fr\/wp-content\/uploads\/2022\/05\/029-1.jpg\" alt=\"\" class=\"wp-image-8789\" srcset=\"https:\/\/cheminsplestinais.dcea.fr\/wp-content\/uploads\/2022\/05\/029-1.jpg 800w, https:\/\/cheminsplestinais.dcea.fr\/wp-content\/uploads\/2022\/05\/029-1-300x142.jpg 300w, https:\/\/cheminsplestinais.dcea.fr\/wp-content\/uploads\/2022\/05\/029-1-768x364.jpg 768w\" sizes=\"(max-width: 800px) 100vw, 800px\" \/><\/figure>\n\n\n\n<p class=\"has-medium-font-size\"><em>&nbsp;Il a fallu, pour pr\u00e9parer le site destin\u00e9 \u00e0 recevoir l\u2019abri, proc\u00e9der \u00e0 un s\u00e9rieux d\u00e9broussaillage.<\/em><\/p>\n\n\n\n<div class=\"wp-block-media-text alignwide has-media-on-the-right is-stacked-on-mobile\" style=\"grid-template-columns:auto 60%\"><figure class=\"wp-block-media-text__media\"><img loading=\"lazy\" decoding=\"async\" width=\"1024\" height=\"768\" src=\"https:\/\/cheminsplestinais.dcea.fr\/wp-content\/uploads\/2022\/05\/030-1-1024x768.jpg\" alt=\"\" class=\"wp-image-8790 size-full\" srcset=\"https:\/\/cheminsplestinais.dcea.fr\/wp-content\/uploads\/2022\/05\/030-1-1024x768.jpg 1024w, https:\/\/cheminsplestinais.dcea.fr\/wp-content\/uploads\/2022\/05\/030-1-300x225.jpg 300w, https:\/\/cheminsplestinais.dcea.fr\/wp-content\/uploads\/2022\/05\/030-1-768x576.jpg 768w, https:\/\/cheminsplestinais.dcea.fr\/wp-content\/uploads\/2022\/05\/030-1.jpg 1280w\" sizes=\"(max-width: 1024px) 100vw, 1024px\" \/><\/figure><div class=\"wp-block-media-text__content\">\n<p class=\"has-medium-font-size\"><em>Une fois l\u2019endroit bien d\u00e9gag\u00e9, les employ\u00e9s municipaux ont livr\u00e9 des mat\u00e9riaux en vue de la pr\u00e9paration de l\u2019assise de l\u2019abri.<\/em><\/p>\n<\/div><\/div>\n\n\n\n<p><\/p>\n\n\n\n<figure class=\"wp-block-image\"><img loading=\"lazy\" decoding=\"async\" width=\"1024\" height=\"529\" src=\"https:\/\/cheminsplestinais.dcea.fr\/wp-content\/uploads\/2022\/05\/031-1-1024x529.jpg\" alt=\"\" class=\"wp-image-8791\" srcset=\"https:\/\/cheminsplestinais.dcea.fr\/wp-content\/uploads\/2022\/05\/031-1-1024x529.jpg 1024w, https:\/\/cheminsplestinais.dcea.fr\/wp-content\/uploads\/2022\/05\/031-1-300x155.jpg 300w, https:\/\/cheminsplestinais.dcea.fr\/wp-content\/uploads\/2022\/05\/031-1-768x397.jpg 768w, https:\/\/cheminsplestinais.dcea.fr\/wp-content\/uploads\/2022\/05\/031-1-1536x794.jpg 1536w, https:\/\/cheminsplestinais.dcea.fr\/wp-content\/uploads\/2022\/05\/031-1.jpg 1833w\" sizes=\"(max-width: 1024px) 100vw, 1024px\" \/><\/figure>\n\n\n\n<p class=\"has-medium-font-size\"><em><em>Nos terrassiers \u00e0 l&rsquo;\u0153uvre : une vraie fourmili\u00e8re !<\/em><\/em><\/p>\n\n\n\n<p><\/p>\n\n\n\n<div class=\"wp-block-media-text alignwide is-stacked-on-mobile\" style=\"grid-template-columns:70% auto\"><figure class=\"wp-block-media-text__media\"><img loading=\"lazy\" decoding=\"async\" width=\"1024\" height=\"717\" src=\"https:\/\/cheminsplestinais.dcea.fr\/wp-content\/uploads\/2022\/05\/032-1-1024x717.jpg\" alt=\"\" class=\"wp-image-8800 size-full\" srcset=\"https:\/\/cheminsplestinais.dcea.fr\/wp-content\/uploads\/2022\/05\/032-1-1024x717.jpg 1024w, https:\/\/cheminsplestinais.dcea.fr\/wp-content\/uploads\/2022\/05\/032-1-300x210.jpg 300w, https:\/\/cheminsplestinais.dcea.fr\/wp-content\/uploads\/2022\/05\/032-1-768x538.jpg 768w, https:\/\/cheminsplestinais.dcea.fr\/wp-content\/uploads\/2022\/05\/032-1.jpg 1171w\" sizes=\"(max-width: 1024px) 100vw, 1024px\" \/><\/figure><div class=\"wp-block-media-text__content\">\n<p class=\"has-medium-font-size\"><em>Les tas de mat\u00e9riaux n\u2019ont pas r\u00e9sist\u00e9 longtemps \u00e0 notre \u00e9quipe.<\/em><\/p>\n<\/div><\/div>\n\n\n\n<p><\/p>\n\n\n\n<div class=\"wp-block-media-text alignwide has-media-on-the-right is-stacked-on-mobile\" style=\"grid-template-columns:auto 70%\"><figure class=\"wp-block-media-text__media\"><img loading=\"lazy\" decoding=\"async\" width=\"1024\" height=\"768\" src=\"https:\/\/cheminsplestinais.dcea.fr\/wp-content\/uploads\/2022\/05\/033-1-1024x768.jpg\" alt=\"\" class=\"wp-image-8801 size-full\" srcset=\"https:\/\/cheminsplestinais.dcea.fr\/wp-content\/uploads\/2022\/05\/033-1-1024x768.jpg 1024w, https:\/\/cheminsplestinais.dcea.fr\/wp-content\/uploads\/2022\/05\/033-1-300x225.jpg 300w, https:\/\/cheminsplestinais.dcea.fr\/wp-content\/uploads\/2022\/05\/033-1-768x576.jpg 768w, https:\/\/cheminsplestinais.dcea.fr\/wp-content\/uploads\/2022\/05\/033-1.jpg 1280w\" sizes=\"(max-width: 1024px) 100vw, 1024px\" \/><\/figure><div class=\"wp-block-media-text__content\">\n<p class=\"has-medium-font-size\"><em>La pr\u00e9cision est de rigueur pour l\u2019implantation de l\u2019abri.<\/em><\/p>\n<\/div><\/div>\n\n\n\n<p><\/p>\n\n\n\n<div class=\"wp-block-media-text alignwide is-stacked-on-mobile\" style=\"grid-template-columns:70% auto\"><figure class=\"wp-block-media-text__media\"><img loading=\"lazy\" decoding=\"async\" width=\"1024\" height=\"697\" src=\"https:\/\/cheminsplestinais.dcea.fr\/wp-content\/uploads\/2022\/05\/034-1-1024x697.jpg\" alt=\"\" class=\"wp-image-8802 size-full\" srcset=\"https:\/\/cheminsplestinais.dcea.fr\/wp-content\/uploads\/2022\/05\/034-1-1024x697.jpg 1024w, https:\/\/cheminsplestinais.dcea.fr\/wp-content\/uploads\/2022\/05\/034-1-300x204.jpg 300w, https:\/\/cheminsplestinais.dcea.fr\/wp-content\/uploads\/2022\/05\/034-1-768x523.jpg 768w, https:\/\/cheminsplestinais.dcea.fr\/wp-content\/uploads\/2022\/05\/034-1.jpg 1192w\" sizes=\"(max-width: 1024px) 100vw, 1024px\" \/><\/figure><div class=\"wp-block-media-text__content\">\n<p class=\"has-medium-font-size\"><em>D\u00e9j\u00e0 une petite id\u00e9e de la vue qu\u2019auront les promeneurs\u2026 lorsque le brouillard aura disparu !<\/em><\/p>\n<\/div><\/div>\n\n\n\n<p><\/p>\n\n\n\n<div class=\"wp-block-media-text alignwide has-media-on-the-right is-stacked-on-mobile\" style=\"grid-template-columns:auto 70%\"><figure class=\"wp-block-media-text__media\"><img loading=\"lazy\" decoding=\"async\" width=\"1024\" height=\"768\" src=\"https:\/\/cheminsplestinais.dcea.fr\/wp-content\/uploads\/2022\/05\/035-1-1024x768.jpg\" alt=\"\" class=\"wp-image-8803 size-full\" srcset=\"https:\/\/cheminsplestinais.dcea.fr\/wp-content\/uploads\/2022\/05\/035-1-1024x768.jpg 1024w, https:\/\/cheminsplestinais.dcea.fr\/wp-content\/uploads\/2022\/05\/035-1-300x225.jpg 300w, https:\/\/cheminsplestinais.dcea.fr\/wp-content\/uploads\/2022\/05\/035-1-768x576.jpg 768w, https:\/\/cheminsplestinais.dcea.fr\/wp-content\/uploads\/2022\/05\/035-1.jpg 1280w\" sizes=\"(max-width: 1024px) 100vw, 1024px\" \/><\/figure><div class=\"wp-block-media-text__content\">\n<p class=\"has-medium-font-size\"><em>&nbsp;Tiens, une livraison en kit\u2026 cela ne vous rappelle rien ?<\/em><\/p>\n<\/div><\/div>\n\n\n\n<p><\/p>\n\n\n\n<div class=\"wp-block-media-text alignwide is-stacked-on-mobile\" style=\"grid-template-columns:70% auto\"><figure class=\"wp-block-media-text__media\"><img loading=\"lazy\" decoding=\"async\" width=\"1024\" height=\"768\" src=\"https:\/\/cheminsplestinais.dcea.fr\/wp-content\/uploads\/2022\/05\/036-1-1024x768.jpg\" alt=\"\" class=\"wp-image-8804 size-full\" srcset=\"https:\/\/cheminsplestinais.dcea.fr\/wp-content\/uploads\/2022\/05\/036-1-1024x768.jpg 1024w, https:\/\/cheminsplestinais.dcea.fr\/wp-content\/uploads\/2022\/05\/036-1-300x225.jpg 300w, https:\/\/cheminsplestinais.dcea.fr\/wp-content\/uploads\/2022\/05\/036-1-768x576.jpg 768w, https:\/\/cheminsplestinais.dcea.fr\/wp-content\/uploads\/2022\/05\/036-1.jpg 1280w\" sizes=\"(max-width: 1024px) 100vw, 1024px\" \/><\/figure><div class=\"wp-block-media-text__content\">\n<p class=\"has-medium-font-size\"><em>Un peu de manutention s\u2019av\u00e8re n\u00e9cessaire.<\/em><\/p>\n<\/div><\/div>\n\n\n\n<p><\/p>\n\n\n\n<div class=\"wp-block-media-text alignwide has-media-on-the-right is-stacked-on-mobile\" style=\"grid-template-columns:auto 70%\"><figure class=\"wp-block-media-text__media\"><img loading=\"lazy\" decoding=\"async\" width=\"1024\" height=\"768\" src=\"https:\/\/cheminsplestinais.dcea.fr\/wp-content\/uploads\/2022\/05\/037-1-1024x768.jpg\" alt=\"\" class=\"wp-image-8806 size-full\" srcset=\"https:\/\/cheminsplestinais.dcea.fr\/wp-content\/uploads\/2022\/05\/037-1-1024x768.jpg 1024w, https:\/\/cheminsplestinais.dcea.fr\/wp-content\/uploads\/2022\/05\/037-1-300x225.jpg 300w, https:\/\/cheminsplestinais.dcea.fr\/wp-content\/uploads\/2022\/05\/037-1-768x576.jpg 768w, https:\/\/cheminsplestinais.dcea.fr\/wp-content\/uploads\/2022\/05\/037-1.jpg 1280w\" sizes=\"(max-width: 1024px) 100vw, 1024px\" \/><\/figure><div class=\"wp-block-media-text__content\">\n<p class=\"has-medium-font-size\"><em>Le montage commence sans attendre.<\/em><\/p>\n<\/div><\/div>\n\n\n\n<p><\/p>\n\n\n\n<div class=\"wp-block-media-text alignwide is-stacked-on-mobile\" style=\"grid-template-columns:80% auto\"><figure class=\"wp-block-media-text__media\"><img loading=\"lazy\" decoding=\"async\" width=\"1024\" height=\"647\" src=\"https:\/\/cheminsplestinais.dcea.fr\/wp-content\/uploads\/2022\/05\/038-1-1024x647.jpg\" alt=\"\" class=\"wp-image-8807 size-full\" srcset=\"https:\/\/cheminsplestinais.dcea.fr\/wp-content\/uploads\/2022\/05\/038-1-1024x647.jpg 1024w, https:\/\/cheminsplestinais.dcea.fr\/wp-content\/uploads\/2022\/05\/038-1-300x190.jpg 300w, https:\/\/cheminsplestinais.dcea.fr\/wp-content\/uploads\/2022\/05\/038-1-768x485.jpg 768w, https:\/\/cheminsplestinais.dcea.fr\/wp-content\/uploads\/2022\/05\/038-1.jpg 1188w\" sizes=\"(max-width: 1024px) 100vw, 1024px\" \/><\/figure><div class=\"wp-block-media-text__content\">\n<p class=\"has-medium-font-size\"><em>&nbsp;D\u00e9j\u00e0 l\u2019\u00e9bauche de la toiture\u2026<\/em><\/p>\n<\/div><\/div>\n\n\n\n<p><\/p>\n\n\n\n<figure class=\"wp-block-image\"><img loading=\"lazy\" decoding=\"async\" width=\"1024\" height=\"562\" src=\"https:\/\/cheminsplestinais.dcea.fr\/wp-content\/uploads\/2022\/05\/039-1-1024x562.jpg\" alt=\"\" class=\"wp-image-8808\" srcset=\"https:\/\/cheminsplestinais.dcea.fr\/wp-content\/uploads\/2022\/05\/039-1-1024x562.jpg 1024w, https:\/\/cheminsplestinais.dcea.fr\/wp-content\/uploads\/2022\/05\/039-1-300x165.jpg 300w, https:\/\/cheminsplestinais.dcea.fr\/wp-content\/uploads\/2022\/05\/039-1-768x421.jpg 768w, https:\/\/cheminsplestinais.dcea.fr\/wp-content\/uploads\/2022\/05\/039-1-1536x843.jpg 1536w, https:\/\/cheminsplestinais.dcea.fr\/wp-content\/uploads\/2022\/05\/039-1.jpg 1726w\" sizes=\"(max-width: 1024px) 100vw, 1024px\" \/><\/figure>\n\n\n\n<p class=\"has-medium-font-size\"><em><em>Pour la finition, des planches \u201cbrutes de scierie\u201d donneront \u00e0 l\u2019abri un aspect rustique.<\/em><\/em><\/p>\n\n\n\n<p><\/p>\n\n\n\n<p><\/p>\n\n\n\n<figure class=\"wp-block-image size-large\"><img loading=\"lazy\" decoding=\"async\" width=\"1024\" height=\"483\" src=\"https:\/\/cheminsplestinais.dcea.fr\/wp-content\/uploads\/2022\/05\/040-1-1024x483.jpg\" alt=\"\" class=\"wp-image-8809\" srcset=\"https:\/\/cheminsplestinais.dcea.fr\/wp-content\/uploads\/2022\/05\/040-1-1024x483.jpg 1024w, https:\/\/cheminsplestinais.dcea.fr\/wp-content\/uploads\/2022\/05\/040-1-300x142.jpg 300w, https:\/\/cheminsplestinais.dcea.fr\/wp-content\/uploads\/2022\/05\/040-1-768x362.jpg 768w, https:\/\/cheminsplestinais.dcea.fr\/wp-content\/uploads\/2022\/05\/040-1-1536x725.jpg 1536w, https:\/\/cheminsplestinais.dcea.fr\/wp-content\/uploads\/2022\/05\/040-1.jpg 2000w\" sizes=\"(max-width: 1024px) 100vw, 1024px\" \/><\/figure>\n\n\n\n<p class=\"has-medium-font-size\"><em>Une petite id\u00e9e de la dimension du futur abri \u00e0 pique-nique\u2026 et de la vue dont b\u00e9n\u00e9ficieront les utilisateurs !<\/em><\/p>\n\n\n\n<p><\/p>\n\n\n\n<div class=\"wp-block-media-text alignwide is-stacked-on-mobile\" style=\"grid-template-columns:40% auto\"><figure class=\"wp-block-media-text__media\"><img loading=\"lazy\" decoding=\"async\" width=\"553\" height=\"1024\" src=\"https:\/\/cheminsplestinais.dcea.fr\/wp-content\/uploads\/2022\/05\/041-1-553x1024.jpg\" alt=\"\" class=\"wp-image-8810 size-full\" srcset=\"https:\/\/cheminsplestinais.dcea.fr\/wp-content\/uploads\/2022\/05\/041-1-553x1024.jpg 553w, https:\/\/cheminsplestinais.dcea.fr\/wp-content\/uploads\/2022\/05\/041-1-162x300.jpg 162w, https:\/\/cheminsplestinais.dcea.fr\/wp-content\/uploads\/2022\/05\/041-1-768x1421.jpg 768w, https:\/\/cheminsplestinais.dcea.fr\/wp-content\/uploads\/2022\/05\/041-1-830x1536.jpg 830w, https:\/\/cheminsplestinais.dcea.fr\/wp-content\/uploads\/2022\/05\/041-1-1107x2048.jpg 1107w, https:\/\/cheminsplestinais.dcea.fr\/wp-content\/uploads\/2022\/05\/041-1-scaled.jpg 1383w\" sizes=\"(max-width: 553px) 100vw, 553px\" \/><\/figure><div class=\"wp-block-media-text__content\">\n<p class=\"has-medium-font-size\"><em>Un grand merci \u00e0 Auguste lequel, en voisin, nous a fourni l\u2019\u00e9lectricit\u00e9, ce qui nous a permis de travailler dans les meilleures conditions.<\/em><\/p>\n<\/div><\/div>\n\n\n\n<p><\/p>\n\n\n\n<div class=\"wp-block-media-text alignwide has-media-on-the-right is-stacked-on-mobile\"><figure class=\"wp-block-media-text__media\"><img loading=\"lazy\" decoding=\"async\" width=\"768\" height=\"1024\" src=\"https:\/\/cheminsplestinais.dcea.fr\/wp-content\/uploads\/2022\/05\/042-1-768x1024.jpg\" alt=\"\" class=\"wp-image-8811 size-full\" srcset=\"https:\/\/cheminsplestinais.dcea.fr\/wp-content\/uploads\/2022\/05\/042-1-768x1024.jpg 768w, https:\/\/cheminsplestinais.dcea.fr\/wp-content\/uploads\/2022\/05\/042-1-225x300.jpg 225w, https:\/\/cheminsplestinais.dcea.fr\/wp-content\/uploads\/2022\/05\/042-1-1152x1536.jpg 1152w, https:\/\/cheminsplestinais.dcea.fr\/wp-content\/uploads\/2022\/05\/042-1-1536x2048.jpg 1536w, https:\/\/cheminsplestinais.dcea.fr\/wp-content\/uploads\/2022\/05\/042-1-scaled.jpg 1920w\" sizes=\"(max-width: 768px) 100vw, 768px\" \/><\/figure><div class=\"wp-block-media-text__content\">\n<p class=\"has-medium-font-size\"><em>Que serait un abri \u00e0 pique-nique\u2026sans table \u00e0 pique-nique ? Celle-ci, \u00e9galement fabriqu\u00e9e \u00e0 notre local, a donc \u00e9t\u00e9 install\u00e9e en bonne place, ce qui donne fi\u00e8re allure \u00e0 l\u2019ensemble, d\u00e9sormais pr\u00eat \u00e0 accueillir les piques-niques de l\u2019\u00e9t\u00e9 !<\/em><\/p>\n<\/div><\/div>\n\n\n\n<p><\/p>\n\n\n\n<div class=\"wp-block-media-text alignwide is-stacked-on-mobile\" style=\"grid-template-columns:75% auto\"><figure class=\"wp-block-media-text__media\"><img loading=\"lazy\" decoding=\"async\" width=\"768\" height=\"1024\" src=\"https:\/\/cheminsplestinais.dcea.fr\/wp-content\/uploads\/2022\/05\/043-1-768x1024.jpg\" alt=\"\" class=\"wp-image-8812 size-full\" srcset=\"https:\/\/cheminsplestinais.dcea.fr\/wp-content\/uploads\/2022\/05\/043-1-768x1024.jpg 768w, https:\/\/cheminsplestinais.dcea.fr\/wp-content\/uploads\/2022\/05\/043-1-225x300.jpg 225w, https:\/\/cheminsplestinais.dcea.fr\/wp-content\/uploads\/2022\/05\/043-1-1152x1536.jpg 1152w, https:\/\/cheminsplestinais.dcea.fr\/wp-content\/uploads\/2022\/05\/043-1-1536x2048.jpg 1536w, https:\/\/cheminsplestinais.dcea.fr\/wp-content\/uploads\/2022\/05\/043-1-scaled.jpg 1920w\" sizes=\"(max-width: 768px) 100vw, 768px\" \/><\/figure><div class=\"wp-block-media-text__content\">\n<p class=\"has-medium-font-size\"><em>Eric, notre ancien pr\u00e9sident, vous invite d\u2019ailleurs \u00e0 venir vous y installer sans tarder\u2026<\/em><\/p>\n<\/div><\/div>\n\n\n\n<p><\/p>\n\n\n\n<div class=\"wp-block-media-text alignwide has-media-on-the-right is-stacked-on-mobile\" style=\"grid-template-columns:auto 60%\"><figure class=\"wp-block-media-text__media\"><img loading=\"lazy\" decoding=\"async\" width=\"1024\" height=\"768\" src=\"https:\/\/cheminsplestinais.dcea.fr\/wp-content\/uploads\/2022\/05\/044-1-1024x768.jpg\" alt=\"\" class=\"wp-image-8813 size-full\" srcset=\"https:\/\/cheminsplestinais.dcea.fr\/wp-content\/uploads\/2022\/05\/044-1-1024x768.jpg 1024w, https:\/\/cheminsplestinais.dcea.fr\/wp-content\/uploads\/2022\/05\/044-1-300x225.jpg 300w, https:\/\/cheminsplestinais.dcea.fr\/wp-content\/uploads\/2022\/05\/044-1-768x576.jpg 768w, https:\/\/cheminsplestinais.dcea.fr\/wp-content\/uploads\/2022\/05\/044-1.jpg 1280w\" sizes=\"(max-width: 1024px) 100vw, 1024px\" \/><\/figure><div class=\"wp-block-media-text__content\">\n<p class=\"has-medium-font-size\"><em>&nbsp;L\u2019aboutissement de ce projet m\u00e9ritait bien une inauguration. Une belle plaque r\u00e9alis\u00e9e par Gildas, et destin\u00e9e \u00e0 rappeler l\u2019action de l\u2019association, attend d\u2019\u00eatre pos\u00e9e \u201cen grande pompe\u201d.<\/em><\/p>\n<\/div><\/div>\n\n\n\n<p><\/p>\n\n\n\n<div class=\"wp-block-media-text alignwide is-stacked-on-mobile\" style=\"grid-template-columns:65% auto\"><figure class=\"wp-block-media-text__media\"><img loading=\"lazy\" decoding=\"async\" width=\"485\" height=\"1024\" src=\"https:\/\/cheminsplestinais.dcea.fr\/wp-content\/uploads\/2022\/05\/045--scaled-e1662995123292-485x1024.jpg\" alt=\"\" class=\"wp-image-8984 size-full\" srcset=\"https:\/\/cheminsplestinais.dcea.fr\/wp-content\/uploads\/2022\/05\/045--scaled-e1662995123292-485x1024.jpg 485w, https:\/\/cheminsplestinais.dcea.fr\/wp-content\/uploads\/2022\/05\/045--scaled-e1662995123292-142x300.jpg 142w, https:\/\/cheminsplestinais.dcea.fr\/wp-content\/uploads\/2022\/05\/045--scaled-e1662995123292-768x1621.jpg 768w, https:\/\/cheminsplestinais.dcea.fr\/wp-content\/uploads\/2022\/05\/045--scaled-e1662995123292-728x1536.jpg 728w, https:\/\/cheminsplestinais.dcea.fr\/wp-content\/uploads\/2022\/05\/045--scaled-e1662995123292-970x2048.jpg 970w, https:\/\/cheminsplestinais.dcea.fr\/wp-content\/uploads\/2022\/05\/045--scaled-e1662995123292.jpg 1213w\" sizes=\"(max-width: 485px) 100vw, 485px\" \/><\/figure><div class=\"wp-block-media-text__content\">\n<p class=\"has-medium-font-size\"><em>Ce fut chose faite le 4 avril, en pr\u00e9sence de Fran\u00e7ois GUELH, repr\u00e9sentant de la municipalit\u00e9, \u00e0 qui revint l&rsquo;honneur de fixer la premi\u00e8re vis.<\/em><\/p>\n<\/div><\/div>\n\n\n\n<p><\/p>\n\n\n\n<figure class=\"wp-block-image\"><img loading=\"lazy\" decoding=\"async\" width=\"1024\" height=\"768\" src=\"https:\/\/cheminsplestinais.dcea.fr\/wp-content\/uploads\/2022\/05\/046-2-1024x768.jpg\" alt=\"\" class=\"wp-image-8985\" srcset=\"https:\/\/cheminsplestinais.dcea.fr\/wp-content\/uploads\/2022\/05\/046-2-1024x768.jpg 1024w, https:\/\/cheminsplestinais.dcea.fr\/wp-content\/uploads\/2022\/05\/046-2-300x225.jpg 300w, https:\/\/cheminsplestinais.dcea.fr\/wp-content\/uploads\/2022\/05\/046-2-768x576.jpg 768w, https:\/\/cheminsplestinais.dcea.fr\/wp-content\/uploads\/2022\/05\/046-2.jpg 1280w\" sizes=\"(max-width: 1024px) 100vw, 1024px\" \/><\/figure>\n\n\n\n<p class=\"has-medium-font-size\"><em>&#8230;Puis ce fut au tour de notre pr\u00e9sident, Gildas LE TROADEC, de fixer la seconde.<\/em>..<\/p>\n\n\n\n<p><\/p>\n\n\n\n<figure class=\"wp-block-image\"><img loading=\"lazy\" decoding=\"async\" width=\"1024\" height=\"674\" src=\"https:\/\/cheminsplestinais.dcea.fr\/wp-content\/uploads\/2022\/05\/048-1-1024x674.jpg\" alt=\"\" class=\"wp-image-8817\" srcset=\"https:\/\/cheminsplestinais.dcea.fr\/wp-content\/uploads\/2022\/05\/048-1-1024x674.jpg 1024w, https:\/\/cheminsplestinais.dcea.fr\/wp-content\/uploads\/2022\/05\/048-1-300x198.jpg 300w, https:\/\/cheminsplestinais.dcea.fr\/wp-content\/uploads\/2022\/05\/048-1-768x506.jpg 768w, https:\/\/cheminsplestinais.dcea.fr\/wp-content\/uploads\/2022\/05\/048-1.jpg 1280w\" sizes=\"(max-width: 1024px) 100vw, 1024px\" \/><\/figure>\n\n\n\n<p class=\"has-medium-font-size\"><em>&#8230; suivi de nos deux Alain (NOBILI et LE RUMEUR), lesquels se font des politesses pour se saisir de la visseuse<\/em><\/p>\n\n\n\n<p><\/p>\n\n\n\n<figure class=\"wp-block-image\"><img loading=\"lazy\" decoding=\"async\" width=\"1024\" height=\"768\" src=\"https:\/\/cheminsplestinais.dcea.fr\/wp-content\/uploads\/2022\/05\/049-1-1024x768.jpg\" alt=\"\" class=\"wp-image-8818\" srcset=\"https:\/\/cheminsplestinais.dcea.fr\/wp-content\/uploads\/2022\/05\/049-1-1024x768.jpg 1024w, https:\/\/cheminsplestinais.dcea.fr\/wp-content\/uploads\/2022\/05\/049-1-300x225.jpg 300w, https:\/\/cheminsplestinais.dcea.fr\/wp-content\/uploads\/2022\/05\/049-1-768x576.jpg 768w, https:\/\/cheminsplestinais.dcea.fr\/wp-content\/uploads\/2022\/05\/049-1.jpg 1280w\" sizes=\"(max-width: 1024px) 100vw, 1024px\" \/><\/figure>\n\n\n\n<p class=\"has-medium-font-size\"><em>\u2026Sans oublier Marcel, autre cheville ouvri\u00e8re de cette belle r\u00e9alisation.<\/em><\/p>\n\n\n\n<p><\/p>\n\n\n\n<figure class=\"wp-block-image size-large\"><img loading=\"lazy\" decoding=\"async\" width=\"1024\" height=\"681\" src=\"https:\/\/cheminsplestinais.dcea.fr\/wp-content\/uploads\/2022\/05\/050-1-1024x681.jpg\" alt=\"\" class=\"wp-image-8819\" srcset=\"https:\/\/cheminsplestinais.dcea.fr\/wp-content\/uploads\/2022\/05\/050-1-1024x681.jpg 1024w, https:\/\/cheminsplestinais.dcea.fr\/wp-content\/uploads\/2022\/05\/050-1-300x199.jpg 300w, https:\/\/cheminsplestinais.dcea.fr\/wp-content\/uploads\/2022\/05\/050-1-768x511.jpg 768w, https:\/\/cheminsplestinais.dcea.fr\/wp-content\/uploads\/2022\/05\/050-1-1536x1021.jpg 1536w, https:\/\/cheminsplestinais.dcea.fr\/wp-content\/uploads\/2022\/05\/050-1.jpg 1791w\" sizes=\"(max-width: 1024px) 100vw, 1024px\" \/><\/figure>\n\n\n\n<p class=\"has-medium-font-size\"><em>Nous avons conclu ce moment fort de la vie de notre association par un sympathique ap\u00e9ritif\u2026 avant de sacrifier \u00e0 l\u2019indispensable photo-souvenir. Ne doutons pas que l&rsquo;endroit attire de nombreux promeneurs d\u00e9sireux d&rsquo;y pique-niquer&#8230; ou d&rsquo;y faire une simple pause. Il y a d\u00e9sormais deux aires \u00e0 pique-nique sur la boucle de Saint Haran ! <\/em><\/p>\n","protected":false},"excerpt":{"rendered":"<p>Chantier de Roc\u2019helan: L\u2019association a d\u00e9cid\u00e9 d\u2019implanter un abri \u00e0 pique-nique sur le sentier longeant le Douron (boucle de Saint Haran), au lieu-dit Roc\u2019helan. L\u2019endroit n\u2019a pas \u00e9t\u00e9 choisi au hasard : sentier tr\u00e8s fr\u00e9quent\u00e9 par les randonneurs, facilit\u00e9 d\u2019acc\u00e8s, parking \u00e0 proximit\u00e9 et vue imprenable sur le Douron ! Le projet se devait d\u2019\u00eatre [&hellip;]<\/p>\n","protected":false},"author":6,"featured_media":0,"comment_status":"open","ping_status":"closed","sticky":false,"template":"","format":"standard","meta":{"footnotes":""},"categories":[2],"tags":[],"_links":{"self":[{"href":"https:\/\/cheminsplestinais.dcea.fr\/index.php?rest_route=\/wp\/v2\/posts\/8824"}],"collection":[{"href":"https:\/\/cheminsplestinais.dcea.fr\/index.php?rest_route=\/wp\/v2\/posts"}],"about":[{"href":"https:\/\/cheminsplestinais.dcea.fr\/index.php?rest_route=\/wp\/v2\/types\/post"}],"author":[{"embeddable":true,"href":"https:\/\/cheminsplestinais.dcea.fr\/index.php?rest_route=\/wp\/v2\/users\/6"}],"replies":[{"embeddable":true,"href":"https:\/\/cheminsplestinais.dcea.fr\/index.php?rest_route=%2Fwp%2Fv2%2Fcomments&post=8824"}],"version-history":[{"count":19,"href":"https:\/\/cheminsplestinais.dcea.fr\/index.php?rest_route=\/wp\/v2\/posts\/8824\/revisions"}],"predecessor-version":[{"id":9060,"href":"https:\/\/cheminsplestinais.dcea.fr\/index.php?rest_route=\/wp\/v2\/posts\/8824\/revisions\/9060"}],"wp:attachment":[{"href":"https:\/\/cheminsplestinais.dcea.fr\/index.php?rest_route=%2Fwp%2Fv2%2Fmedia&parent=8824"}],"wp:term":[{"taxonomy":"category","embeddable":true,"href":"https:\/\/cheminsplestinais.dcea.fr\/index.php?rest_route=%2Fwp%2Fv2%2Fcategories&post=8824"},{"taxonomy":"post_tag","embeddable":true,"href":"https:\/\/cheminsplestinais.dcea.fr\/index.php?rest_route=%2Fwp%2Fv2%2Ftags&post=8824"}],"curies":[{"name":"wp","href":"https:\/\/api.w.org\/{rel}","templated":true}]}}