{"id":8855,"date":"2022-06-26T16:36:54","date_gmt":"2022-06-26T15:36:54","guid":{"rendered":"http:\/\/cheminsplestinais.dcea.fr\/?p=8855"},"modified":"2022-06-26T16:40:48","modified_gmt":"2022-06-26T15:40:48","slug":"le-dessous-des-cartes","status":"publish","type":"post","link":"https:\/\/cheminsplestinais.dcea.fr\/?p=8855","title":{"rendered":"Le dessous des cartes"},"content":{"rendered":"\n<p><\/p>\n\n\n\n<div class=\"wp-block-media-text alignwide has-media-on-the-right is-stacked-on-mobile\" style=\"grid-template-columns:auto 18%\"><figure class=\"wp-block-media-text__media\"><a href=\"https:\/\/cheminsplestinais.dcea.fr\/wp-content\/uploads\/2022\/06\/Pochette1-scaled.jpg\"><img loading=\"lazy\" decoding=\"async\" width=\"758\" height=\"1024\" src=\"https:\/\/cheminsplestinais.dcea.fr\/wp-content\/uploads\/2022\/06\/Pochette1-758x1024.jpg\" alt=\"\" class=\"wp-image-8877 size-full\" srcset=\"https:\/\/cheminsplestinais.dcea.fr\/wp-content\/uploads\/2022\/06\/Pochette1-758x1024.jpg 758w, https:\/\/cheminsplestinais.dcea.fr\/wp-content\/uploads\/2022\/06\/Pochette1-222x300.jpg 222w, https:\/\/cheminsplestinais.dcea.fr\/wp-content\/uploads\/2022\/06\/Pochette1-768x1038.jpg 768w, https:\/\/cheminsplestinais.dcea.fr\/wp-content\/uploads\/2022\/06\/Pochette1-1137x1536.jpg 1137w, https:\/\/cheminsplestinais.dcea.fr\/wp-content\/uploads\/2022\/06\/Pochette1-1516x2048.jpg 1516w, https:\/\/cheminsplestinais.dcea.fr\/wp-content\/uploads\/2022\/06\/Pochette1-scaled.jpg 1894w\" sizes=\"(max-width: 758px) 100vw, 758px\" \/><\/a><\/figure><div class=\"wp-block-media-text__content\">\n<p style=\"font-size:15px\"><br>Vous n&rsquo;avez certainement pas \u00e9chapp\u00e9 dans la presse \u00e0 l&rsquo;information majeure de ce d\u00e9but d&rsquo;\u00e9t\u00e9 : <br>la parution d&rsquo;un nouveau guide des chemins de randonn\u00e9es p\u00e9destres : <\/p>\n\n\n\n<p class=\"has-text-align-right has-luminous-vivid-orange-color has-text-color\" style=\"font-size:15px\"><br><strong>\u00ab\u00a0\u00c0 pied autour de Plestin\u00a0\u00bb.<\/strong><\/p>\n<\/div><\/div>\n\n\n\n<p>Nouveau en effet : la plupart des utilisateurs de nos chemins conna\u00eet probablement l&rsquo;ancienne brochure du \u00ab\u00a0Circuit des chapelles\u00a0\u00bb <br>diffus\u00e9e par la Maison du Tourisme depuis une dizaine d&rsquo;ann\u00e9es.<\/p>\n\n\n\n<p>Cette brochure n\u00e9cessitait une mise \u00e0 jour :<\/p>\n\n\n\n<ul><li>Lisibilit\u00e9 d&rsquo;ensemble<\/li><li>Nouveaux circuits  : Kozh Iliz, An Dour Meur, Ar Run Glaz<\/li><li>Trac\u00e9s modifi\u00e9s<\/li><li>Descriptifs de cheminement<\/li><li>\u00c9l\u00e9ments de patrimoine \u00e0 mettre en exergue.<\/li><\/ul>\n\n\n\n<p>Notre association a donc entrepris une d\u00e9marche aupr\u00e8s du service communication de la municipalit\u00e9 de Plestin-les-Gr\u00e8ves qui lui a accord\u00e9 un accueil tr\u00e8s favorable.<\/p>\n\n\n\n<p>D\u00e8s l&rsquo;automne 2021, l&rsquo;\u00e9quipe balisage des Chemins Plestinais &#8211; compos\u00e9e de 7 membres &#8211; s&rsquo;est attel\u00e9e \u00e0 la t\u00e2che. Apr\u00e8s avoir d\u00e9fini en commun le type de contenu que nous aimerions proposer, par comparaison avec des exemples de fiches et autres \u00ab\u00a0topo-guides\u00a0\u00bb existants, notre 1er travail s&rsquo;est d\u00e9roul\u00e9 principalement sur le terrain :<\/p>\n\n\n\n<div class=\"wp-block-media-text alignwide is-stacked-on-mobile is-vertically-aligned-center\" style=\"grid-template-columns:40% auto\"><figure class=\"wp-block-media-text__media\"><img loading=\"lazy\" decoding=\"async\" width=\"1024\" height=\"768\" src=\"https:\/\/cheminsplestinais.dcea.fr\/wp-content\/uploads\/2022\/06\/P1020819r-1024x768.jpg\" alt=\"\" class=\"wp-image-8908 size-full\" srcset=\"https:\/\/cheminsplestinais.dcea.fr\/wp-content\/uploads\/2022\/06\/P1020819r-1024x768.jpg 1024w, https:\/\/cheminsplestinais.dcea.fr\/wp-content\/uploads\/2022\/06\/P1020819r-300x225.jpg 300w, https:\/\/cheminsplestinais.dcea.fr\/wp-content\/uploads\/2022\/06\/P1020819r-768x576.jpg 768w, https:\/\/cheminsplestinais.dcea.fr\/wp-content\/uploads\/2022\/06\/P1020819r.jpg 1200w\" sizes=\"(max-width: 1024px) 100vw, 1024px\" \/><\/figure><div class=\"wp-block-media-text__content\">\n<ul id=\"block-70ca3319-4f49-4b50-b74b-e500a21999bc\"><li>parcourir chacune de nos bou- cles en  se mettant \u00e0 la place du randonneur, pour d\u00e9terminer le descriptif le plus clair possible,<\/li><li>en profiter pour am\u00e9liorer le balisage d\u00e9j\u00e0 en place,<\/li><li>rep\u00e9rer les \u00e9l\u00e9ments de patrimoine naturel et b\u00e2ti les plus significatifs.<\/li><\/ul>\n<\/div><\/div>\n\n\n\n<div class=\"wp-block-media-text alignwide has-media-on-the-right is-stacked-on-mobile\" style=\"grid-template-columns:auto 45%\"><figure class=\"wp-block-media-text__media\"><img loading=\"lazy\" decoding=\"async\" width=\"800\" height=\"450\" src=\"https:\/\/cheminsplestinais.dcea.fr\/wp-content\/uploads\/2022\/06\/DSC_0082-r.jpg\" alt=\"\" class=\"wp-image-8917 size-full\" srcset=\"https:\/\/cheminsplestinais.dcea.fr\/wp-content\/uploads\/2022\/06\/DSC_0082-r.jpg 800w, https:\/\/cheminsplestinais.dcea.fr\/wp-content\/uploads\/2022\/06\/DSC_0082-r-300x169.jpg 300w, https:\/\/cheminsplestinais.dcea.fr\/wp-content\/uploads\/2022\/06\/DSC_0082-r-768x432.jpg 768w\" sizes=\"(max-width: 800px) 100vw, 800px\" \/><\/figure><div class=\"wp-block-media-text__content\">\n<p style=\"font-size:15px\">Parall\u00e8lement, nous nous r\u00e9unissions r\u00e9guli\u00e8rement pour discuter du contenu et de la r\u00e9daction de chaque fiche. Un v\u00e9ritable travail d&rsquo;\u00e9quipe, parfois difficile, mais toujours dans la bonne humeur !<\/p>\n<\/div><\/div>\n\n\n\n<p style=\"font-size:15px\">Assez rapidement, nous avons eu le plaisir de travailler en collaboration \u00e9troite avec Sabrina Maurisson de l&rsquo;association Ideographik de Tremel. C&rsquo;est en effet \u00e0 elle qu&rsquo; a \u00e9t\u00e9 confi\u00e9e le design, la mise en page et toute la r\u00e9alisation technique des fiches. Tout en s&rsquo;adaptant au mieux \u00e0 nos desiderata, elle nous a constamment orient\u00e9s quant \u00e0 la densit\u00e9 du texte (nous avions tendance \u00e0 \u00eatre beaucoup trop bavards !), au vocabulaire employ\u00e9 et \u00e0 la mise en page. En effet, elle est particuli\u00e8rement soucieuse de l&rsquo;accessibilit\u00e9 des documents pour les personnes en situation de handicap (lisibilit\u00e9, a\u00e9ration et simplicit\u00e9 du texte, choix de la taille et de la couleur des caract\u00e8res). <\/p>\n\n\n\n<figure class=\"wp-block-gallery has-nested-images columns-default is-cropped wp-block-gallery-1 is-layout-flex wp-block-gallery-is-layout-flex\">\n<figure class=\"wp-block-image size-large\"><a href=\"https:\/\/cheminsplestinais.dcea.fr\/wp-content\/uploads\/2022\/06\/Photo1b-pour-article-blog-1.jpg\"><img loading=\"lazy\" decoding=\"async\" width=\"758\" height=\"517\" data-id=\"8944\" src=\"https:\/\/cheminsplestinais.dcea.fr\/wp-content\/uploads\/2022\/06\/Photo1b-pour-article-blog-1.jpg\" alt=\"\" class=\"wp-image-8944\" srcset=\"https:\/\/cheminsplestinais.dcea.fr\/wp-content\/uploads\/2022\/06\/Photo1b-pour-article-blog-1.jpg 758w, https:\/\/cheminsplestinais.dcea.fr\/wp-content\/uploads\/2022\/06\/Photo1b-pour-article-blog-1-300x205.jpg 300w\" sizes=\"(max-width: 758px) 100vw, 758px\" \/><\/a><\/figure>\n\n\n\n<figure class=\"wp-block-image size-large\"><a href=\"https:\/\/cheminsplestinais.dcea.fr\/wp-content\/uploads\/2022\/06\/Photo2b-pour-article-blog-1.jpg\"><img loading=\"lazy\" decoding=\"async\" width=\"874\" height=\"645\" data-id=\"8945\" src=\"https:\/\/cheminsplestinais.dcea.fr\/wp-content\/uploads\/2022\/06\/Photo2b-pour-article-blog-1.jpg\" alt=\"\" class=\"wp-image-8945\" srcset=\"https:\/\/cheminsplestinais.dcea.fr\/wp-content\/uploads\/2022\/06\/Photo2b-pour-article-blog-1.jpg 874w, https:\/\/cheminsplestinais.dcea.fr\/wp-content\/uploads\/2022\/06\/Photo2b-pour-article-blog-1-300x221.jpg 300w, https:\/\/cheminsplestinais.dcea.fr\/wp-content\/uploads\/2022\/06\/Photo2b-pour-article-blog-1-768x567.jpg 768w\" sizes=\"(max-width: 874px) 100vw, 874px\" \/><\/a><\/figure>\n<\/figure>\n\n\n\n<p>De nombreux allers et retours nous ont permis d&rsquo;aboutir \u00e0 un compromis satisfaisant pour tous et, nous l&rsquo;esp\u00e9rons, pour tous les utilisateurs de ces fiches \u00e9galement.<\/p>\n\n\n\n<p class=\"has-pale-cyan-blue-background-color has-background\">Vous pouvez consulter, imprimer et t\u00e9l\u00e9charger chacune de ces fiches sur notre site, \u00e0 la rubrique \u00ab\u00a0\u00c0 pied autour de Plestin\u00a0\u00bb, ou en cliquant <a href=\"https:\/\/cheminsplestinais.dcea.fr\/?page_id=8838\">sur ce lien<\/a>.<\/p>\n\n\n\n<p>Un grand merci \u00e0 tous les acteurs qui ont permis l&rsquo;aboutissement de ce beau projet, et notamment la municipalit\u00e9 de Plestin qui en a assur\u00e9 le financement.<\/p>\n\n\n\n<p>D\u00e8s l&rsquo;ann\u00e9e prochaine, nous esp\u00e9rons pouvoir \u00e9toffer ce guide avec un descriptif de notre \u00ab\u00a0Tro Plistin\u00a0\u00bb (tour de Plestin &#8211; 30 km), un plan d&rsquo;ensemble des 11 boucles de la commune, et quelques fiches de boucles de randonn\u00e9es de communes proches de Plestin (Tremel, Ploumilliau..) telles que nous les proposions d\u00e9j\u00e0 dans la pr\u00e9c\u00e9dente brochure.<\/p>\n","protected":false},"excerpt":{"rendered":"<p>Vous n&rsquo;avez certainement pas \u00e9chapp\u00e9 dans la presse \u00e0 l&rsquo;information majeure de ce d\u00e9but d&rsquo;\u00e9t\u00e9 : la parution d&rsquo;un nouveau guide des chemins de randonn\u00e9es p\u00e9destres : \u00ab\u00a0\u00c0 pied autour de Plestin\u00a0\u00bb. Nouveau en effet : la plupart des utilisateurs de nos chemins conna\u00eet probablement l&rsquo;ancienne brochure du \u00ab\u00a0Circuit des chapelles\u00a0\u00bb diffus\u00e9e par la Maison [&hellip;]<\/p>\n","protected":false},"author":1,"featured_media":0,"comment_status":"open","ping_status":"closed","sticky":false,"template":"","format":"standard","meta":{"footnotes":""},"categories":[7],"tags":[],"_links":{"self":[{"href":"https:\/\/cheminsplestinais.dcea.fr\/index.php?rest_route=\/wp\/v2\/posts\/8855"}],"collection":[{"href":"https:\/\/cheminsplestinais.dcea.fr\/index.php?rest_route=\/wp\/v2\/posts"}],"about":[{"href":"https:\/\/cheminsplestinais.dcea.fr\/index.php?rest_route=\/wp\/v2\/types\/post"}],"author":[{"embeddable":true,"href":"https:\/\/cheminsplestinais.dcea.fr\/index.php?rest_route=\/wp\/v2\/users\/1"}],"replies":[{"embeddable":true,"href":"https:\/\/cheminsplestinais.dcea.fr\/index.php?rest_route=%2Fwp%2Fv2%2Fcomments&post=8855"}],"version-history":[{"count":59,"href":"https:\/\/cheminsplestinais.dcea.fr\/index.php?rest_route=\/wp\/v2\/posts\/8855\/revisions"}],"predecessor-version":[{"id":8951,"href":"https:\/\/cheminsplestinais.dcea.fr\/index.php?rest_route=\/wp\/v2\/posts\/8855\/revisions\/8951"}],"wp:attachment":[{"href":"https:\/\/cheminsplestinais.dcea.fr\/index.php?rest_route=%2Fwp%2Fv2%2Fmedia&parent=8855"}],"wp:term":[{"taxonomy":"category","embeddable":true,"href":"https:\/\/cheminsplestinais.dcea.fr\/index.php?rest_route=%2Fwp%2Fv2%2Fcategories&post=8855"},{"taxonomy":"post_tag","embeddable":true,"href":"https:\/\/cheminsplestinais.dcea.fr\/index.php?rest_route=%2Fwp%2Fv2%2Ftags&post=8855"}],"curies":[{"name":"wp","href":"https:\/\/api.w.org\/{rel}","templated":true}]}}