{"id":9311,"date":"2022-11-29T14:03:58","date_gmt":"2022-11-29T13:03:58","guid":{"rendered":"http:\/\/cheminsplestinais.dcea.fr\/?p=9311"},"modified":"2022-11-29T20:49:57","modified_gmt":"2022-11-29T19:49:57","slug":"12-septembre-2022-cest-la-rentree-aux-chemins-plestinais","status":"publish","type":"post","link":"https:\/\/cheminsplestinais.dcea.fr\/?p=9311","title":{"rendered":"12 septembre 2022 : c&rsquo;est la rentr\u00e9e aux Chemins Plestinais"},"content":{"rendered":"\n<p>Le mois de septembre marque aussi la \u00ab&nbsp;rentr\u00e9e&nbsp;\u00bb pour les membres de notre association, avec un l\u00e9ger d\u00e9calage par rapport au calendrier scolaire, puisque nous avons sagement attendu le 12 pour nous retrouver&#8230;<\/p>\n\n\n\n<p>La date \u00e9tait attendue avec une certaine impatience, car l\u2019association b\u00e9n\u00e9ficie d\u00e9sormais de nouveaux locaux mis \u00e0 disposition par la municipalit\u00e9, \u00e0 Poul Scornet (anciens locaux occup\u00e9s par le syndicat de voirie de Plestin-Plouaret). Nous avons donc quitt\u00e9 le local situ\u00e9 sous la Maison des Assistantes Maternelles, devenu trop exigu et peu adapt\u00e9 \u00e0 nos activit\u00e9s de menuiserie, source de nuisances pour les occupantes&nbsp; des lieux et les enfants accueillis.<\/p>\n\n\n\n<p><\/p>\n\n\n\n<p><\/p>\n\n\n\n<figure class=\"wp-block-image size-large\"><img loading=\"lazy\" decoding=\"async\" width=\"1024\" height=\"768\" src=\"https:\/\/cheminsplestinais.dcea.fr\/wp-content\/uploads\/2022\/11\/1-4-1024x768.jpg\" alt=\"\" class=\"wp-image-9319\" srcset=\"https:\/\/cheminsplestinais.dcea.fr\/wp-content\/uploads\/2022\/11\/1-4-1024x768.jpg 1024w, https:\/\/cheminsplestinais.dcea.fr\/wp-content\/uploads\/2022\/11\/1-4-300x225.jpg 300w, https:\/\/cheminsplestinais.dcea.fr\/wp-content\/uploads\/2022\/11\/1-4-768x576.jpg 768w, https:\/\/cheminsplestinais.dcea.fr\/wp-content\/uploads\/2022\/11\/1-4.jpg 1280w\" sizes=\"(max-width: 1024px) 100vw, 1024px\" \/><\/figure>\n\n\n\n<figure class=\"wp-block-image is-resized\"><img loading=\"lazy\" decoding=\"async\" src=\"https:\/\/cheminsplestinais.dcea.fr\/wp-content\/uploads\/2022\/11\/2-3-1024x768.jpg\" alt=\"Nous b\u00e9n\u00e9ficions \u00e9galement d\u2019une salle de r\u00e9unions flambant neuve, que nous partageons avec d\u2019autres associations utilisatrices du site.\n\n\" class=\"wp-image-9320\" width=\"840\" height=\"630\" srcset=\"https:\/\/cheminsplestinais.dcea.fr\/wp-content\/uploads\/2022\/11\/2-3-1024x768.jpg 1024w, https:\/\/cheminsplestinais.dcea.fr\/wp-content\/uploads\/2022\/11\/2-3-300x225.jpg 300w, https:\/\/cheminsplestinais.dcea.fr\/wp-content\/uploads\/2022\/11\/2-3-768x576.jpg 768w, https:\/\/cheminsplestinais.dcea.fr\/wp-content\/uploads\/2022\/11\/2-3.jpg 1280w\" sizes=\"(max-width: 840px) 100vw, 840px\" \/><figcaption>Nous b\u00e9n\u00e9ficions d\u00e9sormais d\u2019un local spacieux, mais quelque peu encombr\u00e9 par divers mat\u00e9riaux et n\u00e9cessitant un s\u00e9rieux m\u00e9nage.<\/figcaption><\/figure>\n\n\n\n<p><\/p>\n\n\n\n<div class=\"wp-block-media-text alignwide is-stacked-on-mobile\" style=\"grid-template-columns:60% auto\"><figure class=\"wp-block-media-text__media\"><img loading=\"lazy\" decoding=\"async\" width=\"768\" height=\"1024\" src=\"https:\/\/cheminsplestinais.dcea.fr\/wp-content\/uploads\/2022\/11\/3-1-768x1024.jpg\" alt=\"\" class=\"wp-image-9322 size-full\" srcset=\"https:\/\/cheminsplestinais.dcea.fr\/wp-content\/uploads\/2022\/11\/3-1-768x1024.jpg 768w, https:\/\/cheminsplestinais.dcea.fr\/wp-content\/uploads\/2022\/11\/3-1-225x300.jpg 225w, https:\/\/cheminsplestinais.dcea.fr\/wp-content\/uploads\/2022\/11\/3-1-1152x1536.jpg 1152w, https:\/\/cheminsplestinais.dcea.fr\/wp-content\/uploads\/2022\/11\/3-1-1536x2048.jpg 1536w, https:\/\/cheminsplestinais.dcea.fr\/wp-content\/uploads\/2022\/11\/3-1-scaled.jpg 1920w\" sizes=\"(max-width: 768px) 100vw, 768px\" \/><\/figure><div class=\"wp-block-media-text__content\">\n<p class=\"has-text-align-left\">Il n\u2019aura pas fallu tr\u00e8s longtemps pour \u00e9vacuer les encombrants, entrepos\u00e9s dans deux bennes toutes proches.<\/p>\n<\/div><\/div>\n\n\n\n<p><\/p>\n\n\n\n<p><\/p>\n\n\n\n<div class=\"wp-block-media-text alignwide has-media-on-the-right is-stacked-on-mobile\" style=\"grid-template-columns:auto 77%\"><figure class=\"wp-block-media-text__media\"><img loading=\"lazy\" decoding=\"async\" width=\"1024\" height=\"768\" src=\"https:\/\/cheminsplestinais.dcea.fr\/wp-content\/uploads\/2022\/11\/4-1-1024x768.jpg\" alt=\"\" class=\"wp-image-9323 size-full\" srcset=\"https:\/\/cheminsplestinais.dcea.fr\/wp-content\/uploads\/2022\/11\/4-1-1024x768.jpg 1024w, https:\/\/cheminsplestinais.dcea.fr\/wp-content\/uploads\/2022\/11\/4-1-300x225.jpg 300w, https:\/\/cheminsplestinais.dcea.fr\/wp-content\/uploads\/2022\/11\/4-1-768x576.jpg 768w, https:\/\/cheminsplestinais.dcea.fr\/wp-content\/uploads\/2022\/11\/4-1.jpg 1280w\" sizes=\"(max-width: 1024px) 100vw, 1024px\" \/><\/figure><div class=\"wp-block-media-text__content\">\n<p>&#8230;\u00e9vacuation aussit\u00f4t suivie d\u2019un lavage du sol \u00e0 grande eau.<\/p>\n<\/div><\/div>\n\n\n\n<p><\/p>\n\n\n\n<p><\/p>\n\n\n\n<p><\/p>\n\n\n\n<div class=\"wp-block-media-text alignwide is-stacked-on-mobile\" style=\"grid-template-columns:66% auto\"><figure class=\"wp-block-media-text__media\"><img loading=\"lazy\" decoding=\"async\" width=\"768\" height=\"1024\" src=\"https:\/\/cheminsplestinais.dcea.fr\/wp-content\/uploads\/2022\/11\/5-1-768x1024.jpg\" alt=\"\" class=\"wp-image-9324 size-full\" srcset=\"https:\/\/cheminsplestinais.dcea.fr\/wp-content\/uploads\/2022\/11\/5-1-768x1024.jpg 768w, https:\/\/cheminsplestinais.dcea.fr\/wp-content\/uploads\/2022\/11\/5-1-225x300.jpg 225w, https:\/\/cheminsplestinais.dcea.fr\/wp-content\/uploads\/2022\/11\/5-1-1152x1536.jpg 1152w, https:\/\/cheminsplestinais.dcea.fr\/wp-content\/uploads\/2022\/11\/5-1-1536x2048.jpg 1536w, https:\/\/cheminsplestinais.dcea.fr\/wp-content\/uploads\/2022\/11\/5-1-scaled.jpg 1920w\" sizes=\"(max-width: 768px) 100vw, 768px\" \/><\/figure><div class=\"wp-block-media-text__content\">\n<p>Nous b\u00e9n\u00e9ficions \u00e9galement d\u2019une salle de r\u00e9unions flambant neuve, que nous partageons avec d\u2019autres associations utilisatrices du site.<\/p>\n<\/div><\/div>\n\n\n\n<p><\/p>\n\n\n\n<figure class=\"wp-block-image is-style-default\"><img loading=\"lazy\" decoding=\"async\" width=\"1024\" height=\"768\" src=\"https:\/\/cheminsplestinais.dcea.fr\/wp-content\/uploads\/2022\/11\/6-1024x768.jpg\" alt=\"\" class=\"wp-image-9338\" srcset=\"https:\/\/cheminsplestinais.dcea.fr\/wp-content\/uploads\/2022\/11\/6-1024x768.jpg 1024w, https:\/\/cheminsplestinais.dcea.fr\/wp-content\/uploads\/2022\/11\/6-300x225.jpg 300w, https:\/\/cheminsplestinais.dcea.fr\/wp-content\/uploads\/2022\/11\/6-768x576.jpg 768w, https:\/\/cheminsplestinais.dcea.fr\/wp-content\/uploads\/2022\/11\/6.jpg 1280w\" sizes=\"(max-width: 1024px) 100vw, 1024px\" \/><figcaption>Les locaux sont m\u00eame \u00e9quip\u00e9s d\u2019une cuisine am\u00e9nag\u00e9e !<br>Il n\u2019y a pas si longtemps, Eric, notre ancien pr\u00e9sident, entreposait encore le mat\u00e9riel de l\u2019association dans le sous-sol de sa maison, et notre lieu de rendez-vous du lundi, c\u2019\u00e9tait \u2026le parking des quatre chemins !<\/figcaption><\/figure>\n\n\n\n<p><\/p>\n\n\n\n<p><\/p>\n\n\n\n<p><\/p>\n\n\n\n<div class=\"wp-block-media-text alignwide has-media-on-the-right is-stacked-on-mobile\" style=\"grid-template-columns:auto 72%\"><figure class=\"wp-block-media-text__media\"><img loading=\"lazy\" decoding=\"async\" width=\"1024\" height=\"768\" src=\"https:\/\/cheminsplestinais.dcea.fr\/wp-content\/uploads\/2022\/11\/7-1024x768.jpg\" alt=\"\" class=\"wp-image-9341 size-full\" srcset=\"https:\/\/cheminsplestinais.dcea.fr\/wp-content\/uploads\/2022\/11\/7-1024x768.jpg 1024w, https:\/\/cheminsplestinais.dcea.fr\/wp-content\/uploads\/2022\/11\/7-300x225.jpg 300w, https:\/\/cheminsplestinais.dcea.fr\/wp-content\/uploads\/2022\/11\/7-768x576.jpg 768w, https:\/\/cheminsplestinais.dcea.fr\/wp-content\/uploads\/2022\/11\/7.jpg 1280w\" sizes=\"(max-width: 1024px) 100vw, 1024px\" \/><\/figure><div class=\"wp-block-media-text__content\">\n<p><\/p>\n\n\n\n<p>A l\u2019arri\u00e8re du b\u00e2timent se trouve une grande cour, laquelle \u00e9tait \u00e9galement quelque peu envahie par les herbes folles et quelques buissons.<\/p>\n<\/div><\/div>\n\n\n\n<p><\/p>\n\n\n\n<p><\/p>\n\n\n\n<figure class=\"wp-block-gallery has-nested-images columns-default is-cropped wp-block-gallery-1 is-layout-flex wp-block-gallery-is-layout-flex\">\n<figure class=\"wp-block-image size-large is-style-default\"><img loading=\"lazy\" decoding=\"async\" width=\"768\" height=\"1024\" data-id=\"9347\" src=\"https:\/\/cheminsplestinais.dcea.fr\/wp-content\/uploads\/2022\/11\/9-768x1024.jpg\" alt=\"\" class=\"wp-image-9347\" srcset=\"https:\/\/cheminsplestinais.dcea.fr\/wp-content\/uploads\/2022\/11\/9-768x1024.jpg 768w, https:\/\/cheminsplestinais.dcea.fr\/wp-content\/uploads\/2022\/11\/9-225x300.jpg 225w, https:\/\/cheminsplestinais.dcea.fr\/wp-content\/uploads\/2022\/11\/9-1152x1536.jpg 1152w, https:\/\/cheminsplestinais.dcea.fr\/wp-content\/uploads\/2022\/11\/9-1536x2048.jpg 1536w, https:\/\/cheminsplestinais.dcea.fr\/wp-content\/uploads\/2022\/11\/9-scaled.jpg 1920w\" sizes=\"(max-width: 768px) 100vw, 768px\" \/><\/figure>\n\n\n\n<figure class=\"wp-block-image size-large is-style-default\"><img loading=\"lazy\" decoding=\"async\" width=\"768\" height=\"1024\" data-id=\"9348\" src=\"https:\/\/cheminsplestinais.dcea.fr\/wp-content\/uploads\/2022\/11\/8-1-768x1024.jpg\" alt=\"\" class=\"wp-image-9348\" srcset=\"https:\/\/cheminsplestinais.dcea.fr\/wp-content\/uploads\/2022\/11\/8-1-768x1024.jpg 768w, https:\/\/cheminsplestinais.dcea.fr\/wp-content\/uploads\/2022\/11\/8-1-225x300.jpg 225w, https:\/\/cheminsplestinais.dcea.fr\/wp-content\/uploads\/2022\/11\/8-1-1152x1536.jpg 1152w, https:\/\/cheminsplestinais.dcea.fr\/wp-content\/uploads\/2022\/11\/8-1-1536x2048.jpg 1536w, https:\/\/cheminsplestinais.dcea.fr\/wp-content\/uploads\/2022\/11\/8-1-scaled.jpg 1920w\" sizes=\"(max-width: 768px) 100vw, 768px\" \/><\/figure>\n\n\n\n<figure class=\"wp-block-image size-large is-style-default\"><img loading=\"lazy\" decoding=\"async\" width=\"768\" height=\"1024\" data-id=\"9346\" src=\"https:\/\/cheminsplestinais.dcea.fr\/wp-content\/uploads\/2022\/11\/10-768x1024.jpg\" alt=\"\" class=\"wp-image-9346\" srcset=\"https:\/\/cheminsplestinais.dcea.fr\/wp-content\/uploads\/2022\/11\/10-768x1024.jpg 768w, https:\/\/cheminsplestinais.dcea.fr\/wp-content\/uploads\/2022\/11\/10-225x300.jpg 225w, https:\/\/cheminsplestinais.dcea.fr\/wp-content\/uploads\/2022\/11\/10-1152x1536.jpg 1152w, https:\/\/cheminsplestinais.dcea.fr\/wp-content\/uploads\/2022\/11\/10-1536x2048.jpg 1536w, https:\/\/cheminsplestinais.dcea.fr\/wp-content\/uploads\/2022\/11\/10-scaled.jpg 1920w\" sizes=\"(max-width: 768px) 100vw, 768px\" \/><\/figure>\n<\/figure>\n\n\n\n<p>Les herbes folles et les buissons, aux Chemins Plestinais, on connait&nbsp;! Il n\u2019aura donc pas fallu longtemps pour que cet espace retrouve son aspect initial.<\/p>\n\n\n\n<p><\/p>\n\n\n\n<figure class=\"wp-block-gallery has-nested-images columns-default is-cropped wp-block-gallery-2 is-layout-flex wp-block-gallery-is-layout-flex\">\n<figure class=\"wp-block-image size-large is-style-default\"><img loading=\"lazy\" decoding=\"async\" width=\"768\" height=\"1024\" data-id=\"9351\" src=\"https:\/\/cheminsplestinais.dcea.fr\/wp-content\/uploads\/2022\/11\/12-768x1024.jpg\" alt=\"\" class=\"wp-image-9351\" srcset=\"https:\/\/cheminsplestinais.dcea.fr\/wp-content\/uploads\/2022\/11\/12-768x1024.jpg 768w, https:\/\/cheminsplestinais.dcea.fr\/wp-content\/uploads\/2022\/11\/12-225x300.jpg 225w, https:\/\/cheminsplestinais.dcea.fr\/wp-content\/uploads\/2022\/11\/12-1152x1536.jpg 1152w, https:\/\/cheminsplestinais.dcea.fr\/wp-content\/uploads\/2022\/11\/12-1536x2048.jpg 1536w, https:\/\/cheminsplestinais.dcea.fr\/wp-content\/uploads\/2022\/11\/12-scaled.jpg 1920w\" sizes=\"(max-width: 768px) 100vw, 768px\" \/><\/figure>\n\n\n\n<figure class=\"wp-block-image size-large is-style-default\"><img loading=\"lazy\" decoding=\"async\" width=\"768\" height=\"1024\" data-id=\"9352\" src=\"https:\/\/cheminsplestinais.dcea.fr\/wp-content\/uploads\/2022\/11\/13-768x1024.jpg\" alt=\"\" class=\"wp-image-9352\" srcset=\"https:\/\/cheminsplestinais.dcea.fr\/wp-content\/uploads\/2022\/11\/13-768x1024.jpg 768w, https:\/\/cheminsplestinais.dcea.fr\/wp-content\/uploads\/2022\/11\/13-225x300.jpg 225w, https:\/\/cheminsplestinais.dcea.fr\/wp-content\/uploads\/2022\/11\/13-1152x1536.jpg 1152w, https:\/\/cheminsplestinais.dcea.fr\/wp-content\/uploads\/2022\/11\/13-1536x2048.jpg 1536w, https:\/\/cheminsplestinais.dcea.fr\/wp-content\/uploads\/2022\/11\/13-scaled.jpg 1920w\" sizes=\"(max-width: 768px) 100vw, 768px\" \/><\/figure>\n\n\n\n<figure class=\"wp-block-image size-large is-style-default\"><img loading=\"lazy\" decoding=\"async\" width=\"768\" height=\"1024\" data-id=\"9353\" src=\"https:\/\/cheminsplestinais.dcea.fr\/wp-content\/uploads\/2022\/11\/11-768x1024.jpg\" alt=\"\" class=\"wp-image-9353\" srcset=\"https:\/\/cheminsplestinais.dcea.fr\/wp-content\/uploads\/2022\/11\/11-768x1024.jpg 768w, https:\/\/cheminsplestinais.dcea.fr\/wp-content\/uploads\/2022\/11\/11-225x300.jpg 225w, https:\/\/cheminsplestinais.dcea.fr\/wp-content\/uploads\/2022\/11\/11-1152x1536.jpg 1152w, https:\/\/cheminsplestinais.dcea.fr\/wp-content\/uploads\/2022\/11\/11-1536x2048.jpg 1536w, https:\/\/cheminsplestinais.dcea.fr\/wp-content\/uploads\/2022\/11\/11-scaled.jpg 1920w\" sizes=\"(max-width: 768px) 100vw, 768px\" \/><\/figure>\n<figcaption class=\"blocks-gallery-caption\">\u2026Et c\u2019est avec le sentiment du devoir accompli que l\u2019\u00e9quipe s\u2019accorde une pause-caf\u00e9 bien m\u00e9rit\u00e9e.<\/figcaption><\/figure>\n\n\n\n<p><\/p>\n\n\n\n<div class=\"wp-block-media-text alignwide is-stacked-on-mobile\" style=\"grid-template-columns:60% auto\"><figure class=\"wp-block-media-text__media\"><img loading=\"lazy\" decoding=\"async\" width=\"768\" height=\"1024\" src=\"https:\/\/cheminsplestinais.dcea.fr\/wp-content\/uploads\/2022\/11\/14-768x1024.jpg\" alt=\"\" class=\"wp-image-9355 size-full\" srcset=\"https:\/\/cheminsplestinais.dcea.fr\/wp-content\/uploads\/2022\/11\/14-768x1024.jpg 768w, https:\/\/cheminsplestinais.dcea.fr\/wp-content\/uploads\/2022\/11\/14-225x300.jpg 225w, https:\/\/cheminsplestinais.dcea.fr\/wp-content\/uploads\/2022\/11\/14-1152x1536.jpg 1152w, https:\/\/cheminsplestinais.dcea.fr\/wp-content\/uploads\/2022\/11\/14-1536x2048.jpg 1536w, https:\/\/cheminsplestinais.dcea.fr\/wp-content\/uploads\/2022\/11\/14-scaled.jpg 1920w\" sizes=\"(max-width: 768px) 100vw, 768px\" \/><\/figure><div class=\"wp-block-media-text__content\">\n<p>Gildas, notre pr\u00e9sident, peut \u00eatre satisfait du r\u00e9sultat.<\/p>\n<\/div><\/div>\n\n\n\n<p><\/p>\n\n\n\n<p><\/p>\n\n\n\n<p><\/p>\n\n\n\n<div class=\"wp-block-media-text alignwide has-media-on-the-right is-stacked-on-mobile\" style=\"grid-template-columns:auto 63%\"><figure class=\"wp-block-media-text__media\"><img loading=\"lazy\" decoding=\"async\" width=\"768\" height=\"1024\" src=\"https:\/\/cheminsplestinais.dcea.fr\/wp-content\/uploads\/2022\/11\/15-768x1024.jpg\" alt=\"\" class=\"wp-image-9358 size-full\" srcset=\"https:\/\/cheminsplestinais.dcea.fr\/wp-content\/uploads\/2022\/11\/15-768x1024.jpg 768w, https:\/\/cheminsplestinais.dcea.fr\/wp-content\/uploads\/2022\/11\/15-225x300.jpg 225w, https:\/\/cheminsplestinais.dcea.fr\/wp-content\/uploads\/2022\/11\/15-1152x1536.jpg 1152w, https:\/\/cheminsplestinais.dcea.fr\/wp-content\/uploads\/2022\/11\/15-1536x2048.jpg 1536w, https:\/\/cheminsplestinais.dcea.fr\/wp-content\/uploads\/2022\/11\/15-scaled.jpg 1920w\" sizes=\"(max-width: 768px) 100vw, 768px\" \/><\/figure><div class=\"wp-block-media-text__content\">\n<p>Tout travail, m\u00e9rite r\u00e9compense\u2026Lors de la seconde journ\u00e9e, le temps estival \u00e9tant toujours au rendez-vous, une grande table est dress\u00e9e en plein-air pour un ap\u00e9ritif et un pique-nique marquant l\u2019installation dans nos nouveaux locaux.<\/p>\n<\/div><\/div>\n\n\n\n<p><\/p>\n\n\n\n<p><\/p>\n\n\n\n<p><\/p>\n\n\n\n<figure class=\"wp-block-gallery has-nested-images columns-default is-cropped wp-block-gallery-3 is-layout-flex wp-block-gallery-is-layout-flex\">\n<figure class=\"wp-block-image size-large is-style-default\"><img loading=\"lazy\" decoding=\"async\" width=\"768\" height=\"1024\" data-id=\"9370\" src=\"https:\/\/cheminsplestinais.dcea.fr\/wp-content\/uploads\/2022\/11\/18-1-768x1024.jpg\" alt=\"\" class=\"wp-image-9370\" srcset=\"https:\/\/cheminsplestinais.dcea.fr\/wp-content\/uploads\/2022\/11\/18-1-768x1024.jpg 768w, https:\/\/cheminsplestinais.dcea.fr\/wp-content\/uploads\/2022\/11\/18-1-225x300.jpg 225w, https:\/\/cheminsplestinais.dcea.fr\/wp-content\/uploads\/2022\/11\/18-1-1152x1536.jpg 1152w, https:\/\/cheminsplestinais.dcea.fr\/wp-content\/uploads\/2022\/11\/18-1-1536x2048.jpg 1536w, https:\/\/cheminsplestinais.dcea.fr\/wp-content\/uploads\/2022\/11\/18-1-scaled.jpg 1920w\" sizes=\"(max-width: 768px) 100vw, 768px\" \/><\/figure>\n\n\n\n<figure class=\"wp-block-image size-large is-style-default\"><img loading=\"lazy\" decoding=\"async\" width=\"768\" height=\"1024\" data-id=\"9369\" src=\"https:\/\/cheminsplestinais.dcea.fr\/wp-content\/uploads\/2022\/11\/17-1-768x1024.jpg\" alt=\"\" class=\"wp-image-9369\" srcset=\"https:\/\/cheminsplestinais.dcea.fr\/wp-content\/uploads\/2022\/11\/17-1-768x1024.jpg 768w, https:\/\/cheminsplestinais.dcea.fr\/wp-content\/uploads\/2022\/11\/17-1-225x300.jpg 225w, https:\/\/cheminsplestinais.dcea.fr\/wp-content\/uploads\/2022\/11\/17-1-1152x1536.jpg 1152w, https:\/\/cheminsplestinais.dcea.fr\/wp-content\/uploads\/2022\/11\/17-1-1536x2048.jpg 1536w, https:\/\/cheminsplestinais.dcea.fr\/wp-content\/uploads\/2022\/11\/17-1-scaled.jpg 1920w\" sizes=\"(max-width: 768px) 100vw, 768px\" \/><\/figure>\n<\/figure>\n\n\n\n<div class=\"wp-block-image is-style-default\"><figure class=\"aligncenter size-large is-resized\"><img loading=\"lazy\" decoding=\"async\" src=\"https:\/\/cheminsplestinais.dcea.fr\/wp-content\/uploads\/2022\/11\/16-1-1024x485.jpg\" alt=\"\" class=\"wp-image-9371\" width=\"842\" height=\"398\" srcset=\"https:\/\/cheminsplestinais.dcea.fr\/wp-content\/uploads\/2022\/11\/16-1-1024x485.jpg 1024w, https:\/\/cheminsplestinais.dcea.fr\/wp-content\/uploads\/2022\/11\/16-1-300x142.jpg 300w, https:\/\/cheminsplestinais.dcea.fr\/wp-content\/uploads\/2022\/11\/16-1-768x364.jpg 768w, https:\/\/cheminsplestinais.dcea.fr\/wp-content\/uploads\/2022\/11\/16-1-1536x727.jpg 1536w, https:\/\/cheminsplestinais.dcea.fr\/wp-content\/uploads\/2022\/11\/16-1.jpg 2000w\" sizes=\"(max-width: 842px) 100vw, 842px\" \/><figcaption>Les conversations vont bon train autour du buffet\u2026<\/figcaption><\/figure><\/div>\n\n\n\n<div class=\"wp-block-media-text alignwide is-stacked-on-mobile\" style=\"grid-template-columns:65% auto\"><figure class=\"wp-block-media-text__media\"><img loading=\"lazy\" decoding=\"async\" width=\"768\" height=\"1024\" src=\"https:\/\/cheminsplestinais.dcea.fr\/wp-content\/uploads\/2022\/11\/19-768x1024.jpg\" alt=\"\" class=\"wp-image-9373 size-full\" srcset=\"https:\/\/cheminsplestinais.dcea.fr\/wp-content\/uploads\/2022\/11\/19-768x1024.jpg 768w, https:\/\/cheminsplestinais.dcea.fr\/wp-content\/uploads\/2022\/11\/19-225x300.jpg 225w, https:\/\/cheminsplestinais.dcea.fr\/wp-content\/uploads\/2022\/11\/19-1152x1536.jpg 1152w, https:\/\/cheminsplestinais.dcea.fr\/wp-content\/uploads\/2022\/11\/19-1536x2048.jpg 1536w, https:\/\/cheminsplestinais.dcea.fr\/wp-content\/uploads\/2022\/11\/19-scaled.jpg 1920w\" sizes=\"(max-width: 768px) 100vw, 768px\" \/><\/figure><div class=\"wp-block-media-text__content\">\n<p>Monsieur le maire, Christian Geffroy, nous fait l\u2019honneur de sa visite.<\/p>\n<\/div><\/div>\n\n\n\n<p><\/p>\n\n\n\n<p><\/p>\n\n\n\n<div class=\"wp-block-media-text alignwide has-media-on-the-right is-stacked-on-mobile\" style=\"grid-template-columns:auto 66%\"><figure class=\"wp-block-media-text__media\"><img loading=\"lazy\" decoding=\"async\" width=\"768\" height=\"1024\" src=\"https:\/\/cheminsplestinais.dcea.fr\/wp-content\/uploads\/2022\/11\/20-768x1024.jpg\" alt=\"\" class=\"wp-image-9375 size-full\" srcset=\"https:\/\/cheminsplestinais.dcea.fr\/wp-content\/uploads\/2022\/11\/20-768x1024.jpg 768w, https:\/\/cheminsplestinais.dcea.fr\/wp-content\/uploads\/2022\/11\/20-225x300.jpg 225w, https:\/\/cheminsplestinais.dcea.fr\/wp-content\/uploads\/2022\/11\/20-1152x1536.jpg 1152w, https:\/\/cheminsplestinais.dcea.fr\/wp-content\/uploads\/2022\/11\/20-1536x2048.jpg 1536w, https:\/\/cheminsplestinais.dcea.fr\/wp-content\/uploads\/2022\/11\/20-scaled.jpg 1920w\" sizes=\"(max-width: 768px) 100vw, 768px\" \/><\/figure><div class=\"wp-block-media-text__content\">\n<p>\u2026accompagn\u00e9 de Jacques Le Glas, conseiller municipal.<\/p>\n<\/div><\/div>\n\n\n\n<p><\/p>\n\n\n\n<p><\/p>\n\n\n\n<div class=\"wp-block-media-text alignwide is-stacked-on-mobile\" style=\"grid-template-columns:63% auto\"><figure class=\"wp-block-media-text__media\"><img loading=\"lazy\" decoding=\"async\" width=\"768\" height=\"1024\" src=\"https:\/\/cheminsplestinais.dcea.fr\/wp-content\/uploads\/2022\/11\/21-768x1024.jpg\" alt=\"\" class=\"wp-image-9378 size-full\" srcset=\"https:\/\/cheminsplestinais.dcea.fr\/wp-content\/uploads\/2022\/11\/21-768x1024.jpg 768w, https:\/\/cheminsplestinais.dcea.fr\/wp-content\/uploads\/2022\/11\/21-225x300.jpg 225w, https:\/\/cheminsplestinais.dcea.fr\/wp-content\/uploads\/2022\/11\/21-1152x1536.jpg 1152w, https:\/\/cheminsplestinais.dcea.fr\/wp-content\/uploads\/2022\/11\/21-1536x2048.jpg 1536w, https:\/\/cheminsplestinais.dcea.fr\/wp-content\/uploads\/2022\/11\/21-scaled.jpg 1920w\" sizes=\"(max-width: 768px) 100vw, 768px\" \/><\/figure><div class=\"wp-block-media-text__content\">\n<p>En l\u2019absence de Michel, notre chef r\u00f4tisseur habituel, c\u2019est Thomas, notre sympathique ambassadeur d\u2019outre-Rhin, qui officie au barbecue avec brio. Il est vrai que la saucisse de Francfort n\u2019a aucun secret pour lui !<\/p>\n<\/div><\/div>\n\n\n\n<p><\/p>\n\n\n\n<p><\/p>\n\n\n\n<figure class=\"wp-block-gallery has-nested-images columns-default is-cropped wp-block-gallery-4 is-layout-flex wp-block-gallery-is-layout-flex\">\n<figure class=\"wp-block-image size-large is-style-default\"><img loading=\"lazy\" decoding=\"async\" width=\"1213\" height=\"2560\" data-id=\"9381\" src=\"https:\/\/cheminsplestinais.dcea.fr\/wp-content\/uploads\/2022\/11\/23-scaled-e1669722493579.jpg\" alt=\"\" class=\"wp-image-9381\" srcset=\"https:\/\/cheminsplestinais.dcea.fr\/wp-content\/uploads\/2022\/11\/23-scaled-e1669722493579.jpg 1213w, https:\/\/cheminsplestinais.dcea.fr\/wp-content\/uploads\/2022\/11\/23-scaled-e1669722493579-142x300.jpg 142w, https:\/\/cheminsplestinais.dcea.fr\/wp-content\/uploads\/2022\/11\/23-scaled-e1669722493579-485x1024.jpg 485w, https:\/\/cheminsplestinais.dcea.fr\/wp-content\/uploads\/2022\/11\/23-scaled-e1669722493579-768x1621.jpg 768w, https:\/\/cheminsplestinais.dcea.fr\/wp-content\/uploads\/2022\/11\/23-scaled-e1669722493579-728x1536.jpg 728w, https:\/\/cheminsplestinais.dcea.fr\/wp-content\/uploads\/2022\/11\/23-scaled-e1669722493579-970x2048.jpg 970w\" sizes=\"(max-width: 1213px) 100vw, 1213px\" \/><\/figure>\n\n\n\n<figure class=\"wp-block-image size-large is-style-default\"><img loading=\"lazy\" decoding=\"async\" width=\"1213\" height=\"2560\" data-id=\"9380\" src=\"https:\/\/cheminsplestinais.dcea.fr\/wp-content\/uploads\/2022\/11\/22-scaled-e1669722511678.jpg\" alt=\"\" class=\"wp-image-9380\" srcset=\"https:\/\/cheminsplestinais.dcea.fr\/wp-content\/uploads\/2022\/11\/22-scaled-e1669722511678.jpg 1213w, https:\/\/cheminsplestinais.dcea.fr\/wp-content\/uploads\/2022\/11\/22-scaled-e1669722511678-142x300.jpg 142w, https:\/\/cheminsplestinais.dcea.fr\/wp-content\/uploads\/2022\/11\/22-scaled-e1669722511678-485x1024.jpg 485w, https:\/\/cheminsplestinais.dcea.fr\/wp-content\/uploads\/2022\/11\/22-scaled-e1669722511678-768x1621.jpg 768w, https:\/\/cheminsplestinais.dcea.fr\/wp-content\/uploads\/2022\/11\/22-scaled-e1669722511678-728x1536.jpg 728w, https:\/\/cheminsplestinais.dcea.fr\/wp-content\/uploads\/2022\/11\/22-scaled-e1669722511678-970x2048.jpg 970w\" sizes=\"(max-width: 1213px) 100vw, 1213px\" \/><\/figure>\n<figcaption class=\"blocks-gallery-caption\">A table ! La convivialit\u00e9 au service de la coh\u00e9sion du groupe, ce n\u2019est pas un vain mot aux Chemins Plestinais ! La nouvelle saison s\u2019annonce sous les meilleurs auspices\u2026<\/figcaption><\/figure>\n\n\n\n<p><\/p>\n\n\n\n<p class=\"has-text-align-center\"><\/p>\n\n\n\n<p class=\"has-text-align-center\" style=\"font-size:30px;font-style:normal;font-weight:700\"><strong>A tr\u00e8s bient\u00f4t, donc, pour des nouvelles de nos chantiers !<\/strong><\/p>\n","protected":false},"excerpt":{"rendered":"<p>Le mois de septembre marque aussi la \u00ab&nbsp;rentr\u00e9e&nbsp;\u00bb pour les membres de notre association, avec un l\u00e9ger d\u00e9calage par rapport au calendrier scolaire, puisque nous avons sagement attendu le 12 pour nous retrouver&#8230; La date \u00e9tait attendue avec une certaine impatience, car l\u2019association b\u00e9n\u00e9ficie d\u00e9sormais de nouveaux locaux mis \u00e0 disposition par la municipalit\u00e9, \u00e0 [&hellip;]<\/p>\n","protected":false},"author":6,"featured_media":0,"comment_status":"open","ping_status":"closed","sticky":false,"template":"","format":"standard","meta":{"footnotes":""},"categories":[2,7],"tags":[],"_links":{"self":[{"href":"https:\/\/cheminsplestinais.dcea.fr\/index.php?rest_route=\/wp\/v2\/posts\/9311"}],"collection":[{"href":"https:\/\/cheminsplestinais.dcea.fr\/index.php?rest_route=\/wp\/v2\/posts"}],"about":[{"href":"https:\/\/cheminsplestinais.dcea.fr\/index.php?rest_route=\/wp\/v2\/types\/post"}],"author":[{"embeddable":true,"href":"https:\/\/cheminsplestinais.dcea.fr\/index.php?rest_route=\/wp\/v2\/users\/6"}],"replies":[{"embeddable":true,"href":"https:\/\/cheminsplestinais.dcea.fr\/index.php?rest_route=%2Fwp%2Fv2%2Fcomments&post=9311"}],"version-history":[{"count":38,"href":"https:\/\/cheminsplestinais.dcea.fr\/index.php?rest_route=\/wp\/v2\/posts\/9311\/revisions"}],"predecessor-version":[{"id":9384,"href":"https:\/\/cheminsplestinais.dcea.fr\/index.php?rest_route=\/wp\/v2\/posts\/9311\/revisions\/9384"}],"wp:attachment":[{"href":"https:\/\/cheminsplestinais.dcea.fr\/index.php?rest_route=%2Fwp%2Fv2%2Fmedia&parent=9311"}],"wp:term":[{"taxonomy":"category","embeddable":true,"href":"https:\/\/cheminsplestinais.dcea.fr\/index.php?rest_route=%2Fwp%2Fv2%2Fcategories&post=9311"},{"taxonomy":"post_tag","embeddable":true,"href":"https:\/\/cheminsplestinais.dcea.fr\/index.php?rest_route=%2Fwp%2Fv2%2Ftags&post=9311"}],"curies":[{"name":"wp","href":"https:\/\/api.w.org\/{rel}","templated":true}]}}