{"id":9399,"date":"2022-12-21T14:07:41","date_gmt":"2022-12-21T13:07:41","guid":{"rendered":"http:\/\/cheminsplestinais.dcea.fr\/?p=9399"},"modified":"2022-12-21T14:07:43","modified_gmt":"2022-12-21T13:07:43","slug":"tro-plistin-edition-2022","status":"publish","type":"post","link":"https:\/\/cheminsplestinais.dcea.fr\/?p=9399","title":{"rendered":"Tro Plistin &#8211; \u00e9dition 2022"},"content":{"rendered":"\n<p class=\"has-medium-font-size\"><strong>Le 16 octobre dernier, les adh\u00e9rents des Chemins Plestinais se sont donn\u00e9&nbsp;rendez-vous pour le Tro Plistin, sur la traditionnelle grande boucle de 31 km autour de la commune, alliant parcours c\u00f4tier, chemins creux et sentiers en sous-bois, agr\u00e9ment\u00e9e du non moins traditionnel pique-nique \u00e0 la ferme chez Michel et Christine, lesquels ont la gentillesse de nous accueillir dans un espace am\u00e9nag\u00e9, pour la plus grande satisfaction de tous.<\/strong><\/p>\n\n\n\n<div class=\"wp-block-group alignwide is-layout-flow wp-block-group-is-layout-flow\"><div class=\"wp-block-group__inner-container\">\n<div class=\"wp-block-columns alignwide are-vertically-aligned-bottom is-layout-flex wp-container-core-columns-layout-1 wp-block-columns-is-layout-flex\">\n<div class=\"wp-block-column is-layout-flow wp-block-column-is-layout-flow\" style=\"flex-basis:56%\">\n<figure class=\"wp-block-image size-full is-resized\"><img loading=\"lazy\" decoding=\"async\" src=\"https:\/\/cheminsplestinais.dcea.fr\/wp-content\/uploads\/2022\/12\/1.jpg\" alt=\"\" class=\"wp-image-9401\" width=\"505\" height=\"378\" srcset=\"https:\/\/cheminsplestinais.dcea.fr\/wp-content\/uploads\/2022\/12\/1.jpg 800w, https:\/\/cheminsplestinais.dcea.fr\/wp-content\/uploads\/2022\/12\/1-300x225.jpg 300w, https:\/\/cheminsplestinais.dcea.fr\/wp-content\/uploads\/2022\/12\/1-768x576.jpg 768w\" sizes=\"(max-width: 505px) 100vw, 505px\" \/><\/figure>\n<\/div>\n\n\n\n<div class=\"wp-block-column is-layout-flow wp-block-column-is-layout-flow\" style=\"flex-basis:44%\">\n<p style=\"font-size:18px;font-style:normal;font-weight:400\">Les plus courageux se sont lev\u00e9s d\u00e8s l\u2019aube, pour le rendez-vous de Toul an Herry. C\u2019est parti pour 31 km&nbsp;! Un second groupe nous rejoindra \u00e0 mi-parcours, \u00e0 l\u2019heure du pique-nique.<\/p>\n<\/div>\n<\/div>\n<\/div><\/div>\n\n\n\n<div class=\"wp-block-group is-layout-flow wp-block-group-is-layout-flow\"><div class=\"wp-block-group__inner-container\">\n<div class=\"wp-block-media-text alignwide has-media-on-the-right is-stacked-on-mobile\"><figure class=\"wp-block-media-text__media\"><img loading=\"lazy\" decoding=\"async\" width=\"1024\" height=\"818\" src=\"https:\/\/cheminsplestinais.dcea.fr\/wp-content\/uploads\/2022\/12\/2-1-1024x818.jpg\" alt=\"\" class=\"wp-image-9458 size-full\" srcset=\"https:\/\/cheminsplestinais.dcea.fr\/wp-content\/uploads\/2022\/12\/2-1-1024x818.jpg 1024w, https:\/\/cheminsplestinais.dcea.fr\/wp-content\/uploads\/2022\/12\/2-1-300x240.jpg 300w, https:\/\/cheminsplestinais.dcea.fr\/wp-content\/uploads\/2022\/12\/2-1-768x613.jpg 768w, https:\/\/cheminsplestinais.dcea.fr\/wp-content\/uploads\/2022\/12\/2-1-1536x1227.jpg 1536w, https:\/\/cheminsplestinais.dcea.fr\/wp-content\/uploads\/2022\/12\/2-1-2048x1636.jpg 2048w\" sizes=\"(max-width: 1024px) 100vw, 1024px\" \/><\/figure><div class=\"wp-block-media-text__content\">\n<p class=\"has-medium-font-size\">Arriv\u00e9e \u00e0 la pointe des Cur\u00e9s.<\/p>\n<\/div><\/div>\n<\/div><\/div>\n\n\n\n<div class=\"wp-block-media-text alignwide is-stacked-on-mobile\"><figure class=\"wp-block-media-text__media\"><img loading=\"lazy\" decoding=\"async\" width=\"800\" height=\"600\" src=\"https:\/\/cheminsplestinais.dcea.fr\/wp-content\/uploads\/2022\/12\/3-1.jpg\" alt=\"\" class=\"wp-image-9460 size-full\" srcset=\"https:\/\/cheminsplestinais.dcea.fr\/wp-content\/uploads\/2022\/12\/3-1.jpg 800w, https:\/\/cheminsplestinais.dcea.fr\/wp-content\/uploads\/2022\/12\/3-1-300x225.jpg 300w, https:\/\/cheminsplestinais.dcea.fr\/wp-content\/uploads\/2022\/12\/3-1-768x576.jpg 768w\" sizes=\"(max-width: 800px) 100vw, 800px\" \/><\/figure><div class=\"wp-block-media-text__content\">\n<p class=\"has-medium-font-size\">On ne se lasse pas de la vue sur Locquirec.<\/p>\n<\/div><\/div>\n\n\n\n<div class=\"wp-block-media-text alignwide has-media-on-the-right is-image-fill\"><figure class=\"wp-block-media-text__media\" style=\"background-image:url(https:\/\/cheminsplestinais.dcea.fr\/wp-content\/uploads\/2022\/12\/3A-1-768x1024.jpg);background-position:50% 50%\"><img loading=\"lazy\" decoding=\"async\" width=\"768\" height=\"1024\" src=\"https:\/\/cheminsplestinais.dcea.fr\/wp-content\/uploads\/2022\/12\/3A-1-768x1024.jpg\" alt=\"\" class=\"wp-image-9461 size-full\" srcset=\"https:\/\/cheminsplestinais.dcea.fr\/wp-content\/uploads\/2022\/12\/3A-1-768x1024.jpg 768w, https:\/\/cheminsplestinais.dcea.fr\/wp-content\/uploads\/2022\/12\/3A-1-225x300.jpg 225w, https:\/\/cheminsplestinais.dcea.fr\/wp-content\/uploads\/2022\/12\/3A-1-1152x1536.jpg 1152w, https:\/\/cheminsplestinais.dcea.fr\/wp-content\/uploads\/2022\/12\/3A-1-1536x2048.jpg 1536w, https:\/\/cheminsplestinais.dcea.fr\/wp-content\/uploads\/2022\/12\/3A-1-scaled.jpg 1920w\" sizes=\"(max-width: 768px) 100vw, 768px\" \/><\/figure><div class=\"wp-block-media-text__content\">\n<p class=\"has-medium-font-size\">A l\u2019assaut de la partie la plus difficile du parcours, entre la plage de Tossen ar C\u2019hoz et la pointe de Beg Douar.<\/p>\n<\/div><\/div>\n\n\n\n<div class=\"wp-block-media-text alignwide is-stacked-on-mobile\"><figure class=\"wp-block-media-text__media\"><img loading=\"lazy\" decoding=\"async\" width=\"768\" height=\"1024\" src=\"https:\/\/cheminsplestinais.dcea.fr\/wp-content\/uploads\/2022\/12\/4-2-768x1024.jpg\" alt=\"\" class=\"wp-image-9466 size-full\" srcset=\"https:\/\/cheminsplestinais.dcea.fr\/wp-content\/uploads\/2022\/12\/4-2-768x1024.jpg 768w, https:\/\/cheminsplestinais.dcea.fr\/wp-content\/uploads\/2022\/12\/4-2-225x300.jpg 225w, https:\/\/cheminsplestinais.dcea.fr\/wp-content\/uploads\/2022\/12\/4-2-1152x1536.jpg 1152w, https:\/\/cheminsplestinais.dcea.fr\/wp-content\/uploads\/2022\/12\/4-2-1536x2048.jpg 1536w, https:\/\/cheminsplestinais.dcea.fr\/wp-content\/uploads\/2022\/12\/4-2-scaled.jpg 1920w\" sizes=\"(max-width: 768px) 100vw, 768px\" \/><\/figure><div class=\"wp-block-media-text__content\">\n<p class=\"has-medium-font-size\">La table d\u2019orientation, sur le GR 34, initi\u00e9e et pos\u00e9e par les Chemins Plestinais.<\/p>\n<\/div><\/div>\n\n\n\n<figure class=\"wp-block-gallery has-nested-images columns-default is-cropped wp-block-gallery-1 is-layout-flex wp-block-gallery-is-layout-flex\">\n<figure class=\"wp-block-image size-large is-style-default\"><img loading=\"lazy\" decoding=\"async\" width=\"800\" height=\"600\" data-id=\"9406\" src=\"https:\/\/cheminsplestinais.dcea.fr\/wp-content\/uploads\/2022\/12\/5.jpg\" alt=\"\" class=\"wp-image-9406\" srcset=\"https:\/\/cheminsplestinais.dcea.fr\/wp-content\/uploads\/2022\/12\/5.jpg 800w, https:\/\/cheminsplestinais.dcea.fr\/wp-content\/uploads\/2022\/12\/5-300x225.jpg 300w, https:\/\/cheminsplestinais.dcea.fr\/wp-content\/uploads\/2022\/12\/5-768x576.jpg 768w\" sizes=\"(max-width: 800px) 100vw, 800px\" \/><figcaption><br><br><br><br>Lever de soleil dans le secteur de Pors Mellec..<\/figcaption><\/figure>\n<\/figure>\n\n\n\n<figure class=\"wp-block-gallery has-nested-images columns-default is-cropped wp-block-gallery-2 is-layout-flex wp-block-gallery-is-layout-flex\">\n<figure class=\"wp-block-image size-large is-style-default\"><img loading=\"lazy\" decoding=\"async\" width=\"800\" height=\"600\" data-id=\"9407\" src=\"https:\/\/cheminsplestinais.dcea.fr\/wp-content\/uploads\/2022\/12\/6.jpg\" alt=\"\" class=\"wp-image-9407\" srcset=\"https:\/\/cheminsplestinais.dcea.fr\/wp-content\/uploads\/2022\/12\/6.jpg 800w, https:\/\/cheminsplestinais.dcea.fr\/wp-content\/uploads\/2022\/12\/6-300x225.jpg 300w, https:\/\/cheminsplestinais.dcea.fr\/wp-content\/uploads\/2022\/12\/6-768x576.jpg 768w\" sizes=\"(max-width: 800px) 100vw, 800px\" \/><figcaption>&#8230;Puis sur la pointe de Beg Douar <\/figcaption><\/figure>\n\n\n\n<figure class=\"wp-block-image size-large is-style-default\"><img loading=\"lazy\" decoding=\"async\" width=\"800\" height=\"600\" data-id=\"9408\" src=\"https:\/\/cheminsplestinais.dcea.fr\/wp-content\/uploads\/2022\/12\/7.jpg\" alt=\"\" class=\"wp-image-9408\" srcset=\"https:\/\/cheminsplestinais.dcea.fr\/wp-content\/uploads\/2022\/12\/7.jpg 800w, https:\/\/cheminsplestinais.dcea.fr\/wp-content\/uploads\/2022\/12\/7-300x225.jpg 300w, https:\/\/cheminsplestinais.dcea.fr\/wp-content\/uploads\/2022\/12\/7-768x576.jpg 768w\" sizes=\"(max-width: 800px) 100vw, 800px\" \/><figcaption> o\u00f9 le groupe s\u2019accorde une premi\u00e8re pause, <\/figcaption><\/figure>\n\n\n\n<figure class=\"wp-block-image size-large is-style-default\"><img loading=\"lazy\" decoding=\"async\" width=\"800\" height=\"600\" data-id=\"9409\" src=\"https:\/\/cheminsplestinais.dcea.fr\/wp-content\/uploads\/2022\/12\/8.jpg\" alt=\"\" class=\"wp-image-9409\" srcset=\"https:\/\/cheminsplestinais.dcea.fr\/wp-content\/uploads\/2022\/12\/8.jpg 800w, https:\/\/cheminsplestinais.dcea.fr\/wp-content\/uploads\/2022\/12\/8-300x225.jpg 300w, https:\/\/cheminsplestinais.dcea.fr\/wp-content\/uploads\/2022\/12\/8-768x576.jpg 768w\" sizes=\"(max-width: 800px) 100vw, 800px\" \/><figcaption>et en profite pour reprendre des forces&#8230;<\/figcaption><\/figure>\n<\/figure>\n\n\n\n<figure class=\"wp-block-image size-large is-style-default\"><img loading=\"lazy\" decoding=\"async\" width=\"1024\" height=\"545\" src=\"https:\/\/cheminsplestinais.dcea.fr\/wp-content\/uploads\/2022\/12\/9-1-1024x545.jpg\" alt=\"\" class=\"wp-image-9468\" srcset=\"https:\/\/cheminsplestinais.dcea.fr\/wp-content\/uploads\/2022\/12\/9-1-1024x545.jpg 1024w, https:\/\/cheminsplestinais.dcea.fr\/wp-content\/uploads\/2022\/12\/9-1-300x160.jpg 300w, https:\/\/cheminsplestinais.dcea.fr\/wp-content\/uploads\/2022\/12\/9-1-768x409.jpg 768w, https:\/\/cheminsplestinais.dcea.fr\/wp-content\/uploads\/2022\/12\/9-1-1536x818.jpg 1536w, https:\/\/cheminsplestinais.dcea.fr\/wp-content\/uploads\/2022\/12\/9-1-2048x1091.jpg 2048w\" sizes=\"(max-width: 1024px) 100vw, 1024px\" \/><figcaption>&#8230;sans oublier de sacrifier \u00e0 une premi\u00e8re photo de groupe.<\/figcaption><\/figure>\n\n\n\n<div class=\"wp-block-media-text alignwide is-stacked-on-mobile\"><figure class=\"wp-block-media-text__media\"><img loading=\"lazy\" decoding=\"async\" width=\"768\" height=\"1024\" src=\"https:\/\/cheminsplestinais.dcea.fr\/wp-content\/uploads\/2022\/12\/9-A-768x1024.jpg\" alt=\"\" class=\"wp-image-9410 size-full\"\/><\/figure><div class=\"wp-block-media-text__content\">\n<p class=\"has-medium-font-size\">Ce local, judicieusement plac\u00e9 en bord de plage, \u00e0 Saint Efflam, permet \u00e0 qui en ressent le besoin de s\u2019accorder une \u00ab&nbsp;pause technique&nbsp;\u00bb&nbsp;!<\/p>\n<\/div><\/div>\n\n\n\n<figure class=\"wp-block-gallery has-nested-images columns-default is-cropped wp-block-gallery-3 is-layout-flex wp-block-gallery-is-layout-flex\">\n<figure class=\"wp-block-image size-large is-style-default\"><img loading=\"lazy\" decoding=\"async\" width=\"600\" height=\"800\" data-id=\"9412\" src=\"https:\/\/cheminsplestinais.dcea.fr\/wp-content\/uploads\/2022\/12\/10-scaled-e1671532933266.jpg\" alt=\"\" class=\"wp-image-9412\"\/><\/figure>\n\n\n\n<figure class=\"wp-block-image size-large is-style-default\"><img loading=\"lazy\" decoding=\"async\" width=\"600\" height=\"800\" data-id=\"9413\" src=\"https:\/\/cheminsplestinais.dcea.fr\/wp-content\/uploads\/2022\/12\/11-scaled-e1671532923111.jpg\" alt=\"\" class=\"wp-image-9413\"\/><\/figure>\n\n\n\n<figure class=\"wp-block-image size-large is-style-default\"><img loading=\"lazy\" decoding=\"async\" width=\"600\" height=\"800\" data-id=\"9414\" src=\"https:\/\/cheminsplestinais.dcea.fr\/wp-content\/uploads\/2022\/12\/12-scaled-e1671532913533.jpg\" alt=\"\" class=\"wp-image-9414\"\/><\/figure>\n<figcaption class=\"blocks-gallery-caption\">Apr\u00e8s la partie \u00ab&nbsp;casse-pattes&nbsp;\u00bb du GR 34, chacun peut \u00ab&nbsp;d\u00e9rouler&nbsp;\u00bb sans effort sur la plage de Saint Efflam, quitte \u00e0 voir le groupe se disperser quelque peu.<\/figcaption><\/figure>\n\n\n\n<div class=\"wp-block-media-text alignwide is-stacked-on-mobile\"><figure class=\"wp-block-media-text__media\"><img loading=\"lazy\" decoding=\"async\" width=\"768\" height=\"1024\" src=\"https:\/\/cheminsplestinais.dcea.fr\/wp-content\/uploads\/2022\/12\/13-768x1024.jpg\" alt=\"\" class=\"wp-image-9415 size-full\"\/><\/figure><div class=\"wp-block-media-text__content\">\n<p class=\"has-medium-font-size\">Nos deux \u00ab&nbsp;couteaux suisses&nbsp;\u00bb, Dominique et Bruno, ont tout pr\u00e9vu&nbsp;: leur \u00ab&nbsp;bo\u00eete \u00e0 outils&nbsp;\u00bb permet de replacer des balises de parcours l\u00e0 o\u00f9 elles ont disparu.<\/p>\n<\/div><\/div>\n\n\n\n<div class=\"wp-block-media-text alignwide has-media-on-the-right is-stacked-on-mobile\" style=\"grid-template-columns:auto 56%\"><figure class=\"wp-block-media-text__media\"><img loading=\"lazy\" decoding=\"async\" width=\"1024\" height=\"877\" src=\"https:\/\/cheminsplestinais.dcea.fr\/wp-content\/uploads\/2022\/12\/14-1-1024x877.jpg\" alt=\"\" class=\"wp-image-9473 size-full\" srcset=\"https:\/\/cheminsplestinais.dcea.fr\/wp-content\/uploads\/2022\/12\/14-1-1024x877.jpg 1024w, https:\/\/cheminsplestinais.dcea.fr\/wp-content\/uploads\/2022\/12\/14-1-300x257.jpg 300w, https:\/\/cheminsplestinais.dcea.fr\/wp-content\/uploads\/2022\/12\/14-1-768x658.jpg 768w, https:\/\/cheminsplestinais.dcea.fr\/wp-content\/uploads\/2022\/12\/14-1-1536x1316.jpg 1536w, https:\/\/cheminsplestinais.dcea.fr\/wp-content\/uploads\/2022\/12\/14-1-2048x1754.jpg 2048w\" sizes=\"(max-width: 1024px) 100vw, 1024px\" \/><\/figure><div class=\"wp-block-media-text__content\">\n<p class=\"has-medium-font-size\">Le grand rocher, c&rsquo;est bien par l\u00e0&#8230;<\/p>\n<\/div><\/div>\n\n\n\n<p><\/p>\n\n\n\n<p>La travers\u00e9e du ruisseau, avant la mont\u00e9e vers Collogot, est toujours aussi agr\u00e9able. Plusieurs techniques sont possibles\u00a0!<\/p>\n\n\n\n<figure class=\"wp-block-gallery has-nested-images columns-default is-cropped wp-block-gallery-4 is-layout-flex wp-block-gallery-is-layout-flex\">\n<figure class=\"wp-block-image size-large is-style-default\"><img loading=\"lazy\" decoding=\"async\" width=\"600\" height=\"800\" data-id=\"9417\" src=\"https:\/\/cheminsplestinais.dcea.fr\/wp-content\/uploads\/2022\/12\/15-scaled-e1671532886180.jpg\" alt=\"\" class=\"wp-image-9417\"\/><figcaption><br><br><br>Position tr\u00e8s \u00ab&nbsp;a\u00e9rienne&nbsp;\u00bb,<\/figcaption><\/figure>\n\n\n\n<figure class=\"wp-block-image size-large is-style-default\"><img loading=\"lazy\" decoding=\"async\" width=\"600\" height=\"800\" data-id=\"9418\" src=\"https:\/\/cheminsplestinais.dcea.fr\/wp-content\/uploads\/2022\/12\/16-scaled-e1671532876460.jpg\" alt=\"\" class=\"wp-image-9418\"\/><figcaption><br><br>Concentr\u00e9e,<\/figcaption><\/figure>\n\n\n\n<figure class=\"wp-block-image size-large is-style-default\"><img loading=\"lazy\" decoding=\"async\" width=\"600\" height=\"800\" data-id=\"9419\" src=\"https:\/\/cheminsplestinais.dcea.fr\/wp-content\/uploads\/2022\/12\/17-scaled-e1671532866749.jpg\" alt=\"\" class=\"wp-image-9419\"\/><figcaption><br><br><br>D\u00e9-con-trac-t\u00e9e&#8230;<\/figcaption><\/figure>\n\n\n\n<figure class=\"wp-block-image size-large is-style-default\"><img loading=\"lazy\" decoding=\"async\" width=\"600\" height=\"800\" data-id=\"9420\" src=\"https:\/\/cheminsplestinais.dcea.fr\/wp-content\/uploads\/2022\/12\/18-scaled-e1671532806591.jpg\" alt=\"\" class=\"wp-image-9420\"\/><figcaption>Pr\u00e9cautionneuse,<\/figcaption><\/figure>\n\n\n\n<figure class=\"wp-block-image size-large is-style-default\"><img loading=\"lazy\" decoding=\"async\" width=\"800\" height=\"600\" data-id=\"9421\" src=\"https:\/\/cheminsplestinais.dcea.fr\/wp-content\/uploads\/2022\/12\/19.jpg\" alt=\"\" class=\"wp-image-9421\" srcset=\"https:\/\/cheminsplestinais.dcea.fr\/wp-content\/uploads\/2022\/12\/19.jpg 800w, https:\/\/cheminsplestinais.dcea.fr\/wp-content\/uploads\/2022\/12\/19-300x225.jpg 300w, https:\/\/cheminsplestinais.dcea.fr\/wp-content\/uploads\/2022\/12\/19-768x576.jpg 768w\" sizes=\"(max-width: 800px) 100vw, 800px\" \/><figcaption><br><br>mais l\u2019essentiel, c\u2019est de ne pas mettre les pieds dans l\u2019eau&nbsp;!<\/figcaption><\/figure>\n<\/figure>\n\n\n\n<div class=\"wp-block-media-text alignwide is-stacked-on-mobile\"><figure class=\"wp-block-media-text__media\"><img loading=\"lazy\" decoding=\"async\" width=\"1024\" height=\"795\" src=\"https:\/\/cheminsplestinais.dcea.fr\/wp-content\/uploads\/2022\/12\/20-scaled-e1671532777870-1024x795.jpg\" alt=\"\" class=\"wp-image-9422 size-full\"\/><\/figure><div class=\"wp-block-media-text__content\">\n<p class=\"has-medium-font-size\">Fin de premi\u00e8re \u00e9tape en vue&nbsp;!<\/p>\n<\/div><\/div>\n\n\n\n<div class=\"wp-block-media-text alignwide has-media-on-the-right is-stacked-on-mobile\"><figure class=\"wp-block-media-text__media\"><img loading=\"lazy\" decoding=\"async\" width=\"1024\" height=\"790\" src=\"https:\/\/cheminsplestinais.dcea.fr\/wp-content\/uploads\/2022\/12\/21-1-1024x790.jpg\" alt=\"\" class=\"wp-image-9478 size-full\" srcset=\"https:\/\/cheminsplestinais.dcea.fr\/wp-content\/uploads\/2022\/12\/21-1-1024x790.jpg 1024w, https:\/\/cheminsplestinais.dcea.fr\/wp-content\/uploads\/2022\/12\/21-1-300x231.jpg 300w, https:\/\/cheminsplestinais.dcea.fr\/wp-content\/uploads\/2022\/12\/21-1-768x593.jpg 768w, https:\/\/cheminsplestinais.dcea.fr\/wp-content\/uploads\/2022\/12\/21-1-1536x1185.jpg 1536w, https:\/\/cheminsplestinais.dcea.fr\/wp-content\/uploads\/2022\/12\/21-1-2048x1580.jpg 2048w\" sizes=\"(max-width: 1024px) 100vw, 1024px\" \/><\/figure><div class=\"wp-block-media-text__content\">\n<p class=\"has-medium-font-size\">Tout le monde se retrouve \u00e0 la ferme, chez Michel et Christine, qui nous accueillent pour le pique-nique.<\/p>\n<\/div><\/div>\n\n\n\n<div class=\"wp-block-media-text alignwide is-stacked-on-mobile\"><figure class=\"wp-block-media-text__media\"><img loading=\"lazy\" decoding=\"async\" width=\"768\" height=\"1024\" src=\"https:\/\/cheminsplestinais.dcea.fr\/wp-content\/uploads\/2022\/12\/22-768x1024.jpg\" alt=\"\" class=\"wp-image-9424 size-full\"\/><\/figure><div class=\"wp-block-media-text__content\">\n<p class=\"has-medium-font-size\">&#8230; Lequel accueil est toujours aussi chaleureux.<\/p>\n<\/div><\/div>\n\n\n\n<div class=\"wp-block-media-text alignwide has-media-on-the-right is-stacked-on-mobile\"><figure class=\"wp-block-media-text__media\"><img loading=\"lazy\" decoding=\"async\" width=\"1024\" height=\"575\" src=\"https:\/\/cheminsplestinais.dcea.fr\/wp-content\/uploads\/2022\/12\/23-1024x575.jpg\" alt=\"\" class=\"wp-image-9425 size-full\"\/><\/figure><div class=\"wp-block-media-text__content\">\n<p class=\"has-medium-font-size\">Les candidats aux 15 derniers kilom\u00e8tres sont venus \u00e9toffer le groupe.<\/p>\n<\/div><\/div>\n\n\n\n<div class=\"wp-block-media-text alignwide is-stacked-on-mobile\"><figure class=\"wp-block-media-text__media\"><img loading=\"lazy\" decoding=\"async\" width=\"1024\" height=\"575\" src=\"https:\/\/cheminsplestinais.dcea.fr\/wp-content\/uploads\/2022\/12\/24-1024x575.jpg\" alt=\"\" class=\"wp-image-9426 size-full\"\/><\/figure><div class=\"wp-block-media-text__content\">\n<p class=\"has-medium-font-size\">A en juger par les sacs bien rang\u00e9s, les vivres sont bien l\u00e0&nbsp;!<\/p>\n<\/div><\/div>\n\n\n\n<div class=\"wp-block-media-text alignwide has-media-on-the-right is-stacked-on-mobile\"><figure class=\"wp-block-media-text__media\"><img loading=\"lazy\" decoding=\"async\" width=\"768\" height=\"1024\" src=\"https:\/\/cheminsplestinais.dcea.fr\/wp-content\/uploads\/2022\/12\/25-768x1024.jpg\" alt=\"\" class=\"wp-image-9427 size-full\"\/><\/figure><div class=\"wp-block-media-text__content\">\n<p class=\"has-medium-font-size\">Mais avant de passer \u00e0 table, l\u2019ap\u00e9ritif est le bienvenu, chacun(e) mettant un point d\u2019honneur \u00e0 y apporter sa sp\u00e9cialit\u00e9.<\/p>\n<\/div><\/div>\n\n\n\n<div class=\"wp-block-media-text alignwide is-stacked-on-mobile\"><figure class=\"wp-block-media-text__media\"><img loading=\"lazy\" decoding=\"async\" width=\"800\" height=\"600\" src=\"https:\/\/cheminsplestinais.dcea.fr\/wp-content\/uploads\/2022\/12\/26-rotated.jpg\" alt=\"\" class=\"wp-image-9428 size-full\" srcset=\"https:\/\/cheminsplestinais.dcea.fr\/wp-content\/uploads\/2022\/12\/26-rotated.jpg 800w, https:\/\/cheminsplestinais.dcea.fr\/wp-content\/uploads\/2022\/12\/26-300x225.jpg 300w, https:\/\/cheminsplestinais.dcea.fr\/wp-content\/uploads\/2022\/12\/26-768x576.jpg 768w\" sizes=\"(max-width: 800px) 100vw, 800px\" \/><\/figure><div class=\"wp-block-media-text__content\">\n<p class=\"has-medium-font-size\">Moment tr\u00e8s agr\u00e9able, car on a tellement de choses \u00e0 se dire&#8230;<\/p>\n<\/div><\/div>\n\n\n\n<div class=\"wp-block-media-text alignwide has-media-on-the-right is-stacked-on-mobile\"><figure class=\"wp-block-media-text__media\"><img loading=\"lazy\" decoding=\"async\" width=\"768\" height=\"1024\" src=\"https:\/\/cheminsplestinais.dcea.fr\/wp-content\/uploads\/2022\/12\/27-768x1024.jpg\" alt=\"\" class=\"wp-image-9429 size-full\"\/><\/figure><div class=\"wp-block-media-text__content\">\n<p class=\"has-medium-font-size\">Passage aux choses s\u00e9rieuses&nbsp;: la belle tabl\u00e9e que voil\u00e0&nbsp;! Attention , mesdames&nbsp;: le pique-terrine r\u00f4de&nbsp;!<\/p>\n<\/div><\/div>\n\n\n\n<div class=\"wp-block-media-text alignwide is-stacked-on-mobile\"><figure class=\"wp-block-media-text__media\"><img loading=\"lazy\" decoding=\"async\" width=\"1024\" height=\"575\" src=\"https:\/\/cheminsplestinais.dcea.fr\/wp-content\/uploads\/2022\/12\/28-1024x575.jpg\" alt=\"\" class=\"wp-image-9430 size-full\"\/><\/figure><div class=\"wp-block-media-text__content\">\n<p class=\"has-medium-font-size\">La ronde des fromages.<\/p>\n<\/div><\/div>\n\n\n\n<div class=\"wp-block-media-text alignwide has-media-on-the-right is-stacked-on-mobile\"><figure class=\"wp-block-media-text__media\"><img loading=\"lazy\" decoding=\"async\" width=\"1024\" height=\"575\" src=\"https:\/\/cheminsplestinais.dcea.fr\/wp-content\/uploads\/2022\/12\/29-1024x575.jpg\" alt=\"\" class=\"wp-image-9431 size-full\"\/><\/figure><div class=\"wp-block-media-text__content\">\n<p class=\"has-medium-font-size\">Michel et Christine, visiblement ravis de nous recevoir&#8230;Un grand merci \u00e0 eux pour leur sympathique accueil&nbsp;!&nbsp;&nbsp;<\/p>\n<\/div><\/div>\n\n\n\n<div class=\"wp-block-media-text alignwide is-stacked-on-mobile\"><figure class=\"wp-block-media-text__media\"><img loading=\"lazy\" decoding=\"async\" width=\"1024\" height=\"575\" src=\"https:\/\/cheminsplestinais.dcea.fr\/wp-content\/uploads\/2022\/12\/30-1024x575.jpg\" alt=\"\" class=\"wp-image-9432 size-full\"\/><\/figure><div class=\"wp-block-media-text__content\">\n<p class=\"has-medium-font-size\">Cela m\u00e9rite bien un petit cadeau, remis par Gildas, Pr\u00e9sident des Chemins Plestinais.<\/p>\n<\/div><\/div>\n\n\n\n<div class=\"wp-block-media-text alignwide has-media-on-the-right is-stacked-on-mobile\"><figure class=\"wp-block-media-text__media\"><img loading=\"lazy\" decoding=\"async\" width=\"1024\" height=\"575\" src=\"https:\/\/cheminsplestinais.dcea.fr\/wp-content\/uploads\/2022\/12\/31-1024x575.jpg\" alt=\"\" class=\"wp-image-9433 size-full\"\/><\/figure><div class=\"wp-block-media-text__content\">\n<p class=\"has-medium-font-size\">Apr\u00e8s le pique-nique, le groupe est fin pr\u00eat pour la seconde \u00e9tape.<\/p>\n<\/div><\/div>\n\n\n\n<div class=\"wp-block-media-text alignwide is-stacked-on-mobile\" style=\"grid-template-columns:67% auto\"><figure class=\"wp-block-media-text__media\"><img loading=\"lazy\" decoding=\"async\" width=\"1024\" height=\"768\" src=\"https:\/\/cheminsplestinais.dcea.fr\/wp-content\/uploads\/2022\/12\/32-1024x768.jpg\" alt=\"\" class=\"wp-image-9434 size-full\"\/><\/figure><div class=\"wp-block-media-text__content\">\n<p class=\"has-medium-font-size\">Mais pas question de repartir sans sacrifier \u00e0 une nouvelle photo de groupe&nbsp;! Devinez qui est le Pr\u00e9sident&#8230;<\/p>\n<\/div><\/div>\n\n\n\n<div class=\"wp-block-media-text alignwide has-media-on-the-right is-stacked-on-mobile\"><figure class=\"wp-block-media-text__media\"><img loading=\"lazy\" decoding=\"async\" width=\"1024\" height=\"575\" src=\"https:\/\/cheminsplestinais.dcea.fr\/wp-content\/uploads\/2022\/12\/33-1024x575.jpg\" alt=\"\" class=\"wp-image-9435 size-full\"\/><\/figure><div class=\"wp-block-media-text__content\">\n<p class=\"has-medium-font-size\">C\u2019est reparti pour 15 km, sur un parcours plus facile, qui va mener le groupe \u00e0 son point de d\u00e9part<\/p>\n<\/div><\/div>\n\n\n\n<div class=\"wp-block-group is-layout-flow wp-block-group-is-layout-flow\"><div class=\"wp-block-group__inner-container\">\n<figure class=\"wp-block-gallery has-nested-images columns-default is-cropped wp-block-gallery-5 is-layout-flex wp-block-gallery-is-layout-flex\">\n<figure class=\"wp-block-image size-large is-style-default\"><img loading=\"lazy\" decoding=\"async\" width=\"800\" height=\"449\" src=\"https:\/\/cheminsplestinais.dcea.fr\/wp-content\/uploads\/2022\/12\/34-bis-e1671532443236.jpg\" alt=\"\" class=\"wp-image-9436\"\/><figcaption>Entre mer et campagne, les sentiers plestinais offrent au promeneur <\/figcaption><\/figure>\n\n\n\n<figure class=\"wp-block-image size-large is-style-default\"><img loading=\"lazy\" decoding=\"async\" width=\"800\" height=\"449\" src=\"https:\/\/cheminsplestinais.dcea.fr\/wp-content\/uploads\/2022\/12\/34-e1671532435437.jpg\" alt=\"\" class=\"wp-image-9437\"\/><figcaption>de belles surprises d\u2019une grande vari\u00e9t\u00e9.<\/figcaption><\/figure>\n<\/figure>\n<\/div><\/div>\n\n\n\n<div class=\"wp-block-media-text alignwide is-stacked-on-mobile\"><figure class=\"wp-block-media-text__media\"><img loading=\"lazy\" decoding=\"async\" width=\"1024\" height=\"575\" src=\"https:\/\/cheminsplestinais.dcea.fr\/wp-content\/uploads\/2022\/12\/35-1024x575.jpg\" alt=\"\" class=\"wp-image-9438 size-full\"\/><\/figure><div class=\"wp-block-media-text__content\">\n<p class=\"has-medium-font-size\">Une petite pause, devant la chapelle Saint Jagut, l\u2019occasion de r\u00e9aliser un nouveau clich\u00e9.<\/p>\n<\/div><\/div>\n\n\n\n<figure class=\"wp-block-gallery has-nested-images columns-default is-cropped wp-block-gallery-6 is-layout-flex wp-block-gallery-is-layout-flex\">\n<figure class=\"wp-block-image size-large is-style-default\"><img loading=\"lazy\" decoding=\"async\" width=\"800\" height=\"449\" data-id=\"9439\" src=\"https:\/\/cheminsplestinais.dcea.fr\/wp-content\/uploads\/2022\/12\/36-e1671532419659.jpg\" alt=\"\" class=\"wp-image-9439\"\/><figcaption>Le manoir de L\u00e9zormel cach\u00e9 dans la verdure.<\/figcaption><\/figure>\n\n\n\n<figure class=\"wp-block-image size-large is-style-default\"><img loading=\"lazy\" decoding=\"async\" width=\"800\" height=\"449\" data-id=\"9440\" src=\"https:\/\/cheminsplestinais.dcea.fr\/wp-content\/uploads\/2022\/12\/37-e1671532409303.jpg\" alt=\"\" class=\"wp-image-9440\"\/><figcaption>Cet arbre centenaire semble s\u2019incliner sur notre passage.<\/figcaption><\/figure>\n<\/figure>\n\n\n\n<p>&nbsp;<\/p>\n\n\n\n<div class=\"wp-block-media-text alignwide is-stacked-on-mobile\"><figure class=\"wp-block-media-text__media\"><img loading=\"lazy\" decoding=\"async\" width=\"1024\" height=\"575\" src=\"https:\/\/cheminsplestinais.dcea.fr\/wp-content\/uploads\/2022\/12\/38-1024x575.jpg\" alt=\"\" class=\"wp-image-9441 size-full\"\/><\/figure><div class=\"wp-block-media-text__content\">\n<p class=\"has-medium-font-size\">Gildas, notre Pr\u00e9sident, va-t-il nous indiquer la bonne direction&nbsp;?<\/p>\n<\/div><\/div>\n\n\n\n<div class=\"wp-block-media-text alignwide has-media-on-the-right is-stacked-on-mobile\"><figure class=\"wp-block-media-text__media\"><img loading=\"lazy\" decoding=\"async\" width=\"1024\" height=\"575\" src=\"https:\/\/cheminsplestinais.dcea.fr\/wp-content\/uploads\/2022\/12\/39-1024x575.jpg\" alt=\"\" class=\"wp-image-9442 size-full\"\/><\/figure><div class=\"wp-block-media-text__content\">\n<p class=\"has-medium-font-size\">&#8230;Et \u00e0 nouveau un magnifique sentier, du c\u00f4t\u00e9 de Lesmaes..<\/p>\n<\/div><\/div>\n\n\n\n<div class=\"wp-block-media-text alignwide is-stacked-on-mobile\"><figure class=\"wp-block-media-text__media\"><img loading=\"lazy\" decoding=\"async\" width=\"1024\" height=\"575\" src=\"https:\/\/cheminsplestinais.dcea.fr\/wp-content\/uploads\/2022\/12\/40-1024x575.jpg\" alt=\"\" class=\"wp-image-9443 size-full\"\/><\/figure><div class=\"wp-block-media-text__content\">\n<p class=\"has-medium-font-size\">Ce superbe champignon a l\u2019air de trouver cette vieille souche \u00e0 son go\u00fbt.<\/p>\n<\/div><\/div>\n\n\n\n<div class=\"wp-block-media-text alignwide has-media-on-the-right is-stacked-on-mobile\"><figure class=\"wp-block-media-text__media\"><img loading=\"lazy\" decoding=\"async\" width=\"1024\" height=\"768\" src=\"https:\/\/cheminsplestinais.dcea.fr\/wp-content\/uploads\/2022\/12\/41-1024x768.jpg\" alt=\"\" class=\"wp-image-9444 size-full\"\/><\/figure><div class=\"wp-block-media-text__content\">\n<p class=\"has-medium-font-size\">Le pont de Toul an Herry est en vue&nbsp;: \u00e7a sent l\u2019\u00e9curie&nbsp;!<\/p>\n<\/div><\/div>\n\n\n\n<div class=\"wp-block-media-text alignwide is-stacked-on-mobile\"><figure class=\"wp-block-media-text__media\"><img loading=\"lazy\" decoding=\"async\" width=\"768\" height=\"1024\" src=\"https:\/\/cheminsplestinais.dcea.fr\/wp-content\/uploads\/2022\/12\/42-768x1024.jpg\" alt=\"\" class=\"wp-image-9445 size-full\"\/><\/figure><div class=\"wp-block-media-text__content\">\n<p class=\"has-medium-font-size\">Premi\u00e8res, largement d\u00e9tach\u00e9es&#8230;et avec le sourire&#8230;Mais comment ont-elles fait&nbsp;? Dopage&nbsp;? Impossible, les contr\u00f4les sont draconiens&nbsp;!<\/p>\n<\/div><\/div>\n\n\n\n<figure class=\"wp-block-gallery has-nested-images columns-default is-cropped wp-block-gallery-7 is-layout-flex wp-block-gallery-is-layout-flex\">\n<figure class=\"wp-block-image size-large is-style-default\"><img loading=\"lazy\" decoding=\"async\" width=\"800\" height=\"449\" data-id=\"9446\" src=\"https:\/\/cheminsplestinais.dcea.fr\/wp-content\/uploads\/2022\/12\/43-A_-e1671532351961.jpg\" alt=\"\" class=\"wp-image-9446\"\/><\/figure>\n\n\n\n<figure class=\"wp-block-image size-large is-style-default\"><img loading=\"lazy\" decoding=\"async\" width=\"800\" height=\"449\" data-id=\"9447\" src=\"https:\/\/cheminsplestinais.dcea.fr\/wp-content\/uploads\/2022\/12\/43-B-e1671532341252.jpg\" alt=\"\" class=\"wp-image-9447\"\/><\/figure>\n\n\n\n<figure class=\"wp-block-image size-large is-style-default\"><img loading=\"lazy\" decoding=\"async\" width=\"800\" height=\"449\" data-id=\"9448\" src=\"https:\/\/cheminsplestinais.dcea.fr\/wp-content\/uploads\/2022\/12\/43-e1671532330887.jpg\" alt=\"\" class=\"wp-image-9448\"\/><\/figure>\n<figcaption class=\"blocks-gallery-caption\">&#8230;Sourires qui tranchent avec certains visages, sur lesquels on croit d\u00e9celer comme une l\u00e9g\u00e8re fatigue&#8230;\u00e0 moins que ce soit cette maudite averse, juste avant l\u2019arriv\u00e9e&nbsp;?<\/figcaption><\/figure>\n\n\n\n<p><\/p>\n\n\n\n<figure class=\"wp-block-gallery has-nested-images columns-default is-cropped wp-block-gallery-8 is-layout-flex wp-block-gallery-is-layout-flex\">\n<figure class=\"wp-block-image size-large is-style-default\"><img loading=\"lazy\" decoding=\"async\" width=\"800\" height=\"449\" data-id=\"9449\" src=\"https:\/\/cheminsplestinais.dcea.fr\/wp-content\/uploads\/2022\/12\/44-A-e1671532320446.jpg\" alt=\"\" class=\"wp-image-9449\"\/><\/figure>\n\n\n\n<figure class=\"wp-block-image size-large is-style-default\"><img loading=\"lazy\" decoding=\"async\" width=\"600\" height=\"800\" data-id=\"9450\" src=\"https:\/\/cheminsplestinais.dcea.fr\/wp-content\/uploads\/2022\/12\/44-B-scaled-e1671532310223.jpg\" alt=\"\" class=\"wp-image-9450\"\/><\/figure>\n\n\n\n<figure class=\"wp-block-image size-large is-style-default\"><img loading=\"lazy\" decoding=\"async\" width=\"800\" height=\"449\" data-id=\"9451\" src=\"https:\/\/cheminsplestinais.dcea.fr\/wp-content\/uploads\/2022\/12\/44-e1671532297748.jpg\" alt=\"\" class=\"wp-image-9451\"\/><\/figure>\n<figcaption class=\"blocks-gallery-caption\"><br>Fatigu\u00e9s, nous&nbsp;? Jamais&nbsp;! Et ce n\u2019est pas cette petite averse qui va nous contrarier&nbsp;!<\/figcaption><\/figure>\n\n\n\n<div class=\"wp-block-media-text alignwide is-stacked-on-mobile\"><figure class=\"wp-block-media-text__media\"><img loading=\"lazy\" decoding=\"async\" width=\"1024\" height=\"575\" src=\"https:\/\/cheminsplestinais.dcea.fr\/wp-content\/uploads\/2022\/12\/45-1024x575.jpg\" alt=\"\" class=\"wp-image-9452 size-full\"\/><\/figure><div class=\"wp-block-media-text__content\">\n<p class=\"has-medium-font-size\">Eh oui, sur son appli, Jean-Yves a bien 31 km&#8230; ce dont Bernard se fiche \u00e9perdument&nbsp;: il a SOIF&nbsp;!!&nbsp;&nbsp;<\/p>\n<\/div><\/div>\n\n\n\n<figure class=\"wp-block-gallery has-nested-images columns-default is-cropped wp-block-gallery-9 is-layout-flex wp-block-gallery-is-layout-flex\">\n<figure class=\"wp-block-image size-large is-style-default\"><img loading=\"lazy\" decoding=\"async\" width=\"800\" height=\"449\" data-id=\"9453\" src=\"https:\/\/cheminsplestinais.dcea.fr\/wp-content\/uploads\/2022\/12\/46-e1671532275922.jpg\" alt=\"\" class=\"wp-image-9453\"\/><\/figure>\n\n\n\n<figure class=\"wp-block-image size-large is-style-default\"><img loading=\"lazy\" decoding=\"async\" width=\"800\" height=\"449\" data-id=\"9454\" src=\"https:\/\/cheminsplestinais.dcea.fr\/wp-content\/uploads\/2022\/12\/46A-e1671532258713.jpg\" alt=\"\" class=\"wp-image-9454\"\/><\/figure>\n<figcaption class=\"blocks-gallery-caption\">Pour reprendre des forces, rien de mieux qu\u2019une petite collation&#8230; Il a l\u2019air excellent, ce far breton&nbsp;!<br><\/figcaption><\/figure>\n\n\n\n<p style=\"font-size:25px\"><strong>Encore une fois, le Tro Plistin a tenu toutes ses promesses&nbsp;: 31 km pour les randonneurs confirm\u00e9s, 15 km pour les plus prudents, sur un parcours&nbsp; de toute beaut\u00e9, alliant mer et campagne&#8230;<\/strong><\/p>\n\n\n\n<p style=\"font-size:25px\"><strong>Comment ne pas y revenir l\u2019ann\u00e9e prochaine&nbsp;<\/strong><\/p>\n\n\n\n<p class=\"has-text-align-center has-large-font-size\"><strong>RENDEZ-VOUS A TOUS EN 2023&nbsp;!<\/strong><\/p>\n","protected":false},"excerpt":{"rendered":"<p>Le 16 octobre dernier, les adh\u00e9rents des Chemins Plestinais se sont donn\u00e9&nbsp;rendez-vous pour le Tro Plistin, sur la traditionnelle grande boucle de 31 km autour de la commune, alliant parcours c\u00f4tier, chemins creux et sentiers en sous-bois, agr\u00e9ment\u00e9e du non moins traditionnel pique-nique \u00e0 la ferme chez Michel et Christine, lesquels ont la gentillesse de [&hellip;]<\/p>\n","protected":false},"author":5,"featured_media":0,"comment_status":"open","ping_status":"closed","sticky":false,"template":"","format":"standard","meta":{"footnotes":""},"categories":[3],"tags":[],"_links":{"self":[{"href":"https:\/\/cheminsplestinais.dcea.fr\/index.php?rest_route=\/wp\/v2\/posts\/9399"}],"collection":[{"href":"https:\/\/cheminsplestinais.dcea.fr\/index.php?rest_route=\/wp\/v2\/posts"}],"about":[{"href":"https:\/\/cheminsplestinais.dcea.fr\/index.php?rest_route=\/wp\/v2\/types\/post"}],"author":[{"embeddable":true,"href":"https:\/\/cheminsplestinais.dcea.fr\/index.php?rest_route=\/wp\/v2\/users\/5"}],"replies":[{"embeddable":true,"href":"https:\/\/cheminsplestinais.dcea.fr\/index.php?rest_route=%2Fwp%2Fv2%2Fcomments&post=9399"}],"version-history":[{"count":34,"href":"https:\/\/cheminsplestinais.dcea.fr\/index.php?rest_route=\/wp\/v2\/posts\/9399\/revisions"}],"predecessor-version":[{"id":9508,"href":"https:\/\/cheminsplestinais.dcea.fr\/index.php?rest_route=\/wp\/v2\/posts\/9399\/revisions\/9508"}],"wp:attachment":[{"href":"https:\/\/cheminsplestinais.dcea.fr\/index.php?rest_route=%2Fwp%2Fv2%2Fmedia&parent=9399"}],"wp:term":[{"taxonomy":"category","embeddable":true,"href":"https:\/\/cheminsplestinais.dcea.fr\/index.php?rest_route=%2Fwp%2Fv2%2Fcategories&post=9399"},{"taxonomy":"post_tag","embeddable":true,"href":"https:\/\/cheminsplestinais.dcea.fr\/index.php?rest_route=%2Fwp%2Fv2%2Ftags&post=9399"}],"curies":[{"name":"wp","href":"https:\/\/api.w.org\/{rel}","templated":true}]}}