{"id":9669,"date":"2023-04-14T20:20:08","date_gmt":"2023-04-14T19:20:08","guid":{"rendered":"http:\/\/cheminsplestinais.dcea.fr\/?p=9669"},"modified":"2023-04-18T16:10:00","modified_gmt":"2023-04-18T15:10:00","slug":"balade-insolite-le-long-du-douron","status":"publish","type":"post","link":"https:\/\/cheminsplestinais.dcea.fr\/?p=9669","title":{"rendered":"Balade insolite le long du Douron"},"content":{"rendered":"\n<p>Le lundi 3 avril, au lieu-dit Rochelan sur l&rsquo;estuaire du Douron, notre \u00e9quipe balisage avait donn\u00e9 rendez-vous \u00e0 quelques membres de l&rsquo;association \u00ab\u00a0Valentin Ha\u00fcy\u00a0\u00bb pour une courte randonn\u00e9e.<\/p>\n\n\n\n<figure class=\"wp-block-image size-full\"><a href=\"https:\/\/cheminsplestinais.dcea.fr\/wp-content\/uploads\/2023\/04\/Sortie-mal-voyants-7.jpg\"><img loading=\"lazy\" decoding=\"async\" width=\"800\" height=\"600\" src=\"https:\/\/cheminsplestinais.dcea.fr\/wp-content\/uploads\/2023\/04\/Sortie-mal-voyants-7.jpg\" alt=\"\" class=\"wp-image-9675\" srcset=\"https:\/\/cheminsplestinais.dcea.fr\/wp-content\/uploads\/2023\/04\/Sortie-mal-voyants-7.jpg 800w, https:\/\/cheminsplestinais.dcea.fr\/wp-content\/uploads\/2023\/04\/Sortie-mal-voyants-7-300x225.jpg 300w, https:\/\/cheminsplestinais.dcea.fr\/wp-content\/uploads\/2023\/04\/Sortie-mal-voyants-7-768x576.jpg 768w\" sizes=\"(max-width: 800px) 100vw, 800px\" \/><\/a><\/figure>\n\n\n\n<p>Il est probable que vous ne connaissiez pas cette association dont la mission est d&rsquo;apporter aide, soutien et formation pour d\u00e9ficients visuels (mal-voyants comme aveugles).<\/p>\n\n\n\n<p>Sabrina, membre de l&rsquo;association Id\u00e9ographik qui a r\u00e9alis\u00e9 l&rsquo;an pass\u00e9 les nouvelles fiches de pr\u00e9sentation de nos circuits p\u00e9destres, a propos\u00e9 \u00e0 Mathieu, repr\u00e9sentant Lannionais de cette asso (de dos sur la photo ci-dessus), de tester sur le terrain l&rsquo;une de ces fiches au d\u00e9part de la boucle de Saint Haran.<\/p>\n\n\n\n<p>En effet, l&rsquo;association Id\u00e9ographik a d\u00e9velopp\u00e9 une comp\u00e9tence particuli\u00e8re pour adapter ses publications aux publics d\u00e9ficients visuels. <\/p>\n\n\n\n<div class=\"wp-block-media-text alignwide is-stacked-on-mobile\"><figure class=\"wp-block-media-text__media\"><a href=\"https:\/\/cheminsplestinais.dcea.fr\/wp-content\/uploads\/2023\/04\/IMG_20230413_0001_page-0001-1.jpg\"><img loading=\"lazy\" decoding=\"async\" width=\"724\" height=\"1024\" src=\"https:\/\/cheminsplestinais.dcea.fr\/wp-content\/uploads\/2023\/04\/IMG_20230413_0001_page-0001-1-724x1024.jpg\" alt=\"\" class=\"wp-image-9689 size-full\" srcset=\"https:\/\/cheminsplestinais.dcea.fr\/wp-content\/uploads\/2023\/04\/IMG_20230413_0001_page-0001-1-724x1024.jpg 724w, https:\/\/cheminsplestinais.dcea.fr\/wp-content\/uploads\/2023\/04\/IMG_20230413_0001_page-0001-1-212x300.jpg 212w, https:\/\/cheminsplestinais.dcea.fr\/wp-content\/uploads\/2023\/04\/IMG_20230413_0001_page-0001-1-768x1086.jpg 768w, https:\/\/cheminsplestinais.dcea.fr\/wp-content\/uploads\/2023\/04\/IMG_20230413_0001_page-0001-1.jpg 870w\" sizes=\"(max-width: 724px) 100vw, 724px\" \/><\/a><\/figure><div class=\"wp-block-media-text__content\">\n<p class=\"has-medium-font-size\"><\/p>\n\n\n\n<p>Cela vous a peut-\u00eatre \u00e9chapp\u00e9 si vous avez eu l&rsquo;occasion de parcourir ces fiches  mais le choix des couleurs, de la taille et des polices de caract\u00e8re, des symboles utilis\u00e9s,<br>a \u00e9t\u00e9 particuli\u00e8rement \u00e9tudi\u00e9 pour en faciliter la lecture.<\/p>\n\n\n\n<p>De m\u00eame la description du cheminement a \u00e9t\u00e9 simplifi\u00e9e de fa\u00e7on \u00e0 \u00eatre plus facilement compr\u00e9hensible en cas d&rsquo;utilisation de la synth\u00e8se vocale.<\/p>\n<\/div><\/div>\n\n\n\n<div class=\"wp-block-media-text alignwide has-media-on-the-right is-stacked-on-mobile\"><figure class=\"wp-block-media-text__media\"><a href=\"https:\/\/cheminsplestinais.dcea.fr\/wp-content\/uploads\/2023\/04\/Sortie-mal-voyants-4.jpg\"><img loading=\"lazy\" decoding=\"async\" width=\"800\" height=\"600\" src=\"https:\/\/cheminsplestinais.dcea.fr\/wp-content\/uploads\/2023\/04\/Sortie-mal-voyants-4.jpg\" alt=\"\" class=\"wp-image-9673 size-full\" srcset=\"https:\/\/cheminsplestinais.dcea.fr\/wp-content\/uploads\/2023\/04\/Sortie-mal-voyants-4.jpg 800w, https:\/\/cheminsplestinais.dcea.fr\/wp-content\/uploads\/2023\/04\/Sortie-mal-voyants-4-300x225.jpg 300w, https:\/\/cheminsplestinais.dcea.fr\/wp-content\/uploads\/2023\/04\/Sortie-mal-voyants-4-768x576.jpg 768w\" sizes=\"(max-width: 800px) 100vw, 800px\" \/><\/a><\/figure><div class=\"wp-block-media-text__content\">\n<p class=\"has-large-font-size\"><\/p>\n\n\n\n<p>En effet, les d\u00e9ficients visuels peuvent utiliser des applications sur leur t\u00e9l\u00e9phone portable qui, gr\u00e2ce \u00e0 une simple photo du document, leur permettent d&rsquo;\u00e9couter la description du chemin qu&rsquo;ils doivent suivre. Nous avons \u00e9galement adapt\u00e9 la ponctuation de nos textes en fonction de cet imp\u00e9ratif.<\/p>\n<\/div><\/div>\n\n\n\n<p>Avant de partir, on pr\u00e9sente \u00e9galement \u00e0 Mathieu un autre type de plan qui, gr\u00e2ce au contraste des couleurs et \u00e0 l&rsquo;\u00e9paisseur des traits, lui permet de se rep\u00e9rer sur le terrain.<\/p>\n\n\n\n<figure class=\"wp-block-gallery has-nested-images columns-default is-cropped wp-block-gallery-1 is-layout-flex wp-block-gallery-is-layout-flex\">\n<figure class=\"wp-block-image size-large\"><a href=\"https:\/\/cheminsplestinais.dcea.fr\/wp-content\/uploads\/2023\/04\/Sortie-mal-voyants-3.jpg\"><img loading=\"lazy\" decoding=\"async\" width=\"800\" height=\"600\" data-id=\"9672\" src=\"https:\/\/cheminsplestinais.dcea.fr\/wp-content\/uploads\/2023\/04\/Sortie-mal-voyants-3.jpg\" alt=\"\" class=\"wp-image-9672\" srcset=\"https:\/\/cheminsplestinais.dcea.fr\/wp-content\/uploads\/2023\/04\/Sortie-mal-voyants-3.jpg 800w, https:\/\/cheminsplestinais.dcea.fr\/wp-content\/uploads\/2023\/04\/Sortie-mal-voyants-3-300x225.jpg 300w, https:\/\/cheminsplestinais.dcea.fr\/wp-content\/uploads\/2023\/04\/Sortie-mal-voyants-3-768x576.jpg 768w\" sizes=\"(max-width: 800px) 100vw, 800px\" \/><\/a><\/figure>\n\n\n\n<figure class=\"wp-block-image size-large\"><a href=\"https:\/\/cheminsplestinais.dcea.fr\/wp-content\/uploads\/2023\/04\/IMG_20230413_0001_page-0001.jpg\"><img loading=\"lazy\" decoding=\"async\" width=\"1276\" height=\"1752\" data-id=\"9687\" src=\"https:\/\/cheminsplestinais.dcea.fr\/wp-content\/uploads\/2023\/04\/IMG_20230413_0001_page-0001.jpg\" alt=\"\" class=\"wp-image-9687\" srcset=\"https:\/\/cheminsplestinais.dcea.fr\/wp-content\/uploads\/2023\/04\/IMG_20230413_0001_page-0001.jpg 1276w, https:\/\/cheminsplestinais.dcea.fr\/wp-content\/uploads\/2023\/04\/IMG_20230413_0001_page-0001-218x300.jpg 218w, https:\/\/cheminsplestinais.dcea.fr\/wp-content\/uploads\/2023\/04\/IMG_20230413_0001_page-0001-746x1024.jpg 746w, https:\/\/cheminsplestinais.dcea.fr\/wp-content\/uploads\/2023\/04\/IMG_20230413_0001_page-0001-768x1054.jpg 768w, https:\/\/cheminsplestinais.dcea.fr\/wp-content\/uploads\/2023\/04\/IMG_20230413_0001_page-0001-1119x1536.jpg 1119w\" sizes=\"(max-width: 1276px) 100vw, 1276px\" \/><\/a><figcaption>On reconna\u00eet l&rsquo;ensemble des boucles plestinaises<\/figcaption><\/figure>\n<\/figure>\n\n\n\n<p>Et c&rsquo;est parti !<\/p>\n\n\n\n<figure class=\"wp-block-gallery has-nested-images columns-default is-cropped wp-block-gallery-2 is-layout-flex wp-block-gallery-is-layout-flex\">\n<figure class=\"wp-block-image size-large\"><a href=\"https:\/\/cheminsplestinais.dcea.fr\/wp-content\/uploads\/2023\/04\/Sortie-mal-voyants-8.jpg\"><img loading=\"lazy\" decoding=\"async\" width=\"800\" height=\"600\" data-id=\"9676\" src=\"https:\/\/cheminsplestinais.dcea.fr\/wp-content\/uploads\/2023\/04\/Sortie-mal-voyants-8.jpg\" alt=\"\" class=\"wp-image-9676\" srcset=\"https:\/\/cheminsplestinais.dcea.fr\/wp-content\/uploads\/2023\/04\/Sortie-mal-voyants-8.jpg 800w, https:\/\/cheminsplestinais.dcea.fr\/wp-content\/uploads\/2023\/04\/Sortie-mal-voyants-8-300x225.jpg 300w, https:\/\/cheminsplestinais.dcea.fr\/wp-content\/uploads\/2023\/04\/Sortie-mal-voyants-8-768x576.jpg 768w\" sizes=\"(max-width: 800px) 100vw, 800px\" \/><\/a><figcaption>Sabrina d\u00e9crit ce que l&rsquo;on est cens\u00e9 voir<\/figcaption><\/figure>\n\n\n\n<figure class=\"wp-block-image size-large\"><a href=\"https:\/\/cheminsplestinais.dcea.fr\/wp-content\/uploads\/2023\/04\/Sortie-mal-voyants-6.jpg\"><img loading=\"lazy\" decoding=\"async\" width=\"800\" height=\"600\" data-id=\"9674\" src=\"https:\/\/cheminsplestinais.dcea.fr\/wp-content\/uploads\/2023\/04\/Sortie-mal-voyants-6.jpg\" alt=\"\" class=\"wp-image-9674\" srcset=\"https:\/\/cheminsplestinais.dcea.fr\/wp-content\/uploads\/2023\/04\/Sortie-mal-voyants-6.jpg 800w, https:\/\/cheminsplestinais.dcea.fr\/wp-content\/uploads\/2023\/04\/Sortie-mal-voyants-6-300x225.jpg 300w, https:\/\/cheminsplestinais.dcea.fr\/wp-content\/uploads\/2023\/04\/Sortie-mal-voyants-6-768x576.jpg 768w\" sizes=\"(max-width: 800px) 100vw, 800px\" \/><\/a><figcaption>Mathieu cherche sa direction<\/figcaption><\/figure>\n<\/figure>\n\n\n\n<p>Mathieu nous \u00e9tonne par sa sensibilit\u00e9 \u00e0 des \u00e9l\u00e9ments pour nous inhabituels pour se diriger. Il \u00e9voque en particulier la nature du sol, la densit\u00e9 de la v\u00e9g\u00e9tation, certains bruits ou m\u00eame certaines odeurs.<\/p>\n\n\n\n<div class=\"wp-block-media-text alignwide is-stacked-on-mobile\"><figure class=\"wp-block-media-text__media\"><a href=\"https:\/\/cheminsplestinais.dcea.fr\/wp-content\/uploads\/2023\/04\/Sortie-mal-voyants-11.jpg\"><img loading=\"lazy\" decoding=\"async\" width=\"800\" height=\"600\" src=\"https:\/\/cheminsplestinais.dcea.fr\/wp-content\/uploads\/2023\/04\/Sortie-mal-voyants-11.jpg\" alt=\"\" class=\"wp-image-9679 size-full\" srcset=\"https:\/\/cheminsplestinais.dcea.fr\/wp-content\/uploads\/2023\/04\/Sortie-mal-voyants-11.jpg 800w, https:\/\/cheminsplestinais.dcea.fr\/wp-content\/uploads\/2023\/04\/Sortie-mal-voyants-11-300x225.jpg 300w, https:\/\/cheminsplestinais.dcea.fr\/wp-content\/uploads\/2023\/04\/Sortie-mal-voyants-11-768x576.jpg 768w\" sizes=\"(max-width: 800px) 100vw, 800px\" \/><\/a><\/figure><div class=\"wp-block-media-text__content\">\n<p class=\"has-large-font-size\"><\/p>\n\n\n\n<p>Au premier carrefour, il d\u00e9termine lui-m\u00eame le bon chemin \u00e0 prendre. Il se permet de nous faire certaines suggestions quant \u00e0 l&#8217;emplacement des poteaux, la lisibilit\u00e9 des plans, l&rsquo;entretien de la v\u00e9g\u00e9tation (des branches basses qu&rsquo;il faudrait couper).<\/p>\n\n\n\n<p><\/p>\n<\/div><\/div>\n\n\n\n<div class=\"wp-block-media-text alignwide has-media-on-the-right is-stacked-on-mobile\"><figure class=\"wp-block-media-text__media\"><a href=\"https:\/\/cheminsplestinais.dcea.fr\/wp-content\/uploads\/2023\/04\/Sortie-mal-voyants-10.jpg\"><img loading=\"lazy\" decoding=\"async\" width=\"800\" height=\"600\" src=\"https:\/\/cheminsplestinais.dcea.fr\/wp-content\/uploads\/2023\/04\/Sortie-mal-voyants-10.jpg\" alt=\"\" class=\"wp-image-9678 size-full\" srcset=\"https:\/\/cheminsplestinais.dcea.fr\/wp-content\/uploads\/2023\/04\/Sortie-mal-voyants-10.jpg 800w, https:\/\/cheminsplestinais.dcea.fr\/wp-content\/uploads\/2023\/04\/Sortie-mal-voyants-10-300x225.jpg 300w, https:\/\/cheminsplestinais.dcea.fr\/wp-content\/uploads\/2023\/04\/Sortie-mal-voyants-10-768x576.jpg 768w\" sizes=\"(max-width: 800px) 100vw, 800px\" \/><\/a><\/figure><div class=\"wp-block-media-text__content\">\n<p class=\"has-large-font-size\"><\/p>\n\n\n\n<p>Il s&rsquo;arr\u00eate un moment pr\u00e8s d&rsquo;un arbuste car il a per\u00e7u de la couleur et cherche \u00e0 savoir de quoi il s&rsquo;agit en touchant la v\u00e9g\u00e9tation. <br>De belles fleurs d&rsquo;aub\u00e9pine mais gare aux piquants !<\/p>\n<\/div><\/div>\n\n\n\n<figure class=\"wp-block-image size-full\"><a href=\"https:\/\/cheminsplestinais.dcea.fr\/wp-content\/uploads\/2023\/04\/Sortie-mal-voyants-13.jpg\"><img loading=\"lazy\" decoding=\"async\" width=\"800\" height=\"600\" src=\"https:\/\/cheminsplestinais.dcea.fr\/wp-content\/uploads\/2023\/04\/Sortie-mal-voyants-13.jpg\" alt=\"\" class=\"wp-image-9680\" srcset=\"https:\/\/cheminsplestinais.dcea.fr\/wp-content\/uploads\/2023\/04\/Sortie-mal-voyants-13.jpg 800w, https:\/\/cheminsplestinais.dcea.fr\/wp-content\/uploads\/2023\/04\/Sortie-mal-voyants-13-300x225.jpg 300w, https:\/\/cheminsplestinais.dcea.fr\/wp-content\/uploads\/2023\/04\/Sortie-mal-voyants-13-768x576.jpg 768w\" sizes=\"(max-width: 800px) 100vw, 800px\" \/><\/a><figcaption>Le retour s&rsquo;effectue le long de la lagune.<\/figcaption><\/figure>\n\n\n\n<p>Exp\u00e9rience concluante et enrichissante. Mathieu nous a assur\u00e9 qu&rsquo;il referait le trajet hors notre pr\u00e9sence pour mieux s&rsquo;en impr\u00e9gner, pour pouvoir lui-m\u00eame y emmener un groupe de mal-voyants.<\/p>\n\n\n\n<p>Il s&rsquo;agit l\u00e0 d&rsquo;une ouverture bien prometteuse de nos beaux circuits de randonn\u00e9e en direction d&rsquo;un nouveau public jusqu&rsquo;alors ignor\u00e9.<\/p>\n","protected":false},"excerpt":{"rendered":"<p>Le lundi 3 avril, au lieu-dit Rochelan sur l&rsquo;estuaire du Douron, notre \u00e9quipe balisage avait donn\u00e9 rendez-vous \u00e0 quelques membres de l&rsquo;association \u00ab\u00a0Valentin Ha\u00fcy\u00a0\u00bb pour une courte randonn\u00e9e. Il est probable que vous ne connaissiez pas cette association dont la mission est d&rsquo;apporter aide, soutien et formation pour d\u00e9ficients visuels (mal-voyants comme aveugles). Sabrina, membre [&hellip;]<\/p>\n","protected":false},"author":1,"featured_media":0,"comment_status":"open","ping_status":"closed","sticky":false,"template":"","format":"standard","meta":{"footnotes":""},"categories":[3],"tags":[],"_links":{"self":[{"href":"https:\/\/cheminsplestinais.dcea.fr\/index.php?rest_route=\/wp\/v2\/posts\/9669"}],"collection":[{"href":"https:\/\/cheminsplestinais.dcea.fr\/index.php?rest_route=\/wp\/v2\/posts"}],"about":[{"href":"https:\/\/cheminsplestinais.dcea.fr\/index.php?rest_route=\/wp\/v2\/types\/post"}],"author":[{"embeddable":true,"href":"https:\/\/cheminsplestinais.dcea.fr\/index.php?rest_route=\/wp\/v2\/users\/1"}],"replies":[{"embeddable":true,"href":"https:\/\/cheminsplestinais.dcea.fr\/index.php?rest_route=%2Fwp%2Fv2%2Fcomments&post=9669"}],"version-history":[{"count":21,"href":"https:\/\/cheminsplestinais.dcea.fr\/index.php?rest_route=\/wp\/v2\/posts\/9669\/revisions"}],"predecessor-version":[{"id":10124,"href":"https:\/\/cheminsplestinais.dcea.fr\/index.php?rest_route=\/wp\/v2\/posts\/9669\/revisions\/10124"}],"wp:attachment":[{"href":"https:\/\/cheminsplestinais.dcea.fr\/index.php?rest_route=%2Fwp%2Fv2%2Fmedia&parent=9669"}],"wp:term":[{"taxonomy":"category","embeddable":true,"href":"https:\/\/cheminsplestinais.dcea.fr\/index.php?rest_route=%2Fwp%2Fv2%2Fcategories&post=9669"},{"taxonomy":"post_tag","embeddable":true,"href":"https:\/\/cheminsplestinais.dcea.fr\/index.php?rest_route=%2Fwp%2Fv2%2Ftags&post=9669"}],"curies":[{"name":"wp","href":"https:\/\/api.w.org\/{rel}","templated":true}]}}