{"id":9759,"date":"2023-04-17T09:12:35","date_gmt":"2023-04-17T08:12:35","guid":{"rendered":"http:\/\/cheminsplestinais.dcea.fr\/?p=9759"},"modified":"2023-04-18T16:06:39","modified_gmt":"2023-04-18T15:06:39","slug":"une-annee-2023-qui-demarre-en-trombe","status":"publish","type":"post","link":"https:\/\/cheminsplestinais.dcea.fr\/?p=9759","title":{"rendered":"Une ann\u00e9e 2023 qui d\u00e9marre \u00ab\u00a0en trombe\u00a0\u00bb\u00a0!"},"content":{"rendered":"\n<p>&#8230;Et par un moment tr\u00e8s agr\u00e9able&nbsp;: le 16 janvier, nous avons f\u00eat\u00e9 les anniversaires d\u2019Alain Le Rumeur et Fran\u00e7ois Henry, au sein du nouveau local de l\u2019association.<\/p>\n\n\n\n<p>Ce moment de convivialit\u00e9 \u00e9tait d\u2019autant plus sympathique que Fran\u00e7ois a all\u00e8grement franchi la barre de ses 80 printemps&nbsp;! Il est donc d\u00e9sormais le doyen de l\u2019\u00e9quipe, et son assiduit\u00e9 \u00e0 nos chantiers du lundi matin ne se d\u00e9ment pas. Toujours le sourire, toujours d\u2019humeur \u00e9gale&#8230; Fran\u00e7ois prend visiblement plaisir \u00e0 retrouver le groupe et \u00e0 manier pelle, r\u00e2teau et faucille sur nos sentiers de randonn\u00e9e. De l\u00e0 \u00e0 dire que l\u2019excellente ambiance au sein de l\u2019association, alli\u00e9e \u00e0 l\u2019activit\u00e9 physique hebdomadaire sur les chantiers contribuent \u00e0 cette vitalit\u00e9, il n\u2019y a qu\u2019un pas que nous n\u2019h\u00e9sitons pas \u00e0 franchir&nbsp;!<\/p>\n\n\n\n<p>Souhaitons donc \u00e0 Fran\u00e7ois de continuer \u00e0 \u00ab&nbsp;pointer&nbsp;\u00bb encore longtemps \u00e0 notre local, le lundi matin&nbsp;!<\/p>\n\n\n\n<figure class=\"wp-block-gallery has-nested-images columns-default is-cropped wp-block-gallery-1 is-layout-flex wp-block-gallery-is-layout-flex\"><\/figure>\n\n\n\n<figure class=\"wp-block-gallery has-nested-images columns-default is-cropped wp-block-gallery-2 is-layout-flex wp-block-gallery-is-layout-flex\">\n<figure class=\"wp-block-image size-large is-style-default\"><a href=\"https:\/\/cheminsplestinais.dcea.fr\/wp-content\/uploads\/2023\/04\/Anniversaire-Francois-1.jpg\"><img loading=\"lazy\" decoding=\"async\" width=\"750\" height=\"1000\" data-id=\"9706\" src=\"https:\/\/cheminsplestinais.dcea.fr\/wp-content\/uploads\/2023\/04\/Anniversaire-Francois-1.jpg\" alt=\"\" class=\"wp-image-9706\" srcset=\"https:\/\/cheminsplestinais.dcea.fr\/wp-content\/uploads\/2023\/04\/Anniversaire-Francois-1.jpg 750w, https:\/\/cheminsplestinais.dcea.fr\/wp-content\/uploads\/2023\/04\/Anniversaire-Francois-1-225x300.jpg 225w\" sizes=\"(max-width: 750px) 100vw, 750px\" \/><\/a><\/figure>\n\n\n\n<figure class=\"wp-block-image size-large is-style-default\"><a href=\"https:\/\/cheminsplestinais.dcea.fr\/wp-content\/uploads\/2023\/04\/Anniversaire-Francois-2.jpg\"><img loading=\"lazy\" decoding=\"async\" width=\"1632\" height=\"1224\" data-id=\"9707\" src=\"https:\/\/cheminsplestinais.dcea.fr\/wp-content\/uploads\/2023\/04\/Anniversaire-Francois-2.jpg\" alt=\"\" class=\"wp-image-9707\" srcset=\"https:\/\/cheminsplestinais.dcea.fr\/wp-content\/uploads\/2023\/04\/Anniversaire-Francois-2.jpg 1632w, https:\/\/cheminsplestinais.dcea.fr\/wp-content\/uploads\/2023\/04\/Anniversaire-Francois-2-300x225.jpg 300w, https:\/\/cheminsplestinais.dcea.fr\/wp-content\/uploads\/2023\/04\/Anniversaire-Francois-2-1024x768.jpg 1024w, https:\/\/cheminsplestinais.dcea.fr\/wp-content\/uploads\/2023\/04\/Anniversaire-Francois-2-768x576.jpg 768w, https:\/\/cheminsplestinais.dcea.fr\/wp-content\/uploads\/2023\/04\/Anniversaire-Francois-2-1536x1152.jpg 1536w\" sizes=\"(max-width: 1632px) 100vw, 1632px\" \/><\/a><\/figure>\n\n\n\n<figure class=\"wp-block-image size-large is-style-default\"><a href=\"https:\/\/cheminsplestinais.dcea.fr\/wp-content\/uploads\/2023\/04\/Anniversaire-Francois-3.jpg\"><img loading=\"lazy\" decoding=\"async\" width=\"1266\" height=\"600\" data-id=\"9708\" src=\"https:\/\/cheminsplestinais.dcea.fr\/wp-content\/uploads\/2023\/04\/Anniversaire-Francois-3.jpg\" alt=\"\" class=\"wp-image-9708\" srcset=\"https:\/\/cheminsplestinais.dcea.fr\/wp-content\/uploads\/2023\/04\/Anniversaire-Francois-3.jpg 1266w, https:\/\/cheminsplestinais.dcea.fr\/wp-content\/uploads\/2023\/04\/Anniversaire-Francois-3-300x142.jpg 300w, https:\/\/cheminsplestinais.dcea.fr\/wp-content\/uploads\/2023\/04\/Anniversaire-Francois-3-1024x485.jpg 1024w, https:\/\/cheminsplestinais.dcea.fr\/wp-content\/uploads\/2023\/04\/Anniversaire-Francois-3-768x364.jpg 768w\" sizes=\"(max-width: 1266px) 100vw, 1266px\" \/><\/a><\/figure>\n\n\n\n<figure class=\"wp-block-image size-large is-style-default\"><a href=\"https:\/\/cheminsplestinais.dcea.fr\/wp-content\/uploads\/2023\/04\/Anniversaire-Francois-4.jpg\"><img loading=\"lazy\" decoding=\"async\" width=\"1844\" height=\"1383\" data-id=\"9709\" src=\"https:\/\/cheminsplestinais.dcea.fr\/wp-content\/uploads\/2023\/04\/Anniversaire-Francois-4.jpg\" alt=\"\" class=\"wp-image-9709\" srcset=\"https:\/\/cheminsplestinais.dcea.fr\/wp-content\/uploads\/2023\/04\/Anniversaire-Francois-4.jpg 1844w, https:\/\/cheminsplestinais.dcea.fr\/wp-content\/uploads\/2023\/04\/Anniversaire-Francois-4-300x225.jpg 300w, https:\/\/cheminsplestinais.dcea.fr\/wp-content\/uploads\/2023\/04\/Anniversaire-Francois-4-1024x768.jpg 1024w, https:\/\/cheminsplestinais.dcea.fr\/wp-content\/uploads\/2023\/04\/Anniversaire-Francois-4-768x576.jpg 768w, https:\/\/cheminsplestinais.dcea.fr\/wp-content\/uploads\/2023\/04\/Anniversaire-Francois-4-1536x1152.jpg 1536w\" sizes=\"(max-width: 1844px) 100vw, 1844px\" \/><\/a><\/figure>\n<\/figure>\n\n\n\n<p style=\"font-size:25px\"><strong>Des nouvelles de la BIR (autrement appel\u00e9e \u00ab&nbsp;Brigade d\u2019Intervention Rapide&nbsp;\u00bb)<\/strong><\/p>\n\n\n\n<p>Notre fameuse \u00ab&nbsp;BIR&nbsp;\u00bb n\u2019a pas manqu\u00e9 d\u2019activit\u00e9 au cours de ce premier trimestre&nbsp;: les coups de vent et autres temp\u00eates ont eu raison de nombreux arbres, comme en t\u00e9moignent les clich\u00e9s pris sur nos diff\u00e9rentes boucles de randonn\u00e9e. D\u00e8s qu\u2019une chute d\u2019arbre est signal\u00e9e, elle intervient pour d\u00e9gager les sentiers, permettant aux promeneurs de les emprunter en toute qui\u00e9tude.<\/p>\n\n\n\n<figure class=\"wp-block-gallery has-nested-images columns-default is-cropped wp-block-gallery-3 is-layout-flex wp-block-gallery-is-layout-flex\">\n<figure class=\"wp-block-image size-large is-style-default\"><a href=\"https:\/\/cheminsplestinais.dcea.fr\/wp-content\/uploads\/2023\/04\/BIR-03-2023-5.jpg\"><img loading=\"lazy\" decoding=\"async\" width=\"1383\" height=\"1844\" data-id=\"9710\" src=\"https:\/\/cheminsplestinais.dcea.fr\/wp-content\/uploads\/2023\/04\/BIR-03-2023-5.jpg\" alt=\"\" class=\"wp-image-9710\" srcset=\"https:\/\/cheminsplestinais.dcea.fr\/wp-content\/uploads\/2023\/04\/BIR-03-2023-5.jpg 1383w, https:\/\/cheminsplestinais.dcea.fr\/wp-content\/uploads\/2023\/04\/BIR-03-2023-5-225x300.jpg 225w, https:\/\/cheminsplestinais.dcea.fr\/wp-content\/uploads\/2023\/04\/BIR-03-2023-5-768x1024.jpg 768w, https:\/\/cheminsplestinais.dcea.fr\/wp-content\/uploads\/2023\/04\/BIR-03-2023-5-1152x1536.jpg 1152w\" sizes=\"(max-width: 1383px) 100vw, 1383px\" \/><\/a><figcaption>Chemin du Pont Blanc<\/figcaption><\/figure>\n\n\n\n<figure class=\"wp-block-image size-large is-style-default\"><a href=\"https:\/\/cheminsplestinais.dcea.fr\/wp-content\/uploads\/2023\/04\/BIR-03-2023-6.jpg\"><img loading=\"lazy\" decoding=\"async\" width=\"1210\" height=\"1613\" data-id=\"9711\" src=\"https:\/\/cheminsplestinais.dcea.fr\/wp-content\/uploads\/2023\/04\/BIR-03-2023-6.jpg\" alt=\"\" class=\"wp-image-9711\" srcset=\"https:\/\/cheminsplestinais.dcea.fr\/wp-content\/uploads\/2023\/04\/BIR-03-2023-6.jpg 1210w, https:\/\/cheminsplestinais.dcea.fr\/wp-content\/uploads\/2023\/04\/BIR-03-2023-6-225x300.jpg 225w, https:\/\/cheminsplestinais.dcea.fr\/wp-content\/uploads\/2023\/04\/BIR-03-2023-6-768x1024.jpg 768w, https:\/\/cheminsplestinais.dcea.fr\/wp-content\/uploads\/2023\/04\/BIR-03-2023-6-1152x1536.jpg 1152w\" sizes=\"(max-width: 1210px) 100vw, 1210px\" \/><\/a><figcaption>le GR  34  vers Saint Efflam<\/figcaption><\/figure>\n\n\n\n<figure class=\"wp-block-image size-large is-style-default\"><a href=\"https:\/\/cheminsplestinais.dcea.fr\/wp-content\/uploads\/2023\/04\/BIR-03-2023-7.jpg\"><img loading=\"lazy\" decoding=\"async\" width=\"1383\" height=\"1844\" data-id=\"9712\" src=\"https:\/\/cheminsplestinais.dcea.fr\/wp-content\/uploads\/2023\/04\/BIR-03-2023-7.jpg\" alt=\"\" class=\"wp-image-9712\" srcset=\"https:\/\/cheminsplestinais.dcea.fr\/wp-content\/uploads\/2023\/04\/BIR-03-2023-7.jpg 1383w, https:\/\/cheminsplestinais.dcea.fr\/wp-content\/uploads\/2023\/04\/BIR-03-2023-7-225x300.jpg 225w, https:\/\/cheminsplestinais.dcea.fr\/wp-content\/uploads\/2023\/04\/BIR-03-2023-7-768x1024.jpg 768w, https:\/\/cheminsplestinais.dcea.fr\/wp-content\/uploads\/2023\/04\/BIR-03-2023-7-1152x1536.jpg 1152w\" sizes=\"(max-width: 1383px) 100vw, 1383px\" \/><\/a><\/figure>\n\n\n\n<figure class=\"wp-block-image size-large is-style-default\"><a href=\"https:\/\/cheminsplestinais.dcea.fr\/wp-content\/uploads\/2023\/04\/BIR-03-2023-8.jpg\"><img loading=\"lazy\" decoding=\"async\" width=\"1210\" height=\"1613\" data-id=\"9713\" src=\"https:\/\/cheminsplestinais.dcea.fr\/wp-content\/uploads\/2023\/04\/BIR-03-2023-8.jpg\" alt=\"\" class=\"wp-image-9713\" srcset=\"https:\/\/cheminsplestinais.dcea.fr\/wp-content\/uploads\/2023\/04\/BIR-03-2023-8.jpg 1210w, https:\/\/cheminsplestinais.dcea.fr\/wp-content\/uploads\/2023\/04\/BIR-03-2023-8-225x300.jpg 225w, https:\/\/cheminsplestinais.dcea.fr\/wp-content\/uploads\/2023\/04\/BIR-03-2023-8-768x1024.jpg 768w, https:\/\/cheminsplestinais.dcea.fr\/wp-content\/uploads\/2023\/04\/BIR-03-2023-8-1152x1536.jpg 1152w\" sizes=\"(max-width: 1210px) 100vw, 1210px\" \/><\/a><\/figure>\n\n\n\n<figure class=\"wp-block-image size-large is-style-default\"><a href=\"https:\/\/cheminsplestinais.dcea.fr\/wp-content\/uploads\/2023\/04\/BIR-03-2023-9-bis.jpg\"><img loading=\"lazy\" decoding=\"async\" width=\"1824\" height=\"1368\" data-id=\"9714\" src=\"https:\/\/cheminsplestinais.dcea.fr\/wp-content\/uploads\/2023\/04\/BIR-03-2023-9-bis.jpg\" alt=\"\" class=\"wp-image-9714\" srcset=\"https:\/\/cheminsplestinais.dcea.fr\/wp-content\/uploads\/2023\/04\/BIR-03-2023-9-bis.jpg 1824w, https:\/\/cheminsplestinais.dcea.fr\/wp-content\/uploads\/2023\/04\/BIR-03-2023-9-bis-300x225.jpg 300w, https:\/\/cheminsplestinais.dcea.fr\/wp-content\/uploads\/2023\/04\/BIR-03-2023-9-bis-1024x768.jpg 1024w, https:\/\/cheminsplestinais.dcea.fr\/wp-content\/uploads\/2023\/04\/BIR-03-2023-9-bis-768x576.jpg 768w, https:\/\/cheminsplestinais.dcea.fr\/wp-content\/uploads\/2023\/04\/BIR-03-2023-9-bis-1536x1152.jpg 1536w\" sizes=\"(max-width: 1824px) 100vw, 1824px\" \/><\/a><figcaption>Un \u00ab\u00a0gros morceau\u00a0\u00bb sur la boucle de Sainte Barbe<\/figcaption><\/figure>\n\n\n\n<figure class=\"wp-block-image size-large is-style-default\"><a href=\"https:\/\/cheminsplestinais.dcea.fr\/wp-content\/uploads\/2023\/04\/BIR-03-2023-9-ter-1.jpg\"><img loading=\"lazy\" decoding=\"async\" width=\"1460\" height=\"1095\" data-id=\"9715\" src=\"https:\/\/cheminsplestinais.dcea.fr\/wp-content\/uploads\/2023\/04\/BIR-03-2023-9-ter-1.jpg\" alt=\"\" class=\"wp-image-9715\" srcset=\"https:\/\/cheminsplestinais.dcea.fr\/wp-content\/uploads\/2023\/04\/BIR-03-2023-9-ter-1.jpg 1460w, https:\/\/cheminsplestinais.dcea.fr\/wp-content\/uploads\/2023\/04\/BIR-03-2023-9-ter-1-300x225.jpg 300w, https:\/\/cheminsplestinais.dcea.fr\/wp-content\/uploads\/2023\/04\/BIR-03-2023-9-ter-1-1024x768.jpg 1024w, https:\/\/cheminsplestinais.dcea.fr\/wp-content\/uploads\/2023\/04\/BIR-03-2023-9-ter-1-768x576.jpg 768w\" sizes=\"(max-width: 1460px) 100vw, 1460px\" \/><\/a><figcaption>D\u00e9gagement de la souche du gros ch\u00eane<\/figcaption><\/figure>\n\n\n\n<figure class=\"wp-block-image size-large is-style-default\"><a href=\"https:\/\/cheminsplestinais.dcea.fr\/wp-content\/uploads\/2023\/04\/BIR-03-2023-9-ter.jpg\"><img loading=\"lazy\" decoding=\"async\" width=\"1728\" height=\"2304\" data-id=\"9716\" src=\"https:\/\/cheminsplestinais.dcea.fr\/wp-content\/uploads\/2023\/04\/BIR-03-2023-9-ter.jpg\" alt=\"\" class=\"wp-image-9716\" srcset=\"https:\/\/cheminsplestinais.dcea.fr\/wp-content\/uploads\/2023\/04\/BIR-03-2023-9-ter.jpg 1728w, https:\/\/cheminsplestinais.dcea.fr\/wp-content\/uploads\/2023\/04\/BIR-03-2023-9-ter-225x300.jpg 225w, https:\/\/cheminsplestinais.dcea.fr\/wp-content\/uploads\/2023\/04\/BIR-03-2023-9-ter-768x1024.jpg 768w, https:\/\/cheminsplestinais.dcea.fr\/wp-content\/uploads\/2023\/04\/BIR-03-2023-9-ter-1152x1536.jpg 1152w, https:\/\/cheminsplestinais.dcea.fr\/wp-content\/uploads\/2023\/04\/BIR-03-2023-9-ter-1536x2048.jpg 1536w\" sizes=\"(max-width: 1728px) 100vw, 1728px\" \/><\/a><figcaption>\u00c9lagage d&rsquo;un arbre fragilis\u00e9, pour \u00e9carter tout danger.<\/figcaption><\/figure>\n\n\n\n<figure class=\"wp-block-image size-large is-style-default\"><a href=\"https:\/\/cheminsplestinais.dcea.fr\/wp-content\/uploads\/2023\/04\/DSC_0215-r-rotated.jpg\"><img loading=\"lazy\" decoding=\"async\" width=\"576\" height=\"1024\" data-id=\"9773\" src=\"https:\/\/cheminsplestinais.dcea.fr\/wp-content\/uploads\/2023\/04\/DSC_0215-r-576x1024.jpg\" alt=\"\" class=\"wp-image-9773\" srcset=\"https:\/\/cheminsplestinais.dcea.fr\/wp-content\/uploads\/2023\/04\/DSC_0215-r-576x1024.jpg 576w, https:\/\/cheminsplestinais.dcea.fr\/wp-content\/uploads\/2023\/04\/DSC_0215-r-169x300.jpg 169w, https:\/\/cheminsplestinais.dcea.fr\/wp-content\/uploads\/2023\/04\/DSC_0215-r-rotated.jpg 675w\" sizes=\"(max-width: 576px) 100vw, 576px\" \/><\/a><figcaption>Remise en place du panneau qui avait \u00e9t\u00e9 \u00e9cras\u00e9 par la chute de l&rsquo;arbre<\/figcaption><\/figure>\n\n\n\n<figure class=\"wp-block-image size-large is-style-default\"><a href=\"https:\/\/cheminsplestinais.dcea.fr\/wp-content\/uploads\/2023\/04\/BIR-03-2023-9.jpg\"><img loading=\"lazy\" decoding=\"async\" width=\"1469\" height=\"1959\" data-id=\"9717\" src=\"https:\/\/cheminsplestinais.dcea.fr\/wp-content\/uploads\/2023\/04\/BIR-03-2023-9.jpg\" alt=\"\" class=\"wp-image-9717\" srcset=\"https:\/\/cheminsplestinais.dcea.fr\/wp-content\/uploads\/2023\/04\/BIR-03-2023-9.jpg 1469w, https:\/\/cheminsplestinais.dcea.fr\/wp-content\/uploads\/2023\/04\/BIR-03-2023-9-225x300.jpg 225w, https:\/\/cheminsplestinais.dcea.fr\/wp-content\/uploads\/2023\/04\/BIR-03-2023-9-768x1024.jpg 768w, https:\/\/cheminsplestinais.dcea.fr\/wp-content\/uploads\/2023\/04\/BIR-03-2023-9-1152x1536.jpg 1152w\" sizes=\"(max-width: 1469px) 100vw, 1469px\" \/><\/a><figcaption>et voil\u00e0&#8230; un quart d&rsquo;heure chrono !<\/figcaption><\/figure>\n<\/figure>\n\n\n\n<p style=\"font-size:25px\"><strong>Nettoyage annuel sur la boucle de Saint S\u00e9bastien, \u00e0 Kozh Iliz.<\/strong><\/p>\n\n\n\n<p>La mont\u00e9e de Kozh Iliz, vers les vestiges du temple gallo-romain, n\u00e9cessite un ramassage annuel des feuilles mortes, pour \u00e9viter le comblement du foss\u00e9 et assurer le bon \u00e9coulement des eaux pluviales. La quantit\u00e9 est impressionnante, mais cela n\u2019entame pas la bonne humeur de l\u2019\u00e9quipe&nbsp;!<\/p>\n\n\n\n<figure class=\"wp-block-gallery has-nested-images columns-default is-cropped wp-block-gallery-4 is-layout-flex wp-block-gallery-is-layout-flex\">\n<figure class=\"wp-block-image size-large is-style-default\"><a href=\"https:\/\/cheminsplestinais.dcea.fr\/wp-content\/uploads\/2023\/04\/Kozh-Iliz-10-rotated.jpg\"><img loading=\"lazy\" decoding=\"async\" width=\"600\" height=\"800\" data-id=\"9718\" src=\"https:\/\/cheminsplestinais.dcea.fr\/wp-content\/uploads\/2023\/04\/Kozh-Iliz-10-rotated.jpg\" alt=\"\" class=\"wp-image-9718\" srcset=\"https:\/\/cheminsplestinais.dcea.fr\/wp-content\/uploads\/2023\/04\/Kozh-Iliz-10-rotated.jpg 600w, https:\/\/cheminsplestinais.dcea.fr\/wp-content\/uploads\/2023\/04\/Kozh-Iliz-10-225x300.jpg 225w\" sizes=\"(max-width: 600px) 100vw, 600px\" \/><\/a><\/figure>\n\n\n\n<figure class=\"wp-block-image size-large is-style-default\"><a href=\"https:\/\/cheminsplestinais.dcea.fr\/wp-content\/uploads\/2023\/04\/kozh-Iliz-11.jpg\"><img loading=\"lazy\" decoding=\"async\" width=\"800\" height=\"600\" data-id=\"9719\" src=\"https:\/\/cheminsplestinais.dcea.fr\/wp-content\/uploads\/2023\/04\/kozh-Iliz-11.jpg\" alt=\"\" class=\"wp-image-9719\" srcset=\"https:\/\/cheminsplestinais.dcea.fr\/wp-content\/uploads\/2023\/04\/kozh-Iliz-11.jpg 800w, https:\/\/cheminsplestinais.dcea.fr\/wp-content\/uploads\/2023\/04\/kozh-Iliz-11-300x225.jpg 300w, https:\/\/cheminsplestinais.dcea.fr\/wp-content\/uploads\/2023\/04\/kozh-Iliz-11-768x576.jpg 768w\" sizes=\"(max-width: 800px) 100vw, 800px\" \/><\/a><\/figure>\n\n\n\n<figure class=\"wp-block-image size-large is-style-default\"><a href=\"https:\/\/cheminsplestinais.dcea.fr\/wp-content\/uploads\/2023\/04\/Kozh-Iliz-12.jpg\"><img loading=\"lazy\" decoding=\"async\" width=\"337\" height=\"600\" data-id=\"9720\" src=\"https:\/\/cheminsplestinais.dcea.fr\/wp-content\/uploads\/2023\/04\/Kozh-Iliz-12.jpg\" alt=\"\" class=\"wp-image-9720\" srcset=\"https:\/\/cheminsplestinais.dcea.fr\/wp-content\/uploads\/2023\/04\/Kozh-Iliz-12.jpg 337w, https:\/\/cheminsplestinais.dcea.fr\/wp-content\/uploads\/2023\/04\/Kozh-Iliz-12-169x300.jpg 169w\" sizes=\"(max-width: 337px) 100vw, 337px\" \/><\/a><\/figure>\n<\/figure>\n\n\n\n<p style=\"font-size:25px\"><strong>Nettoyage de la boucle du Dour Meur.<\/strong><\/p>\n\n\n\n<p>Une \u00e9quipe \u00e0 l\u2019\u0153uvre, au niveau du Pont Blanc&nbsp;: curage du foss\u00e9, d\u00e9gagement des feuilles et branchages.<\/p>\n\n\n\n<figure class=\"wp-block-gallery has-nested-images columns-default is-cropped wp-block-gallery-5 is-layout-flex wp-block-gallery-is-layout-flex\">\n<figure class=\"wp-block-image size-large is-style-default\"><a href=\"https:\/\/cheminsplestinais.dcea.fr\/wp-content\/uploads\/2023\/04\/Pont-Blanc-03-2023-13.jpg\"><img loading=\"lazy\" decoding=\"async\" width=\"1728\" height=\"2304\" data-id=\"9721\" src=\"https:\/\/cheminsplestinais.dcea.fr\/wp-content\/uploads\/2023\/04\/Pont-Blanc-03-2023-13.jpg\" alt=\"\" class=\"wp-image-9721\" srcset=\"https:\/\/cheminsplestinais.dcea.fr\/wp-content\/uploads\/2023\/04\/Pont-Blanc-03-2023-13.jpg 1728w, https:\/\/cheminsplestinais.dcea.fr\/wp-content\/uploads\/2023\/04\/Pont-Blanc-03-2023-13-225x300.jpg 225w, https:\/\/cheminsplestinais.dcea.fr\/wp-content\/uploads\/2023\/04\/Pont-Blanc-03-2023-13-768x1024.jpg 768w, https:\/\/cheminsplestinais.dcea.fr\/wp-content\/uploads\/2023\/04\/Pont-Blanc-03-2023-13-1152x1536.jpg 1152w, https:\/\/cheminsplestinais.dcea.fr\/wp-content\/uploads\/2023\/04\/Pont-Blanc-03-2023-13-1536x2048.jpg 1536w\" sizes=\"(max-width: 1728px) 100vw, 1728px\" \/><\/a><\/figure>\n\n\n\n<figure class=\"wp-block-image size-large is-style-default\"><a href=\"https:\/\/cheminsplestinais.dcea.fr\/wp-content\/uploads\/2023\/04\/Pont-Blanc-03-2023-14.jpg\"><img loading=\"lazy\" decoding=\"async\" width=\"1728\" height=\"2304\" data-id=\"9722\" src=\"https:\/\/cheminsplestinais.dcea.fr\/wp-content\/uploads\/2023\/04\/Pont-Blanc-03-2023-14.jpg\" alt=\"\" class=\"wp-image-9722\" srcset=\"https:\/\/cheminsplestinais.dcea.fr\/wp-content\/uploads\/2023\/04\/Pont-Blanc-03-2023-14.jpg 1728w, https:\/\/cheminsplestinais.dcea.fr\/wp-content\/uploads\/2023\/04\/Pont-Blanc-03-2023-14-225x300.jpg 225w, https:\/\/cheminsplestinais.dcea.fr\/wp-content\/uploads\/2023\/04\/Pont-Blanc-03-2023-14-768x1024.jpg 768w, https:\/\/cheminsplestinais.dcea.fr\/wp-content\/uploads\/2023\/04\/Pont-Blanc-03-2023-14-1152x1536.jpg 1152w, https:\/\/cheminsplestinais.dcea.fr\/wp-content\/uploads\/2023\/04\/Pont-Blanc-03-2023-14-1536x2048.jpg 1536w\" sizes=\"(max-width: 1728px) 100vw, 1728px\" \/><\/a><\/figure>\n\n\n\n<figure class=\"wp-block-image size-large is-style-default\"><a href=\"https:\/\/cheminsplestinais.dcea.fr\/wp-content\/uploads\/2023\/04\/Pont-Blanc-03-2023-15.jpg\"><img loading=\"lazy\" decoding=\"async\" width=\"1383\" height=\"1844\" data-id=\"9723\" src=\"https:\/\/cheminsplestinais.dcea.fr\/wp-content\/uploads\/2023\/04\/Pont-Blanc-03-2023-15.jpg\" alt=\"\" class=\"wp-image-9723\" srcset=\"https:\/\/cheminsplestinais.dcea.fr\/wp-content\/uploads\/2023\/04\/Pont-Blanc-03-2023-15.jpg 1383w, https:\/\/cheminsplestinais.dcea.fr\/wp-content\/uploads\/2023\/04\/Pont-Blanc-03-2023-15-225x300.jpg 225w, https:\/\/cheminsplestinais.dcea.fr\/wp-content\/uploads\/2023\/04\/Pont-Blanc-03-2023-15-768x1024.jpg 768w, https:\/\/cheminsplestinais.dcea.fr\/wp-content\/uploads\/2023\/04\/Pont-Blanc-03-2023-15-1152x1536.jpg 1152w\" sizes=\"(max-width: 1383px) 100vw, 1383px\" \/><\/a><\/figure>\n\n\n\n<figure class=\"wp-block-image size-large is-style-default\"><a href=\"https:\/\/cheminsplestinais.dcea.fr\/wp-content\/uploads\/2023\/04\/Pont-Blanc-03-2023-16.jpg\"><img loading=\"lazy\" decoding=\"async\" width=\"1728\" height=\"2304\" data-id=\"9724\" src=\"https:\/\/cheminsplestinais.dcea.fr\/wp-content\/uploads\/2023\/04\/Pont-Blanc-03-2023-16.jpg\" alt=\"\" class=\"wp-image-9724\" srcset=\"https:\/\/cheminsplestinais.dcea.fr\/wp-content\/uploads\/2023\/04\/Pont-Blanc-03-2023-16.jpg 1728w, https:\/\/cheminsplestinais.dcea.fr\/wp-content\/uploads\/2023\/04\/Pont-Blanc-03-2023-16-225x300.jpg 225w, https:\/\/cheminsplestinais.dcea.fr\/wp-content\/uploads\/2023\/04\/Pont-Blanc-03-2023-16-768x1024.jpg 768w, https:\/\/cheminsplestinais.dcea.fr\/wp-content\/uploads\/2023\/04\/Pont-Blanc-03-2023-16-1152x1536.jpg 1152w, https:\/\/cheminsplestinais.dcea.fr\/wp-content\/uploads\/2023\/04\/Pont-Blanc-03-2023-16-1536x2048.jpg 1536w\" sizes=\"(max-width: 1728px) 100vw, 1728px\" \/><\/a><\/figure>\n<\/figure>\n\n\n\n<p style=\"font-size:25px\"><strong>Boucle de Saint Haran&nbsp;: nettoyage du site de la fontaine et installation de billots de bois.<\/strong><\/p>\n\n\n\n<figure class=\"wp-block-gallery has-nested-images columns-default is-cropped wp-block-gallery-6 is-layout-flex wp-block-gallery-is-layout-flex\">\n<figure class=\"wp-block-image size-large is-style-default\"><a href=\"https:\/\/cheminsplestinais.dcea.fr\/wp-content\/uploads\/2023\/04\/St-Haran-17.jpg\"><img loading=\"lazy\" decoding=\"async\" width=\"1200\" height=\"568\" data-id=\"9725\" src=\"https:\/\/cheminsplestinais.dcea.fr\/wp-content\/uploads\/2023\/04\/St-Haran-17.jpg\" alt=\"\" class=\"wp-image-9725\" srcset=\"https:\/\/cheminsplestinais.dcea.fr\/wp-content\/uploads\/2023\/04\/St-Haran-17.jpg 1200w, https:\/\/cheminsplestinais.dcea.fr\/wp-content\/uploads\/2023\/04\/St-Haran-17-300x142.jpg 300w, https:\/\/cheminsplestinais.dcea.fr\/wp-content\/uploads\/2023\/04\/St-Haran-17-1024x485.jpg 1024w, https:\/\/cheminsplestinais.dcea.fr\/wp-content\/uploads\/2023\/04\/St-Haran-17-768x364.jpg 768w\" sizes=\"(max-width: 1200px) 100vw, 1200px\" \/><\/a><figcaption>Une \u00e9quipe assure une grande toilette d&rsquo;hiver sur le site de la fontaine<\/figcaption><\/figure>\n\n\n\n<figure class=\"wp-block-image size-large is-style-default\"><a href=\"https:\/\/cheminsplestinais.dcea.fr\/wp-content\/uploads\/2023\/04\/St-Haran-18.jpg\"><img loading=\"lazy\" decoding=\"async\" width=\"1200\" height=\"569\" data-id=\"9726\" src=\"https:\/\/cheminsplestinais.dcea.fr\/wp-content\/uploads\/2023\/04\/St-Haran-18.jpg\" alt=\"\" class=\"wp-image-9726\" srcset=\"https:\/\/cheminsplestinais.dcea.fr\/wp-content\/uploads\/2023\/04\/St-Haran-18.jpg 1200w, https:\/\/cheminsplestinais.dcea.fr\/wp-content\/uploads\/2023\/04\/St-Haran-18-300x142.jpg 300w, https:\/\/cheminsplestinais.dcea.fr\/wp-content\/uploads\/2023\/04\/St-Haran-18-1024x486.jpg 1024w, https:\/\/cheminsplestinais.dcea.fr\/wp-content\/uploads\/2023\/04\/St-Haran-18-768x364.jpg 768w\" sizes=\"(max-width: 1200px) 100vw, 1200px\" \/><\/a><\/figure>\n\n\n\n<figure class=\"wp-block-image size-large is-style-default\"><a href=\"https:\/\/cheminsplestinais.dcea.fr\/wp-content\/uploads\/2023\/04\/St-Haran-19.jpg\"><img loading=\"lazy\" decoding=\"async\" width=\"1200\" height=\"569\" data-id=\"9727\" src=\"https:\/\/cheminsplestinais.dcea.fr\/wp-content\/uploads\/2023\/04\/St-Haran-19.jpg\" alt=\"\" class=\"wp-image-9727\" srcset=\"https:\/\/cheminsplestinais.dcea.fr\/wp-content\/uploads\/2023\/04\/St-Haran-19.jpg 1200w, https:\/\/cheminsplestinais.dcea.fr\/wp-content\/uploads\/2023\/04\/St-Haran-19-300x142.jpg 300w, https:\/\/cheminsplestinais.dcea.fr\/wp-content\/uploads\/2023\/04\/St-Haran-19-1024x486.jpg 1024w, https:\/\/cheminsplestinais.dcea.fr\/wp-content\/uploads\/2023\/04\/St-Haran-19-768x364.jpg 768w\" sizes=\"(max-width: 1200px) 100vw, 1200px\" \/><\/a><figcaption>La gel\u00e9e matinale contribue \u00e0 accentuer \u00e0 beaut\u00e9 du site.<\/figcaption><\/figure>\n<\/figure>\n\n\n\n<figure class=\"wp-block-gallery has-nested-images columns-default is-cropped wp-block-gallery-7 is-layout-flex wp-block-gallery-is-layout-flex\">\n<figure class=\"wp-block-image size-large is-style-default\"><a href=\"https:\/\/cheminsplestinais.dcea.fr\/wp-content\/uploads\/2023\/04\/St-Haran-20.jpg\"><img loading=\"lazy\" decoding=\"async\" width=\"1200\" height=\"568\" data-id=\"9728\" src=\"https:\/\/cheminsplestinais.dcea.fr\/wp-content\/uploads\/2023\/04\/St-Haran-20.jpg\" alt=\"\" class=\"wp-image-9728\" srcset=\"https:\/\/cheminsplestinais.dcea.fr\/wp-content\/uploads\/2023\/04\/St-Haran-20.jpg 1200w, https:\/\/cheminsplestinais.dcea.fr\/wp-content\/uploads\/2023\/04\/St-Haran-20-300x142.jpg 300w, https:\/\/cheminsplestinais.dcea.fr\/wp-content\/uploads\/2023\/04\/St-Haran-20-1024x485.jpg 1024w, https:\/\/cheminsplestinais.dcea.fr\/wp-content\/uploads\/2023\/04\/St-Haran-20-768x364.jpg 768w\" sizes=\"(max-width: 1200px) 100vw, 1200px\" \/><\/a><figcaption>Une autre \u00e9quipe s&#8217;emploie \u00e0 positionner de gros rondins non loin du \u00ab\u00a0col de Saint Haran\u00a0\u00bb (qui culmine, rappelons-le, \u00e0 24 m), pour permettre aux promeneurs de se reposer en observant le Douron et la faune qui y s\u00e9journe en toute tranquillit\u00e9.<\/figcaption><\/figure>\n\n\n\n<figure class=\"wp-block-image size-large is-style-default\"><a href=\"https:\/\/cheminsplestinais.dcea.fr\/wp-content\/uploads\/2023\/04\/St-Haran-21.jpg\"><img loading=\"lazy\" decoding=\"async\" width=\"1728\" height=\"2304\" data-id=\"9729\" src=\"https:\/\/cheminsplestinais.dcea.fr\/wp-content\/uploads\/2023\/04\/St-Haran-21.jpg\" alt=\"\" class=\"wp-image-9729\" srcset=\"https:\/\/cheminsplestinais.dcea.fr\/wp-content\/uploads\/2023\/04\/St-Haran-21.jpg 1728w, https:\/\/cheminsplestinais.dcea.fr\/wp-content\/uploads\/2023\/04\/St-Haran-21-225x300.jpg 225w, https:\/\/cheminsplestinais.dcea.fr\/wp-content\/uploads\/2023\/04\/St-Haran-21-768x1024.jpg 768w, https:\/\/cheminsplestinais.dcea.fr\/wp-content\/uploads\/2023\/04\/St-Haran-21-1152x1536.jpg 1152w, https:\/\/cheminsplestinais.dcea.fr\/wp-content\/uploads\/2023\/04\/St-Haran-21-1536x2048.jpg 1536w\" sizes=\"(max-width: 1728px) 100vw, 1728px\" \/><\/a><figcaption>encore un effort&#8230; on y est presque !<\/figcaption><\/figure>\n\n\n\n<figure class=\"wp-block-image size-large is-style-default\"><a href=\"https:\/\/cheminsplestinais.dcea.fr\/wp-content\/uploads\/2023\/04\/St-Haran-22.jpg\"><img loading=\"lazy\" decoding=\"async\" width=\"1600\" height=\"758\" data-id=\"9730\" src=\"https:\/\/cheminsplestinais.dcea.fr\/wp-content\/uploads\/2023\/04\/St-Haran-22.jpg\" alt=\"\" class=\"wp-image-9730\" srcset=\"https:\/\/cheminsplestinais.dcea.fr\/wp-content\/uploads\/2023\/04\/St-Haran-22.jpg 1600w, https:\/\/cheminsplestinais.dcea.fr\/wp-content\/uploads\/2023\/04\/St-Haran-22-300x142.jpg 300w, https:\/\/cheminsplestinais.dcea.fr\/wp-content\/uploads\/2023\/04\/St-Haran-22-1024x485.jpg 1024w, https:\/\/cheminsplestinais.dcea.fr\/wp-content\/uploads\/2023\/04\/St-Haran-22-768x364.jpg 768w, https:\/\/cheminsplestinais.dcea.fr\/wp-content\/uploads\/2023\/04\/St-Haran-22-1536x728.jpg 1536w\" sizes=\"(max-width: 1600px) 100vw, 1600px\" \/><\/a><figcaption>il faut solidariser les rondins, pour r\u00e9aliser une assise correcte.<\/figcaption><\/figure>\n\n\n\n<figure class=\"wp-block-image size-large is-style-default\"><a href=\"https:\/\/cheminsplestinais.dcea.fr\/wp-content\/uploads\/2023\/04\/St-Haran-23.jpg\"><img loading=\"lazy\" decoding=\"async\" width=\"1600\" height=\"758\" data-id=\"9731\" src=\"https:\/\/cheminsplestinais.dcea.fr\/wp-content\/uploads\/2023\/04\/St-Haran-23.jpg\" alt=\"\" class=\"wp-image-9731\" srcset=\"https:\/\/cheminsplestinais.dcea.fr\/wp-content\/uploads\/2023\/04\/St-Haran-23.jpg 1600w, https:\/\/cheminsplestinais.dcea.fr\/wp-content\/uploads\/2023\/04\/St-Haran-23-300x142.jpg 300w, https:\/\/cheminsplestinais.dcea.fr\/wp-content\/uploads\/2023\/04\/St-Haran-23-1024x485.jpg 1024w, https:\/\/cheminsplestinais.dcea.fr\/wp-content\/uploads\/2023\/04\/St-Haran-23-768x364.jpg 768w, https:\/\/cheminsplestinais.dcea.fr\/wp-content\/uploads\/2023\/04\/St-Haran-23-1536x728.jpg 1536w\" sizes=\"(max-width: 1600px) 100vw, 1600px\" \/><\/a><\/figure>\n\n\n\n<figure class=\"wp-block-image size-large is-style-default\"><a href=\"https:\/\/cheminsplestinais.dcea.fr\/wp-content\/uploads\/2023\/04\/St-Haran-24.jpg\"><img loading=\"lazy\" decoding=\"async\" width=\"758\" height=\"1600\" data-id=\"9732\" src=\"https:\/\/cheminsplestinais.dcea.fr\/wp-content\/uploads\/2023\/04\/St-Haran-24.jpg\" alt=\"\" class=\"wp-image-9732\" srcset=\"https:\/\/cheminsplestinais.dcea.fr\/wp-content\/uploads\/2023\/04\/St-Haran-24.jpg 758w, https:\/\/cheminsplestinais.dcea.fr\/wp-content\/uploads\/2023\/04\/St-Haran-24-142x300.jpg 142w, https:\/\/cheminsplestinais.dcea.fr\/wp-content\/uploads\/2023\/04\/St-Haran-24-485x1024.jpg 485w, https:\/\/cheminsplestinais.dcea.fr\/wp-content\/uploads\/2023\/04\/St-Haran-24-728x1536.jpg 728w\" sizes=\"(max-width: 758px) 100vw, 758px\" \/><\/a><figcaption>&#8230; et voil\u00e0 : de quoi satisfaire le besoin de pause des  promeneurs<\/figcaption><\/figure>\n\n\n\n<figure class=\"wp-block-image size-large is-style-default\"><a href=\"https:\/\/cheminsplestinais.dcea.fr\/wp-content\/uploads\/2023\/04\/DSC_0216-r-rotated.jpg\"><img loading=\"lazy\" decoding=\"async\" width=\"576\" height=\"1024\" data-id=\"9775\" src=\"https:\/\/cheminsplestinais.dcea.fr\/wp-content\/uploads\/2023\/04\/DSC_0216-r-576x1024.jpg\" alt=\"\" class=\"wp-image-9775\" srcset=\"https:\/\/cheminsplestinais.dcea.fr\/wp-content\/uploads\/2023\/04\/DSC_0216-r-576x1024.jpg 576w, https:\/\/cheminsplestinais.dcea.fr\/wp-content\/uploads\/2023\/04\/DSC_0216-r-169x300.jpg 169w, https:\/\/cheminsplestinais.dcea.fr\/wp-content\/uploads\/2023\/04\/DSC_0216-r-rotated.jpg 675w\" sizes=\"(max-width: 576px) 100vw, 576px\" \/><\/a><figcaption> \u00e0 condition de bien les informer !<\/figcaption><\/figure>\n<\/figure>\n\n\n\n<p class=\"has-large-font-size\"><strong>Ouverture de deux nouveaux chantiers&nbsp;:<\/strong><\/p>\n\n\n\n<p>Toujours soucieuse d\u2019offrir aux randonneurs de nouvelles opportunit\u00e9s de promenade, l\u2019association a ouvert en ce d\u00e9but d\u2019ann\u00e9e deux nouveaux chantiers&nbsp;:<\/p>\n\n\n\n<p><strong>Pors Mellec&nbsp;:<\/strong><\/p>\n\n\n\n<p>Pour les randonneurs partant des hauteurs de Pors Mellec vers le GR 34, un &nbsp;itin\u00e9raire p\u00e9destre permettant d\u2019\u00e9viter le bitume sera bient\u00f4t accessible.<\/p>\n\n\n\n<figure class=\"wp-block-gallery has-nested-images columns-default is-cropped wp-block-gallery-8 is-layout-flex wp-block-gallery-is-layout-flex\">\n<figure class=\"wp-block-image size-large is-style-default\"><a href=\"https:\/\/cheminsplestinais.dcea.fr\/wp-content\/uploads\/2023\/04\/T-Pors-Mellec-25.jpg\"><img loading=\"lazy\" decoding=\"async\" width=\"1383\" height=\"1844\" data-id=\"9733\" src=\"https:\/\/cheminsplestinais.dcea.fr\/wp-content\/uploads\/2023\/04\/T-Pors-Mellec-25.jpg\" alt=\"\" class=\"wp-image-9733\" srcset=\"https:\/\/cheminsplestinais.dcea.fr\/wp-content\/uploads\/2023\/04\/T-Pors-Mellec-25.jpg 1383w, https:\/\/cheminsplestinais.dcea.fr\/wp-content\/uploads\/2023\/04\/T-Pors-Mellec-25-225x300.jpg 225w, https:\/\/cheminsplestinais.dcea.fr\/wp-content\/uploads\/2023\/04\/T-Pors-Mellec-25-768x1024.jpg 768w, https:\/\/cheminsplestinais.dcea.fr\/wp-content\/uploads\/2023\/04\/T-Pors-Mellec-25-1152x1536.jpg 1152w\" sizes=\"(max-width: 1383px) 100vw, 1383px\" \/><\/a><figcaption>Cette d\u00e9rivation, relativement courte, permettra de garer les v\u00e9hicules avant la descente vers le GR 34. Elle aboutit \u00e0 la fontaine situ\u00e9e au-dessus de la plage. Son ouverture est pr\u00e9vue d\u2019ici l\u2019\u00e9t\u00e9.<\/figcaption><\/figure>\n\n\n\n<figure class=\"wp-block-image size-large is-style-default\"><a href=\"https:\/\/cheminsplestinais.dcea.fr\/wp-content\/uploads\/2023\/04\/T-Pors-Mellec-26.jpg\"><img loading=\"lazy\" decoding=\"async\" width=\"1383\" height=\"1844\" data-id=\"9734\" src=\"https:\/\/cheminsplestinais.dcea.fr\/wp-content\/uploads\/2023\/04\/T-Pors-Mellec-26.jpg\" alt=\"\" class=\"wp-image-9734\" srcset=\"https:\/\/cheminsplestinais.dcea.fr\/wp-content\/uploads\/2023\/04\/T-Pors-Mellec-26.jpg 1383w, https:\/\/cheminsplestinais.dcea.fr\/wp-content\/uploads\/2023\/04\/T-Pors-Mellec-26-225x300.jpg 225w, https:\/\/cheminsplestinais.dcea.fr\/wp-content\/uploads\/2023\/04\/T-Pors-Mellec-26-768x1024.jpg 768w, https:\/\/cheminsplestinais.dcea.fr\/wp-content\/uploads\/2023\/04\/T-Pors-Mellec-26-1152x1536.jpg 1152w\" sizes=\"(max-width: 1383px) 100vw, 1383px\" \/><\/a><figcaption>des gal\u00e9riens s\u2019emploient \u00e0 d\u00e9broussailler les lieux, encore bien encombr\u00e9s&nbsp;!<\/figcaption><\/figure>\n\n\n\n<figure class=\"wp-block-image size-large is-style-default\"><a href=\"https:\/\/cheminsplestinais.dcea.fr\/wp-content\/uploads\/2023\/04\/T-Pors-Mellec-27.jpg\"><img loading=\"lazy\" decoding=\"async\" width=\"1383\" height=\"1844\" data-id=\"9735\" src=\"https:\/\/cheminsplestinais.dcea.fr\/wp-content\/uploads\/2023\/04\/T-Pors-Mellec-27.jpg\" alt=\"\" class=\"wp-image-9735\" srcset=\"https:\/\/cheminsplestinais.dcea.fr\/wp-content\/uploads\/2023\/04\/T-Pors-Mellec-27.jpg 1383w, https:\/\/cheminsplestinais.dcea.fr\/wp-content\/uploads\/2023\/04\/T-Pors-Mellec-27-225x300.jpg 225w, https:\/\/cheminsplestinais.dcea.fr\/wp-content\/uploads\/2023\/04\/T-Pors-Mellec-27-768x1024.jpg 768w, https:\/\/cheminsplestinais.dcea.fr\/wp-content\/uploads\/2023\/04\/T-Pors-Mellec-27-1152x1536.jpg 1152w\" sizes=\"(max-width: 1383px) 100vw, 1383px\" \/><\/a><figcaption>Quelques marches ont \u00e9t\u00e9 r\u00e9alis\u00e9es avec les pierres trouv\u00e9es sur le site. Yves les a \u00e9prouv\u00e9es&nbsp;: nous sommes sur la bonne voie.<\/figcaption><\/figure>\n<\/figure>\n\n\n\n<p><strong>Locrenan&nbsp;:<\/strong><\/p>\n\n\n\n<p>C\u2019est le second \u00ab&nbsp;grand chantier&nbsp;\u00bb de ce d\u00e9but d\u2019ann\u00e9e&nbsp;: ce nouveau tron\u00e7on, d\u2019environ 1 km, permettra de joindre le site de Run Glas \u00e0 Poulou Du, en direction de Plestin.<\/p>\n\n\n\n<figure class=\"wp-block-gallery has-nested-images columns-default is-cropped wp-block-gallery-9 is-layout-flex wp-block-gallery-is-layout-flex\">\n<figure class=\"wp-block-image size-large is-style-default\"><a href=\"https:\/\/cheminsplestinais.dcea.fr\/wp-content\/uploads\/2023\/04\/V-Locrenan-28.jpg\"><img loading=\"lazy\" decoding=\"async\" width=\"1280\" height=\"721\" data-id=\"9736\" src=\"https:\/\/cheminsplestinais.dcea.fr\/wp-content\/uploads\/2023\/04\/V-Locrenan-28.jpg\" alt=\"\" class=\"wp-image-9736\" srcset=\"https:\/\/cheminsplestinais.dcea.fr\/wp-content\/uploads\/2023\/04\/V-Locrenan-28.jpg 1280w, https:\/\/cheminsplestinais.dcea.fr\/wp-content\/uploads\/2023\/04\/V-Locrenan-28-300x169.jpg 300w, https:\/\/cheminsplestinais.dcea.fr\/wp-content\/uploads\/2023\/04\/V-Locrenan-28-1024x577.jpg 1024w, https:\/\/cheminsplestinais.dcea.fr\/wp-content\/uploads\/2023\/04\/V-Locrenan-28-768x433.jpg 768w\" sizes=\"(max-width: 1280px) 100vw, 1280px\" \/><\/a><\/figure>\n\n\n\n<figure class=\"wp-block-image size-large is-style-default\"><a href=\"https:\/\/cheminsplestinais.dcea.fr\/wp-content\/uploads\/2023\/04\/V-Locrenan-29.jpg\"><img loading=\"lazy\" decoding=\"async\" width=\"1280\" height=\"721\" data-id=\"9737\" src=\"https:\/\/cheminsplestinais.dcea.fr\/wp-content\/uploads\/2023\/04\/V-Locrenan-29.jpg\" alt=\"\" class=\"wp-image-9737\" srcset=\"https:\/\/cheminsplestinais.dcea.fr\/wp-content\/uploads\/2023\/04\/V-Locrenan-29.jpg 1280w, https:\/\/cheminsplestinais.dcea.fr\/wp-content\/uploads\/2023\/04\/V-Locrenan-29-300x169.jpg 300w, https:\/\/cheminsplestinais.dcea.fr\/wp-content\/uploads\/2023\/04\/V-Locrenan-29-1024x577.jpg 1024w, https:\/\/cheminsplestinais.dcea.fr\/wp-content\/uploads\/2023\/04\/V-Locrenan-29-768x433.jpg 768w\" sizes=\"(max-width: 1280px) 100vw, 1280px\" \/><\/a><figcaption> A en juger par la mine dubitative des membres de l\u2019\u00e9quipe, la t\u00e2che s\u2019annonce ardue&nbsp;: \u00ab&nbsp;on y va ou on  n\u2019y va pas&nbsp;\u00bb&nbsp;?<\/figcaption><\/figure>\n\n\n\n<figure class=\"wp-block-image size-large is-style-default\"><a href=\"https:\/\/cheminsplestinais.dcea.fr\/wp-content\/uploads\/2023\/04\/V-Locrenan-30.jpg\"><img loading=\"lazy\" decoding=\"async\" width=\"1280\" height=\"721\" data-id=\"9738\" src=\"https:\/\/cheminsplestinais.dcea.fr\/wp-content\/uploads\/2023\/04\/V-Locrenan-30.jpg\" alt=\"\" class=\"wp-image-9738\" srcset=\"https:\/\/cheminsplestinais.dcea.fr\/wp-content\/uploads\/2023\/04\/V-Locrenan-30.jpg 1280w, https:\/\/cheminsplestinais.dcea.fr\/wp-content\/uploads\/2023\/04\/V-Locrenan-30-300x169.jpg 300w, https:\/\/cheminsplestinais.dcea.fr\/wp-content\/uploads\/2023\/04\/V-Locrenan-30-1024x577.jpg 1024w, https:\/\/cheminsplestinais.dcea.fr\/wp-content\/uploads\/2023\/04\/V-Locrenan-30-768x433.jpg 768w\" sizes=\"(max-width: 1280px) 100vw, 1280px\" \/><\/a><figcaption>Par contre, cela n\u2019a pas du tout l\u2019air d\u2019impressionner Malou, qui s\u2019appr\u00eate \u00e0 \u00ab&nbsp;jouer de la faucille&nbsp;\u00bb.  Alors messieurs, on h\u00e9site&nbsp;?<\/figcaption><\/figure>\n\n\n\n<figure class=\"wp-block-image size-large is-style-default\"><a href=\"https:\/\/cheminsplestinais.dcea.fr\/wp-content\/uploads\/2023\/04\/V-Locrenan-31.jpg\"><img loading=\"lazy\" decoding=\"async\" width=\"800\" height=\"600\" data-id=\"9739\" src=\"https:\/\/cheminsplestinais.dcea.fr\/wp-content\/uploads\/2023\/04\/V-Locrenan-31.jpg\" alt=\"\" class=\"wp-image-9739\" srcset=\"https:\/\/cheminsplestinais.dcea.fr\/wp-content\/uploads\/2023\/04\/V-Locrenan-31.jpg 800w, https:\/\/cheminsplestinais.dcea.fr\/wp-content\/uploads\/2023\/04\/V-Locrenan-31-300x225.jpg 300w, https:\/\/cheminsplestinais.dcea.fr\/wp-content\/uploads\/2023\/04\/V-Locrenan-31-768x576.jpg 768w\" sizes=\"(max-width: 800px) 100vw, 800px\" \/><\/a><figcaption>Finalement, tout le monde s\u2019y met&#8230;Il faut dire que cette nouvelle ouverture de sentier n\u2019\u00e9chappe  pas \u00e0 la r\u00e8gle&nbsp;: les broussailles ont largement pris possession des lieux&nbsp;!<\/figcaption><\/figure>\n\n\n\n<figure class=\"wp-block-image size-large is-style-default\"><a href=\"https:\/\/cheminsplestinais.dcea.fr\/wp-content\/uploads\/2023\/04\/V-Locrenan-32.jpg\"><img loading=\"lazy\" decoding=\"async\" width=\"1280\" height=\"721\" data-id=\"9740\" src=\"https:\/\/cheminsplestinais.dcea.fr\/wp-content\/uploads\/2023\/04\/V-Locrenan-32.jpg\" alt=\"\" class=\"wp-image-9740\" srcset=\"https:\/\/cheminsplestinais.dcea.fr\/wp-content\/uploads\/2023\/04\/V-Locrenan-32.jpg 1280w, https:\/\/cheminsplestinais.dcea.fr\/wp-content\/uploads\/2023\/04\/V-Locrenan-32-300x169.jpg 300w, https:\/\/cheminsplestinais.dcea.fr\/wp-content\/uploads\/2023\/04\/V-Locrenan-32-1024x577.jpg 1024w, https:\/\/cheminsplestinais.dcea.fr\/wp-content\/uploads\/2023\/04\/V-Locrenan-32-768x433.jpg 768w\" sizes=\"(max-width: 1280px) 100vw, 1280px\" \/><\/a><\/figure>\n\n\n\n<figure class=\"wp-block-image size-large is-style-default\"><a href=\"https:\/\/cheminsplestinais.dcea.fr\/wp-content\/uploads\/2023\/04\/V-Locrenan-33.jpg\"><img loading=\"lazy\" decoding=\"async\" width=\"1280\" height=\"721\" data-id=\"9741\" src=\"https:\/\/cheminsplestinais.dcea.fr\/wp-content\/uploads\/2023\/04\/V-Locrenan-33.jpg\" alt=\"\" class=\"wp-image-9741\" srcset=\"https:\/\/cheminsplestinais.dcea.fr\/wp-content\/uploads\/2023\/04\/V-Locrenan-33.jpg 1280w, https:\/\/cheminsplestinais.dcea.fr\/wp-content\/uploads\/2023\/04\/V-Locrenan-33-300x169.jpg 300w, https:\/\/cheminsplestinais.dcea.fr\/wp-content\/uploads\/2023\/04\/V-Locrenan-33-1024x577.jpg 1024w, https:\/\/cheminsplestinais.dcea.fr\/wp-content\/uploads\/2023\/04\/V-Locrenan-33-768x433.jpg 768w\" sizes=\"(max-width: 1280px) 100vw, 1280px\" \/><\/a><figcaption>Mais rien n\u2019arr\u00eate les \u00ab&nbsp;Chemins&nbsp;\u00bb d\u00e9termin\u00e9s, et bient\u00f4t appara\u00eet une \u00e9bauche de sentier plut\u00f4t prometteuse.<\/figcaption><\/figure>\n\n\n\n<figure class=\"wp-block-image size-large is-style-default\"><a href=\"https:\/\/cheminsplestinais.dcea.fr\/wp-content\/uploads\/2023\/04\/V-Locrenan-34.jpg\"><img loading=\"lazy\" decoding=\"async\" width=\"1280\" height=\"721\" data-id=\"9742\" src=\"https:\/\/cheminsplestinais.dcea.fr\/wp-content\/uploads\/2023\/04\/V-Locrenan-34.jpg\" alt=\"\" class=\"wp-image-9742\" srcset=\"https:\/\/cheminsplestinais.dcea.fr\/wp-content\/uploads\/2023\/04\/V-Locrenan-34.jpg 1280w, https:\/\/cheminsplestinais.dcea.fr\/wp-content\/uploads\/2023\/04\/V-Locrenan-34-300x169.jpg 300w, https:\/\/cheminsplestinais.dcea.fr\/wp-content\/uploads\/2023\/04\/V-Locrenan-34-1024x577.jpg 1024w, https:\/\/cheminsplestinais.dcea.fr\/wp-content\/uploads\/2023\/04\/V-Locrenan-34-768x433.jpg 768w\" sizes=\"(max-width: 1280px) 100vw, 1280px\" \/><\/a><\/figure>\n\n\n\n<figure class=\"wp-block-image size-large is-style-default\"><a href=\"https:\/\/cheminsplestinais.dcea.fr\/wp-content\/uploads\/2023\/04\/V-Locrenan-35.jpg\"><img loading=\"lazy\" decoding=\"async\" width=\"1210\" height=\"1613\" data-id=\"9743\" src=\"https:\/\/cheminsplestinais.dcea.fr\/wp-content\/uploads\/2023\/04\/V-Locrenan-35.jpg\" alt=\"\" class=\"wp-image-9743\" srcset=\"https:\/\/cheminsplestinais.dcea.fr\/wp-content\/uploads\/2023\/04\/V-Locrenan-35.jpg 1210w, https:\/\/cheminsplestinais.dcea.fr\/wp-content\/uploads\/2023\/04\/V-Locrenan-35-225x300.jpg 225w, https:\/\/cheminsplestinais.dcea.fr\/wp-content\/uploads\/2023\/04\/V-Locrenan-35-768x1024.jpg 768w, https:\/\/cheminsplestinais.dcea.fr\/wp-content\/uploads\/2023\/04\/V-Locrenan-35-1152x1536.jpg 1152w\" sizes=\"(max-width: 1210px) 100vw, 1210px\" \/><\/a><figcaption>Surprise sur le talus bordant le sentier&nbsp;: ce ch\u00eane et ce h\u00eatre constituent des fr\u00e8res  siamois pour le moins  inattendus.<\/figcaption><\/figure>\n\n\n\n<figure class=\"wp-block-image size-large is-style-default\"><a href=\"https:\/\/cheminsplestinais.dcea.fr\/wp-content\/uploads\/2023\/04\/V-Locrenan-36.jpg\"><img loading=\"lazy\" decoding=\"async\" width=\"1210\" height=\"1613\" data-id=\"9744\" src=\"https:\/\/cheminsplestinais.dcea.fr\/wp-content\/uploads\/2023\/04\/V-Locrenan-36.jpg\" alt=\"\" class=\"wp-image-9744\" srcset=\"https:\/\/cheminsplestinais.dcea.fr\/wp-content\/uploads\/2023\/04\/V-Locrenan-36.jpg 1210w, https:\/\/cheminsplestinais.dcea.fr\/wp-content\/uploads\/2023\/04\/V-Locrenan-36-225x300.jpg 225w, https:\/\/cheminsplestinais.dcea.fr\/wp-content\/uploads\/2023\/04\/V-Locrenan-36-768x1024.jpg 768w, https:\/\/cheminsplestinais.dcea.fr\/wp-content\/uploads\/2023\/04\/V-Locrenan-36-1152x1536.jpg 1152w\" sizes=\"(max-width: 1210px) 100vw, 1210px\" \/><\/a><figcaption>Cette vieille souche s\u2019av\u00e8re bien encombrante&#8230;et plut\u00f4t lourde&nbsp;!<\/figcaption><\/figure>\n\n\n\n<figure class=\"wp-block-image size-large is-style-default\"><a href=\"https:\/\/cheminsplestinais.dcea.fr\/wp-content\/uploads\/2023\/04\/V-Locrenan-37.jpg\"><img loading=\"lazy\" decoding=\"async\" width=\"1210\" height=\"1613\" data-id=\"9745\" src=\"https:\/\/cheminsplestinais.dcea.fr\/wp-content\/uploads\/2023\/04\/V-Locrenan-37.jpg\" alt=\"\" class=\"wp-image-9745\" srcset=\"https:\/\/cheminsplestinais.dcea.fr\/wp-content\/uploads\/2023\/04\/V-Locrenan-37.jpg 1210w, https:\/\/cheminsplestinais.dcea.fr\/wp-content\/uploads\/2023\/04\/V-Locrenan-37-225x300.jpg 225w, https:\/\/cheminsplestinais.dcea.fr\/wp-content\/uploads\/2023\/04\/V-Locrenan-37-768x1024.jpg 768w, https:\/\/cheminsplestinais.dcea.fr\/wp-content\/uploads\/2023\/04\/V-Locrenan-37-1152x1536.jpg 1152w\" sizes=\"(max-width: 1210px) 100vw, 1210px\" \/><\/a><figcaption>&#8230;mais plus pour longtemps: l\u2019\u00e9quipe a vite fait de lui trouver une place o\u00f9 elle ne g\u00eanera personne.<\/figcaption><\/figure>\n<\/figure>\n\n\n\n<p style=\"font-size:25px\"><strong>SURPRISES&#8230;SURPRISES<\/strong><\/p>\n\n\n\n<p>L\u2019ouverture de nouveaux chantiers nous r\u00e9serve parfois quelques surprises, pas toujours agr\u00e9ables&#8230;en t\u00e9moignent ces quelques clich\u00e9s r\u00e9alis\u00e9s sur les sites de Locrenan et Pors Mellec.<\/p>\n\n\n\n<p>Nous d\u00e9couvrons ainsi \u00e7a et l\u00e0 quelques \u00ab&nbsp;d\u00e9charges sauvages&nbsp;\u00bb dont l\u2019existence remonte la plupart du temps \u00e0 plusieurs dizaines d\u2019ann\u00e9es, \u00e0 une \u00e9poque o\u00f9 les notions de protection de la nature et de pr\u00e9servation des sites n\u2019\u00e9taient pas aussi \u00e9videntes qu\u2019aujourd\u2019hui.<\/p>\n\n\n\n<p>C\u2019est ainsi qu\u2019\u00e0 la campagne, bon nombre de chemins creux, de ruines ou d\u2019anciennes carri\u00e8res faisaient office de \u00ab&nbsp;d\u00e9charges priv\u00e9es&nbsp;\u00bb, parfois partag\u00e9es entre plusieurs habitations.<\/p>\n\n\n\n<p>L\u2019une des actions de notre association &#8211; peu connue, car plut\u00f4t discr\u00e8te &#8211; consiste donc \u00e0 \u00ab&nbsp;d\u00e9polluer&nbsp;\u00bb certains sites \u00e0 la faveur de la d\u00e9couverte de telles d\u00e9charges lors de l\u2019ouverture de nouveaux parcours de randonn\u00e9e.<\/p>\n\n\n\n<p>C\u2019est ainsi que les deux derniers chantiers nous ont permis de nettoyer les parcours de Locrenan et Pors Mellec, deux secteurs o\u00f9 la \u00ab&nbsp;p\u00eache&nbsp;\u00bb&nbsp;a \u00e9t\u00e9 particuli\u00e8rement fructueuse&nbsp;!<\/p>\n\n\n\n<figure class=\"wp-block-gallery has-nested-images columns-default is-cropped wp-block-gallery-10 is-layout-flex wp-block-gallery-is-layout-flex\">\n<figure class=\"wp-block-image size-large is-style-default\"><a href=\"https:\/\/cheminsplestinais.dcea.fr\/wp-content\/uploads\/2023\/04\/V-Surprises-38.jpg\"><img loading=\"lazy\" decoding=\"async\" width=\"577\" height=\"1024\" data-id=\"9746\" src=\"https:\/\/cheminsplestinais.dcea.fr\/wp-content\/uploads\/2023\/04\/V-Surprises-38.jpg\" alt=\"\" class=\"wp-image-9746\" srcset=\"https:\/\/cheminsplestinais.dcea.fr\/wp-content\/uploads\/2023\/04\/V-Surprises-38.jpg 577w, https:\/\/cheminsplestinais.dcea.fr\/wp-content\/uploads\/2023\/04\/V-Surprises-38-169x300.jpg 169w\" sizes=\"(max-width: 577px) 100vw, 577px\" \/><\/a><figcaption>Evacuation d\u2019une pleine remorque de b\u00e2ches en plastique sur le site de Locrenan.<\/figcaption><\/figure>\n\n\n\n<figure class=\"wp-block-image size-large is-style-default\"><a href=\"https:\/\/cheminsplestinais.dcea.fr\/wp-content\/uploads\/2023\/04\/V-Surprises-39.jpg\"><img loading=\"lazy\" decoding=\"async\" width=\"1210\" height=\"1613\" data-id=\"9747\" src=\"https:\/\/cheminsplestinais.dcea.fr\/wp-content\/uploads\/2023\/04\/V-Surprises-39.jpg\" alt=\"\" class=\"wp-image-9747\" srcset=\"https:\/\/cheminsplestinais.dcea.fr\/wp-content\/uploads\/2023\/04\/V-Surprises-39.jpg 1210w, https:\/\/cheminsplestinais.dcea.fr\/wp-content\/uploads\/2023\/04\/V-Surprises-39-225x300.jpg 225w, https:\/\/cheminsplestinais.dcea.fr\/wp-content\/uploads\/2023\/04\/V-Surprises-39-768x1024.jpg 768w, https:\/\/cheminsplestinais.dcea.fr\/wp-content\/uploads\/2023\/04\/V-Surprises-39-1152x1536.jpg 1152w\" sizes=\"(max-width: 1210px) 100vw, 1210px\" \/><\/a><\/figure>\n\n\n\n<figure class=\"wp-block-image size-large is-style-default\"><a href=\"https:\/\/cheminsplestinais.dcea.fr\/wp-content\/uploads\/2023\/04\/V-Surprises-40.jpg\"><img loading=\"lazy\" decoding=\"async\" width=\"1210\" height=\"1613\" data-id=\"9748\" src=\"https:\/\/cheminsplestinais.dcea.fr\/wp-content\/uploads\/2023\/04\/V-Surprises-40.jpg\" alt=\"\" class=\"wp-image-9748\" srcset=\"https:\/\/cheminsplestinais.dcea.fr\/wp-content\/uploads\/2023\/04\/V-Surprises-40.jpg 1210w, https:\/\/cheminsplestinais.dcea.fr\/wp-content\/uploads\/2023\/04\/V-Surprises-40-225x300.jpg 225w, https:\/\/cheminsplestinais.dcea.fr\/wp-content\/uploads\/2023\/04\/V-Surprises-40-768x1024.jpg 768w, https:\/\/cheminsplestinais.dcea.fr\/wp-content\/uploads\/2023\/04\/V-Surprises-40-1152x1536.jpg 1152w\" sizes=\"(max-width: 1210px) 100vw, 1210px\" \/><\/a><\/figure>\n\n\n\n<figure class=\"wp-block-image size-large is-style-default\"><a href=\"https:\/\/cheminsplestinais.dcea.fr\/wp-content\/uploads\/2023\/04\/V-Surprises-41.jpg\"><img loading=\"lazy\" decoding=\"async\" width=\"1210\" height=\"1613\" data-id=\"9749\" src=\"https:\/\/cheminsplestinais.dcea.fr\/wp-content\/uploads\/2023\/04\/V-Surprises-41.jpg\" alt=\"\" class=\"wp-image-9749\" srcset=\"https:\/\/cheminsplestinais.dcea.fr\/wp-content\/uploads\/2023\/04\/V-Surprises-41.jpg 1210w, https:\/\/cheminsplestinais.dcea.fr\/wp-content\/uploads\/2023\/04\/V-Surprises-41-225x300.jpg 225w, https:\/\/cheminsplestinais.dcea.fr\/wp-content\/uploads\/2023\/04\/V-Surprises-41-768x1024.jpg 768w, https:\/\/cheminsplestinais.dcea.fr\/wp-content\/uploads\/2023\/04\/V-Surprises-41-1152x1536.jpg 1152w\" sizes=\"(max-width: 1210px) 100vw, 1210px\" \/><\/a><figcaption>De nombreuses bouteilles d\u00e9couvertes sur le parcours de Pors Mellec.<\/figcaption><\/figure>\n\n\n\n<figure class=\"wp-block-image size-large is-style-default\"><a href=\"https:\/\/cheminsplestinais.dcea.fr\/wp-content\/uploads\/2023\/04\/V-Surprises-42.jpg\"><img loading=\"lazy\" decoding=\"async\" width=\"1210\" height=\"1613\" data-id=\"9750\" src=\"https:\/\/cheminsplestinais.dcea.fr\/wp-content\/uploads\/2023\/04\/V-Surprises-42.jpg\" alt=\"\" class=\"wp-image-9750\" srcset=\"https:\/\/cheminsplestinais.dcea.fr\/wp-content\/uploads\/2023\/04\/V-Surprises-42.jpg 1210w, https:\/\/cheminsplestinais.dcea.fr\/wp-content\/uploads\/2023\/04\/V-Surprises-42-225x300.jpg 225w, https:\/\/cheminsplestinais.dcea.fr\/wp-content\/uploads\/2023\/04\/V-Surprises-42-768x1024.jpg 768w, https:\/\/cheminsplestinais.dcea.fr\/wp-content\/uploads\/2023\/04\/V-Surprises-42-1152x1536.jpg 1152w\" sizes=\"(max-width: 1210px) 100vw, 1210px\" \/><\/a><figcaption>Certains auraient-ils trouv\u00e9 le grand cru de leurs r\u00eaves&nbsp;?<\/figcaption><\/figure>\n\n\n\n<figure class=\"wp-block-image size-large is-style-default\"><a href=\"https:\/\/cheminsplestinais.dcea.fr\/wp-content\/uploads\/2023\/04\/V-Surprises-43.jpg\"><img loading=\"lazy\" decoding=\"async\" width=\"1210\" height=\"1613\" data-id=\"9751\" src=\"https:\/\/cheminsplestinais.dcea.fr\/wp-content\/uploads\/2023\/04\/V-Surprises-43.jpg\" alt=\"\" class=\"wp-image-9751\" srcset=\"https:\/\/cheminsplestinais.dcea.fr\/wp-content\/uploads\/2023\/04\/V-Surprises-43.jpg 1210w, https:\/\/cheminsplestinais.dcea.fr\/wp-content\/uploads\/2023\/04\/V-Surprises-43-225x300.jpg 225w, https:\/\/cheminsplestinais.dcea.fr\/wp-content\/uploads\/2023\/04\/V-Surprises-43-768x1024.jpg 768w, https:\/\/cheminsplestinais.dcea.fr\/wp-content\/uploads\/2023\/04\/V-Surprises-43-1152x1536.jpg 1152w\" sizes=\"(max-width: 1210px) 100vw, 1210px\" \/><\/a><figcaption>L\u2019\u00e9quipe de Pors Mellec, posant devant ses \u00ab&nbsp;troph\u00e9es&nbsp;\u00bb, compos\u00e9s des mat\u00e9riaux les plus divers&nbsp;!<\/figcaption><\/figure>\n<\/figure>\n\n\n\n<p style=\"font-size:30px\"><strong>Aux \u00ab&nbsp;Chemins&nbsp;\u00bb, certains font l\u2019\u00e9cole buissonni\u00e8re&nbsp;!<\/strong><\/p>\n\n\n\n<p>Pour \u00ab&nbsp;apprendre la nature&nbsp;\u00bb, rien de tel qu\u2019une sortie sur le terrain&#8230;<\/p>\n\n\n\n<p>C\u2019est ainsi que deux groupes de l\u2019association ont b\u00e9n\u00e9fici\u00e9 d\u2019une sortie nature, les 27 mars et 3 avril, accompagn\u00e9s de Ga\u00ebl Le Fustec, conseiller en d\u00e9veloppement durable au sein de la communaut\u00e9 de communes LTC.<\/p>\n\n\n\n<p>Ces deux sorties ont permis aux participants de mieux comprendre la nature, o\u00f9 rien n\u2019est d\u00fb au hasard, de prendre le temps de poser un regard curieux sur diff\u00e9rents aspects de notre environnement, que nous cotoyons quotidiennement, mais que nous ignorons souvent&#8230;<\/p>\n\n\n\n<p>Outre la mise en \u00e9vidence de la richesse de la faune et de la flore des milieux humides que les deux groupes ont visit\u00e9s durant ces deux matin\u00e9es, Ga\u00ebl Le Fustec nous a prodigu\u00e9 de nombreux conseils \u00e0 mettre en \u0153uvre lors de nos interventions sur les sentiers de randonn\u00e9e de Plestin.<\/p>\n\n\n\n<p>Journ\u00e9es enrichissantes, par cons\u00e9quent&#8230;et initiative \u00e0 renouveler, certainement&nbsp;!<\/p>\n\n\n\n<figure class=\"wp-block-gallery has-nested-images columns-default is-cropped wp-block-gallery-11 is-layout-flex wp-block-gallery-is-layout-flex\">\n<figure class=\"wp-block-image size-large is-style-default\"><a href=\"https:\/\/cheminsplestinais.dcea.fr\/wp-content\/uploads\/2023\/04\/W-Sortie-avec-G-Le-Fustec-44.jpg\"><img loading=\"lazy\" decoding=\"async\" width=\"1383\" height=\"1844\" data-id=\"9752\" src=\"https:\/\/cheminsplestinais.dcea.fr\/wp-content\/uploads\/2023\/04\/W-Sortie-avec-G-Le-Fustec-44.jpg\" alt=\"\" class=\"wp-image-9752\" srcset=\"https:\/\/cheminsplestinais.dcea.fr\/wp-content\/uploads\/2023\/04\/W-Sortie-avec-G-Le-Fustec-44.jpg 1383w, https:\/\/cheminsplestinais.dcea.fr\/wp-content\/uploads\/2023\/04\/W-Sortie-avec-G-Le-Fustec-44-225x300.jpg 225w, https:\/\/cheminsplestinais.dcea.fr\/wp-content\/uploads\/2023\/04\/W-Sortie-avec-G-Le-Fustec-44-768x1024.jpg 768w, https:\/\/cheminsplestinais.dcea.fr\/wp-content\/uploads\/2023\/04\/W-Sortie-avec-G-Le-Fustec-44-1152x1536.jpg 1152w\" sizes=\"(max-width: 1383px) 100vw, 1383px\" \/><\/a><figcaption>C\u2019est parti pour une matin\u00e9e d\u00e9couverte&nbsp;!<\/figcaption><\/figure>\n\n\n\n<figure class=\"wp-block-image size-large is-style-default\"><a href=\"https:\/\/cheminsplestinais.dcea.fr\/wp-content\/uploads\/2023\/04\/DSC_0214-r.jpg\"><img loading=\"lazy\" decoding=\"async\" width=\"1024\" height=\"576\" data-id=\"9778\" src=\"https:\/\/cheminsplestinais.dcea.fr\/wp-content\/uploads\/2023\/04\/DSC_0214-r-1024x576.jpg\" alt=\"\" class=\"wp-image-9778\" srcset=\"https:\/\/cheminsplestinais.dcea.fr\/wp-content\/uploads\/2023\/04\/DSC_0214-r-1024x576.jpg 1024w, https:\/\/cheminsplestinais.dcea.fr\/wp-content\/uploads\/2023\/04\/DSC_0214-r-300x169.jpg 300w, https:\/\/cheminsplestinais.dcea.fr\/wp-content\/uploads\/2023\/04\/DSC_0214-r-768x432.jpg 768w, https:\/\/cheminsplestinais.dcea.fr\/wp-content\/uploads\/2023\/04\/DSC_0214-r.jpg 1200w\" sizes=\"(max-width: 1024px) 100vw, 1024px\" \/><\/a><figcaption>On commence par la fontaine Sainte-Barbe<\/figcaption><\/figure>\n\n\n\n<figure class=\"wp-block-image size-large is-style-default\"><a href=\"https:\/\/cheminsplestinais.dcea.fr\/wp-content\/uploads\/2023\/04\/W-Sortie-avec-G-Le-Fustec-45.jpg\"><img loading=\"lazy\" decoding=\"async\" width=\"1383\" height=\"1844\" data-id=\"9753\" src=\"https:\/\/cheminsplestinais.dcea.fr\/wp-content\/uploads\/2023\/04\/W-Sortie-avec-G-Le-Fustec-45.jpg\" alt=\"\" class=\"wp-image-9753\" srcset=\"https:\/\/cheminsplestinais.dcea.fr\/wp-content\/uploads\/2023\/04\/W-Sortie-avec-G-Le-Fustec-45.jpg 1383w, https:\/\/cheminsplestinais.dcea.fr\/wp-content\/uploads\/2023\/04\/W-Sortie-avec-G-Le-Fustec-45-225x300.jpg 225w, https:\/\/cheminsplestinais.dcea.fr\/wp-content\/uploads\/2023\/04\/W-Sortie-avec-G-Le-Fustec-45-768x1024.jpg 768w, https:\/\/cheminsplestinais.dcea.fr\/wp-content\/uploads\/2023\/04\/W-Sortie-avec-G-Le-Fustec-45-1152x1536.jpg 1152w\" sizes=\"(max-width: 1383px) 100vw, 1383px\" \/><\/a><figcaption>Le groupe est tr\u00e8s attentif aux explications de Ga\u00ebl Le Fustec.<\/figcaption><\/figure>\n\n\n\n<figure class=\"wp-block-image size-large is-style-default\"><a href=\"https:\/\/cheminsplestinais.dcea.fr\/wp-content\/uploads\/2023\/04\/W-Sortie-avec-G-Le-Fustec-46.jpg\"><img loading=\"lazy\" decoding=\"async\" width=\"1844\" height=\"1383\" data-id=\"9754\" src=\"https:\/\/cheminsplestinais.dcea.fr\/wp-content\/uploads\/2023\/04\/W-Sortie-avec-G-Le-Fustec-46.jpg\" alt=\"\" class=\"wp-image-9754\" srcset=\"https:\/\/cheminsplestinais.dcea.fr\/wp-content\/uploads\/2023\/04\/W-Sortie-avec-G-Le-Fustec-46.jpg 1844w, https:\/\/cheminsplestinais.dcea.fr\/wp-content\/uploads\/2023\/04\/W-Sortie-avec-G-Le-Fustec-46-300x225.jpg 300w, https:\/\/cheminsplestinais.dcea.fr\/wp-content\/uploads\/2023\/04\/W-Sortie-avec-G-Le-Fustec-46-1024x768.jpg 1024w, https:\/\/cheminsplestinais.dcea.fr\/wp-content\/uploads\/2023\/04\/W-Sortie-avec-G-Le-Fustec-46-768x576.jpg 768w, https:\/\/cheminsplestinais.dcea.fr\/wp-content\/uploads\/2023\/04\/W-Sortie-avec-G-Le-Fustec-46-1536x1152.jpg 1536w\" sizes=\"(max-width: 1844px) 100vw, 1844px\" \/><\/a><\/figure>\n\n\n\n<figure class=\"wp-block-image size-large is-style-default\"><a href=\"https:\/\/cheminsplestinais.dcea.fr\/wp-content\/uploads\/2023\/04\/W-Sortie-avec-G-Le-Fustec-47.jpg\"><img loading=\"lazy\" decoding=\"async\" width=\"1383\" height=\"1844\" data-id=\"9755\" src=\"https:\/\/cheminsplestinais.dcea.fr\/wp-content\/uploads\/2023\/04\/W-Sortie-avec-G-Le-Fustec-47.jpg\" alt=\"\" class=\"wp-image-9755\" srcset=\"https:\/\/cheminsplestinais.dcea.fr\/wp-content\/uploads\/2023\/04\/W-Sortie-avec-G-Le-Fustec-47.jpg 1383w, https:\/\/cheminsplestinais.dcea.fr\/wp-content\/uploads\/2023\/04\/W-Sortie-avec-G-Le-Fustec-47-225x300.jpg 225w, https:\/\/cheminsplestinais.dcea.fr\/wp-content\/uploads\/2023\/04\/W-Sortie-avec-G-Le-Fustec-47-768x1024.jpg 768w, https:\/\/cheminsplestinais.dcea.fr\/wp-content\/uploads\/2023\/04\/W-Sortie-avec-G-Le-Fustec-47-1152x1536.jpg 1152w\" sizes=\"(max-width: 1383px) 100vw, 1383px\" \/><\/a><figcaption>On enl\u00e8ve \u00ab&nbsp;la pierre de trop&nbsp;\u00bb qui risque de contrarier la remont\u00e9e du ruisseau par les poissons.<\/figcaption><\/figure>\n\n\n\n<figure class=\"wp-block-image size-large is-style-default\"><a href=\"https:\/\/cheminsplestinais.dcea.fr\/wp-content\/uploads\/2023\/04\/W-Sortie-avec-G-Le-Fustec-48.jpg\"><img loading=\"lazy\" decoding=\"async\" width=\"1383\" height=\"1844\" data-id=\"9756\" src=\"https:\/\/cheminsplestinais.dcea.fr\/wp-content\/uploads\/2023\/04\/W-Sortie-avec-G-Le-Fustec-48.jpg\" alt=\"\" class=\"wp-image-9756\" srcset=\"https:\/\/cheminsplestinais.dcea.fr\/wp-content\/uploads\/2023\/04\/W-Sortie-avec-G-Le-Fustec-48.jpg 1383w, https:\/\/cheminsplestinais.dcea.fr\/wp-content\/uploads\/2023\/04\/W-Sortie-avec-G-Le-Fustec-48-225x300.jpg 225w, https:\/\/cheminsplestinais.dcea.fr\/wp-content\/uploads\/2023\/04\/W-Sortie-avec-G-Le-Fustec-48-768x1024.jpg 768w, https:\/\/cheminsplestinais.dcea.fr\/wp-content\/uploads\/2023\/04\/W-Sortie-avec-G-Le-Fustec-48-1152x1536.jpg 1152w\" sizes=\"(max-width: 1383px) 100vw, 1383px\" \/><\/a><figcaption> Et voil\u00e0&#8230;les truites vont pouvoir remonter le cours d\u2019eau&nbsp;!<\/figcaption><\/figure>\n\n\n\n<figure class=\"wp-block-image size-large is-style-default\"><a href=\"https:\/\/cheminsplestinais.dcea.fr\/wp-content\/uploads\/2023\/04\/W-Sortie-avec-G-Le-Fustec-49.jpg\"><img loading=\"lazy\" decoding=\"async\" width=\"1383\" height=\"1844\" data-id=\"9757\" src=\"https:\/\/cheminsplestinais.dcea.fr\/wp-content\/uploads\/2023\/04\/W-Sortie-avec-G-Le-Fustec-49.jpg\" alt=\"\" class=\"wp-image-9757\" srcset=\"https:\/\/cheminsplestinais.dcea.fr\/wp-content\/uploads\/2023\/04\/W-Sortie-avec-G-Le-Fustec-49.jpg 1383w, https:\/\/cheminsplestinais.dcea.fr\/wp-content\/uploads\/2023\/04\/W-Sortie-avec-G-Le-Fustec-49-225x300.jpg 225w, https:\/\/cheminsplestinais.dcea.fr\/wp-content\/uploads\/2023\/04\/W-Sortie-avec-G-Le-Fustec-49-768x1024.jpg 768w, https:\/\/cheminsplestinais.dcea.fr\/wp-content\/uploads\/2023\/04\/W-Sortie-avec-G-Le-Fustec-49-1152x1536.jpg 1152w\" sizes=\"(max-width: 1383px) 100vw, 1383px\" \/><\/a><figcaption>De quoi s\u2019agit-il&nbsp;? Devinez&#8230;Tout simplement un fruit d\u00e9pos\u00e9 par un oiseau, afin qu\u2019il puisse en casser facilement la coque&nbsp;! <\/figcaption><\/figure>\n<\/figure>\n","protected":false},"excerpt":{"rendered":"<p>&#8230;Et par un moment tr\u00e8s agr\u00e9able&nbsp;: le 16 janvier, nous avons f\u00eat\u00e9 les anniversaires d\u2019Alain Le Rumeur et Fran\u00e7ois Henry, au sein du nouveau local de l\u2019association. Ce moment de convivialit\u00e9 \u00e9tait d\u2019autant plus sympathique que Fran\u00e7ois a all\u00e8grement franchi la barre de ses 80 printemps&nbsp;! Il est donc d\u00e9sormais le doyen de l\u2019\u00e9quipe, et [&hellip;]<\/p>\n","protected":false},"author":5,"featured_media":0,"comment_status":"open","ping_status":"closed","sticky":false,"template":"","format":"standard","meta":{"footnotes":""},"categories":[1],"tags":[],"_links":{"self":[{"href":"https:\/\/cheminsplestinais.dcea.fr\/index.php?rest_route=\/wp\/v2\/posts\/9759"}],"collection":[{"href":"https:\/\/cheminsplestinais.dcea.fr\/index.php?rest_route=\/wp\/v2\/posts"}],"about":[{"href":"https:\/\/cheminsplestinais.dcea.fr\/index.php?rest_route=\/wp\/v2\/types\/post"}],"author":[{"embeddable":true,"href":"https:\/\/cheminsplestinais.dcea.fr\/index.php?rest_route=\/wp\/v2\/users\/5"}],"replies":[{"embeddable":true,"href":"https:\/\/cheminsplestinais.dcea.fr\/index.php?rest_route=%2Fwp%2Fv2%2Fcomments&post=9759"}],"version-history":[{"count":14,"href":"https:\/\/cheminsplestinais.dcea.fr\/index.php?rest_route=\/wp\/v2\/posts\/9759\/revisions"}],"predecessor-version":[{"id":9783,"href":"https:\/\/cheminsplestinais.dcea.fr\/index.php?rest_route=\/wp\/v2\/posts\/9759\/revisions\/9783"}],"wp:attachment":[{"href":"https:\/\/cheminsplestinais.dcea.fr\/index.php?rest_route=%2Fwp%2Fv2%2Fmedia&parent=9759"}],"wp:term":[{"taxonomy":"category","embeddable":true,"href":"https:\/\/cheminsplestinais.dcea.fr\/index.php?rest_route=%2Fwp%2Fv2%2Fcategories&post=9759"},{"taxonomy":"post_tag","embeddable":true,"href":"https:\/\/cheminsplestinais.dcea.fr\/index.php?rest_route=%2Fwp%2Fv2%2Ftags&post=9759"}],"curies":[{"name":"wp","href":"https:\/\/api.w.org\/{rel}","templated":true}]}}