{"id":9987,"date":"2023-08-31T09:41:51","date_gmt":"2023-08-31T08:41:51","guid":{"rendered":"http:\/\/cheminsplestinais.dcea.fr\/?p=9987"},"modified":"2023-09-26T17:53:47","modified_gmt":"2023-09-26T16:53:47","slug":"un-trimestre-bien-rempli","status":"publish","type":"post","link":"https:\/\/cheminsplestinais.dcea.fr\/?p=9987","title":{"rendered":"UN TRIMESTRE BIEN REMPLI !"},"content":{"rendered":"\n<h2 class=\"has-text-align-center wp-block-heading\"><strong>ASSEMBLEE GENERALE DE L\u2019ASSOCIATION<\/strong><\/h2>\n\n\n\n<figure class=\"wp-block-image size-full\"><a href=\"https:\/\/cheminsplestinais.dcea.fr\/wp-content\/uploads\/2023\/08\/01.jpg\"><img loading=\"lazy\" decoding=\"async\" width=\"2448\" height=\"1376\" src=\"https:\/\/cheminsplestinais.dcea.fr\/wp-content\/uploads\/2023\/08\/01.jpg\" alt=\"\" class=\"wp-image-9989\" srcset=\"https:\/\/cheminsplestinais.dcea.fr\/wp-content\/uploads\/2023\/08\/01.jpg 2448w, https:\/\/cheminsplestinais.dcea.fr\/wp-content\/uploads\/2023\/08\/01-300x169.jpg 300w, https:\/\/cheminsplestinais.dcea.fr\/wp-content\/uploads\/2023\/08\/01-1024x576.jpg 1024w, https:\/\/cheminsplestinais.dcea.fr\/wp-content\/uploads\/2023\/08\/01-768x432.jpg 768w, https:\/\/cheminsplestinais.dcea.fr\/wp-content\/uploads\/2023\/08\/01-1536x863.jpg 1536w, https:\/\/cheminsplestinais.dcea.fr\/wp-content\/uploads\/2023\/08\/01-2048x1151.jpg 2048w\" sizes=\"(max-width: 2448px) 100vw, 2448px\" \/><\/a><figcaption><br><br>Le 3 avril s\u2019est tenue l\u2019assembl\u00e9e g\u00e9n\u00e9rale de l\u2019association, dans l\u2019ancienne salle des f\u00eates.<\/figcaption><\/figure>\n\n\n\n<div class=\"wp-block-media-text alignwide has-media-on-the-right is-stacked-on-mobile\" style=\"grid-template-columns:auto 63%\"><figure class=\"wp-block-media-text__media\"><a href=\"https:\/\/cheminsplestinais.dcea.fr\/wp-content\/uploads\/2023\/08\/02.jpg\"><img loading=\"lazy\" decoding=\"async\" width=\"1024\" height=\"576\" src=\"https:\/\/cheminsplestinais.dcea.fr\/wp-content\/uploads\/2023\/08\/02-1024x576.jpg\" alt=\"\" class=\"wp-image-9990 size-full\" srcset=\"https:\/\/cheminsplestinais.dcea.fr\/wp-content\/uploads\/2023\/08\/02-1024x576.jpg 1024w, https:\/\/cheminsplestinais.dcea.fr\/wp-content\/uploads\/2023\/08\/02-300x169.jpg 300w, https:\/\/cheminsplestinais.dcea.fr\/wp-content\/uploads\/2023\/08\/02-768x432.jpg 768w, https:\/\/cheminsplestinais.dcea.fr\/wp-content\/uploads\/2023\/08\/02-1536x863.jpg 1536w, https:\/\/cheminsplestinais.dcea.fr\/wp-content\/uploads\/2023\/08\/02-2048x1151.jpg 2048w\" sizes=\"(max-width: 1024px) 100vw, 1024px\" \/><\/a><\/figure><div class=\"wp-block-media-text__content\">\n<p style=\"font-size:16px\">C\u2019est devant une assistance fournie que Gildas, notre Pr\u00e9sident, a ouvert l\u2019assembl\u00e9e, preuve de la belle sant\u00e9 de notre association.<\/p>\n<\/div><\/div>\n\n\n\n<figure class=\"wp-block-image size-large\"><a href=\"https:\/\/cheminsplestinais.dcea.fr\/wp-content\/uploads\/2023\/08\/04.jpg\"><img loading=\"lazy\" decoding=\"async\" width=\"1024\" height=\"576\" src=\"https:\/\/cheminsplestinais.dcea.fr\/wp-content\/uploads\/2023\/08\/04-1024x576.jpg\" alt=\"\" class=\"wp-image-9992\" srcset=\"https:\/\/cheminsplestinais.dcea.fr\/wp-content\/uploads\/2023\/08\/04-1024x576.jpg 1024w, https:\/\/cheminsplestinais.dcea.fr\/wp-content\/uploads\/2023\/08\/04-300x169.jpg 300w, https:\/\/cheminsplestinais.dcea.fr\/wp-content\/uploads\/2023\/08\/04-768x432.jpg 768w, https:\/\/cheminsplestinais.dcea.fr\/wp-content\/uploads\/2023\/08\/04-1536x863.jpg 1536w, https:\/\/cheminsplestinais.dcea.fr\/wp-content\/uploads\/2023\/08\/04-2048x1151.jpg 2048w\" sizes=\"(max-width: 1024px) 100vw, 1024px\" \/><\/a><\/figure>\n\n\n\n<figure class=\"wp-block-image size-large\"><a href=\"https:\/\/cheminsplestinais.dcea.fr\/wp-content\/uploads\/2023\/08\/05.jpg\"><img loading=\"lazy\" decoding=\"async\" width=\"1024\" height=\"576\" src=\"https:\/\/cheminsplestinais.dcea.fr\/wp-content\/uploads\/2023\/08\/05-1024x576.jpg\" alt=\"\" class=\"wp-image-9993\" srcset=\"https:\/\/cheminsplestinais.dcea.fr\/wp-content\/uploads\/2023\/08\/05-1024x576.jpg 1024w, https:\/\/cheminsplestinais.dcea.fr\/wp-content\/uploads\/2023\/08\/05-300x169.jpg 300w, https:\/\/cheminsplestinais.dcea.fr\/wp-content\/uploads\/2023\/08\/05-768x432.jpg 768w, https:\/\/cheminsplestinais.dcea.fr\/wp-content\/uploads\/2023\/08\/05-1536x863.jpg 1536w, https:\/\/cheminsplestinais.dcea.fr\/wp-content\/uploads\/2023\/08\/05-2048x1151.jpg 2048w\" sizes=\"(max-width: 1024px) 100vw, 1024px\" \/><\/a><\/figure>\n\n\n\n<figure class=\"wp-block-image size-large\"><a href=\"https:\/\/cheminsplestinais.dcea.fr\/wp-content\/uploads\/2023\/08\/06.jpg\"><img loading=\"lazy\" decoding=\"async\" width=\"1024\" height=\"576\" src=\"https:\/\/cheminsplestinais.dcea.fr\/wp-content\/uploads\/2023\/08\/06-1024x576.jpg\" alt=\"\" class=\"wp-image-9994\" srcset=\"https:\/\/cheminsplestinais.dcea.fr\/wp-content\/uploads\/2023\/08\/06-1024x576.jpg 1024w, https:\/\/cheminsplestinais.dcea.fr\/wp-content\/uploads\/2023\/08\/06-300x169.jpg 300w, https:\/\/cheminsplestinais.dcea.fr\/wp-content\/uploads\/2023\/08\/06-768x432.jpg 768w, https:\/\/cheminsplestinais.dcea.fr\/wp-content\/uploads\/2023\/08\/06.jpg 1224w\" sizes=\"(max-width: 1024px) 100vw, 1024px\" \/><\/a><\/figure>\n\n\n\n<figure class=\"wp-block-image size-large\"><a href=\"https:\/\/cheminsplestinais.dcea.fr\/wp-content\/uploads\/2023\/08\/07.jpg\"><img loading=\"lazy\" decoding=\"async\" width=\"1024\" height=\"575\" src=\"https:\/\/cheminsplestinais.dcea.fr\/wp-content\/uploads\/2023\/08\/07-1024x575.jpg\" alt=\"\" class=\"wp-image-9995\" srcset=\"https:\/\/cheminsplestinais.dcea.fr\/wp-content\/uploads\/2023\/08\/07-1024x575.jpg 1024w, https:\/\/cheminsplestinais.dcea.fr\/wp-content\/uploads\/2023\/08\/07-300x169.jpg 300w, https:\/\/cheminsplestinais.dcea.fr\/wp-content\/uploads\/2023\/08\/07-768x432.jpg 768w, https:\/\/cheminsplestinais.dcea.fr\/wp-content\/uploads\/2023\/08\/07-1536x863.jpg 1536w, https:\/\/cheminsplestinais.dcea.fr\/wp-content\/uploads\/2023\/08\/07.jpg 2000w\" sizes=\"(max-width: 1024px) 100vw, 1024px\" \/><\/a><\/figure>\n\n\n\n<div class=\"wp-block-media-text alignwide is-stacked-on-mobile\" style=\"grid-template-columns:28% auto\"><figure class=\"wp-block-media-text__media\"><a href=\"https:\/\/cheminsplestinais.dcea.fr\/wp-content\/uploads\/2023\/08\/03.jpg\"><img loading=\"lazy\" decoding=\"async\" width=\"576\" height=\"1024\" src=\"https:\/\/cheminsplestinais.dcea.fr\/wp-content\/uploads\/2023\/08\/03-576x1024.jpg\" alt=\"\" class=\"wp-image-9991 size-full\" srcset=\"https:\/\/cheminsplestinais.dcea.fr\/wp-content\/uploads\/2023\/08\/03-576x1024.jpg 576w, https:\/\/cheminsplestinais.dcea.fr\/wp-content\/uploads\/2023\/08\/03-169x300.jpg 169w, https:\/\/cheminsplestinais.dcea.fr\/wp-content\/uploads\/2023\/08\/03-768x1366.jpg 768w, https:\/\/cheminsplestinais.dcea.fr\/wp-content\/uploads\/2023\/08\/03-863x1536.jpg 863w, https:\/\/cheminsplestinais.dcea.fr\/wp-content\/uploads\/2023\/08\/03-1151x2048.jpg 1151w, https:\/\/cheminsplestinais.dcea.fr\/wp-content\/uploads\/2023\/08\/03.jpg 1376w\" sizes=\"(max-width: 576px) 100vw, 576px\" \/><\/a><\/figure><div class=\"wp-block-media-text__content\">\n<p style=\"font-size:16px\">A l\u2019issue de l\u2019assembl\u00e9e, les membres de l\u2019association ont partag\u00e9 un moment de convivialit\u00e9. \u00ab&nbsp;L\u2019auberge espagnole&nbsp;\u00bb a toujours le m\u00eame succ\u00e8s, chacun(e) y apportant sa contribution en pr\u00e9parant de savoureux petits plats.<\/p>\n<\/div><\/div>\n\n\n\n<h2 class=\"has-text-align-center wp-block-heading\"><strong>LES CHANTIERS DU SECOND TRIMESTRE<\/strong><\/h2>\n\n\n\n<h3 class=\"wp-block-heading\"><strong>Site de Pors Mellec<\/strong><\/h3>\n\n\n\n<div class=\"wp-block-media-text alignwide is-stacked-on-mobile\" style=\"grid-template-columns:58% auto\"><figure class=\"wp-block-media-text__media\"><a href=\"https:\/\/cheminsplestinais.dcea.fr\/wp-content\/uploads\/2023\/08\/08-scaled.jpg\"><img loading=\"lazy\" decoding=\"async\" width=\"473\" height=\"1024\" src=\"https:\/\/cheminsplestinais.dcea.fr\/wp-content\/uploads\/2023\/08\/08-473x1024.jpg\" alt=\"\" class=\"wp-image-9996 size-large\" srcset=\"https:\/\/cheminsplestinais.dcea.fr\/wp-content\/uploads\/2023\/08\/08-473x1024.jpg 473w, https:\/\/cheminsplestinais.dcea.fr\/wp-content\/uploads\/2023\/08\/08-138x300.jpg 138w, https:\/\/cheminsplestinais.dcea.fr\/wp-content\/uploads\/2023\/08\/08-768x1664.jpg 768w, https:\/\/cheminsplestinais.dcea.fr\/wp-content\/uploads\/2023\/08\/08-709x1536.jpg 709w, https:\/\/cheminsplestinais.dcea.fr\/wp-content\/uploads\/2023\/08\/08-945x2048.jpg 945w, https:\/\/cheminsplestinais.dcea.fr\/wp-content\/uploads\/2023\/08\/08-scaled.jpg 1182w\" sizes=\"(max-width: 473px) 100vw, 473px\" \/><\/a><\/figure><div class=\"wp-block-media-text__content\">\n<p style=\"font-size:16px\">Miracle&nbsp;! Jean-Pierre n\u2019a pas son pareil pour mettre le feu \u00e0 la fontaine&nbsp;!<\/p>\n<\/div><\/div>\n\n\n\n<p><\/p>\n\n\n\n<div class=\"wp-block-media-text alignwide has-media-on-the-right is-stacked-on-mobile\"><figure class=\"wp-block-media-text__media\"><a href=\"https:\/\/cheminsplestinais.dcea.fr\/wp-content\/uploads\/2023\/08\/09.jpg\"><img loading=\"lazy\" decoding=\"async\" width=\"1024\" height=\"473\" src=\"https:\/\/cheminsplestinais.dcea.fr\/wp-content\/uploads\/2023\/08\/09-1024x473.jpg\" alt=\"\" class=\"wp-image-9997 size-full\" srcset=\"https:\/\/cheminsplestinais.dcea.fr\/wp-content\/uploads\/2023\/08\/09-1024x473.jpg 1024w, https:\/\/cheminsplestinais.dcea.fr\/wp-content\/uploads\/2023\/08\/09-300x138.jpg 300w, https:\/\/cheminsplestinais.dcea.fr\/wp-content\/uploads\/2023\/08\/09-768x354.jpg 768w, https:\/\/cheminsplestinais.dcea.fr\/wp-content\/uploads\/2023\/08\/09-1536x709.jpg 1536w, https:\/\/cheminsplestinais.dcea.fr\/wp-content\/uploads\/2023\/08\/09.jpg 2000w\" sizes=\"(max-width: 1024px) 100vw, 1024px\" \/><\/a><\/figure><div class=\"wp-block-media-text__content\">\n<p style=\"font-size:16px\">Eh non\u2026pas de miracle&nbsp;: il s\u2019emploie simplement \u00e0 \u00f4ter la plaque de ciment inesth\u00e9tique qui la recouvrait, cachant le toit d\u2019origine.<\/p>\n<\/div><\/div>\n\n\n\n<figure class=\"wp-block-gallery has-nested-images columns-default is-cropped wp-block-gallery-1 is-layout-flex wp-block-gallery-is-layout-flex\">\n<figure class=\"wp-block-image size-large\"><a href=\"https:\/\/cheminsplestinais.dcea.fr\/wp-content\/uploads\/2023\/08\/10-scaled.jpg\"><img loading=\"lazy\" decoding=\"async\" width=\"1920\" height=\"2560\" data-id=\"9998\" src=\"https:\/\/cheminsplestinais.dcea.fr\/wp-content\/uploads\/2023\/08\/10-scaled.jpg\" alt=\"\" class=\"wp-image-9998\" srcset=\"https:\/\/cheminsplestinais.dcea.fr\/wp-content\/uploads\/2023\/08\/10-scaled.jpg 1920w, https:\/\/cheminsplestinais.dcea.fr\/wp-content\/uploads\/2023\/08\/10-225x300.jpg 225w, https:\/\/cheminsplestinais.dcea.fr\/wp-content\/uploads\/2023\/08\/10-768x1024.jpg 768w, https:\/\/cheminsplestinais.dcea.fr\/wp-content\/uploads\/2023\/08\/10-1152x1536.jpg 1152w, https:\/\/cheminsplestinais.dcea.fr\/wp-content\/uploads\/2023\/08\/10-1536x2048.jpg 1536w\" sizes=\"(max-width: 1920px) 100vw, 1920px\" \/><\/a><\/figure>\n\n\n\n<figure class=\"wp-block-image size-large\"><a href=\"https:\/\/cheminsplestinais.dcea.fr\/wp-content\/uploads\/2023\/08\/11-scaled.jpg\"><img loading=\"lazy\" decoding=\"async\" width=\"1920\" height=\"2560\" data-id=\"9999\" src=\"https:\/\/cheminsplestinais.dcea.fr\/wp-content\/uploads\/2023\/08\/11-scaled.jpg\" alt=\"\" class=\"wp-image-9999\" srcset=\"https:\/\/cheminsplestinais.dcea.fr\/wp-content\/uploads\/2023\/08\/11-scaled.jpg 1920w, https:\/\/cheminsplestinais.dcea.fr\/wp-content\/uploads\/2023\/08\/11-225x300.jpg 225w, https:\/\/cheminsplestinais.dcea.fr\/wp-content\/uploads\/2023\/08\/11-768x1024.jpg 768w, https:\/\/cheminsplestinais.dcea.fr\/wp-content\/uploads\/2023\/08\/11-1152x1536.jpg 1152w, https:\/\/cheminsplestinais.dcea.fr\/wp-content\/uploads\/2023\/08\/11-1536x2048.jpg 1536w\" sizes=\"(max-width: 1920px) 100vw, 1920px\" \/><\/a><\/figure>\n<figcaption class=\"blocks-gallery-caption\">Apr\u00e8s cette intervention et une petite \u00ab&nbsp;toilette&nbsp;\u00bb, la fontaine a d\u00e9j\u00e0 meilleure allure, m\u00eame si la partie sup\u00e9rieure m\u00e9riterait une am\u00e9lioration.<\/figcaption><\/figure>\n\n\n\n<div class=\"wp-block-media-text alignwide has-media-on-the-right is-stacked-on-mobile\"><figure class=\"wp-block-media-text__media\"><a href=\"https:\/\/cheminsplestinais.dcea.fr\/wp-content\/uploads\/2023\/08\/13-scaled.jpg\"><img loading=\"lazy\" decoding=\"async\" width=\"768\" height=\"1024\" src=\"https:\/\/cheminsplestinais.dcea.fr\/wp-content\/uploads\/2023\/08\/13-768x1024.jpg\" alt=\"\" class=\"wp-image-10001 size-full\" srcset=\"https:\/\/cheminsplestinais.dcea.fr\/wp-content\/uploads\/2023\/08\/13-768x1024.jpg 768w, https:\/\/cheminsplestinais.dcea.fr\/wp-content\/uploads\/2023\/08\/13-225x300.jpg 225w, https:\/\/cheminsplestinais.dcea.fr\/wp-content\/uploads\/2023\/08\/13-1152x1536.jpg 1152w, https:\/\/cheminsplestinais.dcea.fr\/wp-content\/uploads\/2023\/08\/13-1536x2048.jpg 1536w, https:\/\/cheminsplestinais.dcea.fr\/wp-content\/uploads\/2023\/08\/13-scaled.jpg 1920w\" sizes=\"(max-width: 768px) 100vw, 768px\" \/><\/a><\/figure><div class=\"wp-block-media-text__content\">\n<p style=\"font-size:16px\">Cet espace, situ\u00e9 \u00e0 proximit\u00e9 de la plage, est destin\u00e9 \u00e0 recevoir une table \u00e0 pique-nique, sur le trajet du sentier des douaniers. L\u2019autorisation d\u2019installation vient d\u2019\u00eatre obtenue aupr\u00e8s de la mairie.<\/p>\n<\/div><\/div>\n\n\n\n<p class=\"has-white-color has-text-color\">;<\/p>\n\n\n\n<p class=\"has-white-color has-text-color\">;<\/p>\n\n\n\n<h3 class=\"wp-block-heading\"><strong>Site de Saint Haran<\/strong><\/h3>\n\n\n\n<figure class=\"wp-block-gallery has-nested-images columns-default is-cropped wp-block-gallery-2 is-layout-flex wp-block-gallery-is-layout-flex\">\n<figure class=\"wp-block-image size-large\"><a href=\"https:\/\/cheminsplestinais.dcea.fr\/wp-content\/uploads\/2023\/08\/14.jpg\"><img loading=\"lazy\" decoding=\"async\" width=\"1600\" height=\"758\" data-id=\"10002\" src=\"https:\/\/cheminsplestinais.dcea.fr\/wp-content\/uploads\/2023\/08\/14.jpg\" alt=\"\" class=\"wp-image-10002\" srcset=\"https:\/\/cheminsplestinais.dcea.fr\/wp-content\/uploads\/2023\/08\/14.jpg 1600w, https:\/\/cheminsplestinais.dcea.fr\/wp-content\/uploads\/2023\/08\/14-300x142.jpg 300w, https:\/\/cheminsplestinais.dcea.fr\/wp-content\/uploads\/2023\/08\/14-1024x485.jpg 1024w, https:\/\/cheminsplestinais.dcea.fr\/wp-content\/uploads\/2023\/08\/14-768x364.jpg 768w, https:\/\/cheminsplestinais.dcea.fr\/wp-content\/uploads\/2023\/08\/14-1536x728.jpg 1536w\" sizes=\"(max-width: 1600px) 100vw, 1600px\" \/><\/a><\/figure>\n\n\n\n<figure class=\"wp-block-image size-large\"><a href=\"https:\/\/cheminsplestinais.dcea.fr\/wp-content\/uploads\/2023\/08\/15.jpg\"><img loading=\"lazy\" decoding=\"async\" width=\"1600\" height=\"758\" data-id=\"10003\" src=\"https:\/\/cheminsplestinais.dcea.fr\/wp-content\/uploads\/2023\/08\/15.jpg\" alt=\"\" class=\"wp-image-10003\" srcset=\"https:\/\/cheminsplestinais.dcea.fr\/wp-content\/uploads\/2023\/08\/15.jpg 1600w, https:\/\/cheminsplestinais.dcea.fr\/wp-content\/uploads\/2023\/08\/15-300x142.jpg 300w, https:\/\/cheminsplestinais.dcea.fr\/wp-content\/uploads\/2023\/08\/15-1024x485.jpg 1024w, https:\/\/cheminsplestinais.dcea.fr\/wp-content\/uploads\/2023\/08\/15-768x364.jpg 768w, https:\/\/cheminsplestinais.dcea.fr\/wp-content\/uploads\/2023\/08\/15-1536x728.jpg 1536w\" sizes=\"(max-width: 1600px) 100vw, 1600px\" \/><\/a><\/figure>\n<\/figure>\n\n\n\n<figure class=\"wp-block-image size-large\"><a href=\"https:\/\/cheminsplestinais.dcea.fr\/wp-content\/uploads\/2023\/08\/16.jpg\"><img loading=\"lazy\" decoding=\"async\" width=\"1024\" height=\"485\" src=\"https:\/\/cheminsplestinais.dcea.fr\/wp-content\/uploads\/2023\/08\/16-1024x485.jpg\" alt=\"\" class=\"wp-image-10004\" srcset=\"https:\/\/cheminsplestinais.dcea.fr\/wp-content\/uploads\/2023\/08\/16-1024x485.jpg 1024w, https:\/\/cheminsplestinais.dcea.fr\/wp-content\/uploads\/2023\/08\/16-300x142.jpg 300w, https:\/\/cheminsplestinais.dcea.fr\/wp-content\/uploads\/2023\/08\/16-768x364.jpg 768w, https:\/\/cheminsplestinais.dcea.fr\/wp-content\/uploads\/2023\/08\/16-1536x728.jpg 1536w, https:\/\/cheminsplestinais.dcea.fr\/wp-content\/uploads\/2023\/08\/16.jpg 1600w\" sizes=\"(max-width: 1024px) 100vw, 1024px\" \/><\/a><figcaption>Une \u00e9quipe est intervenue sur le site, pour effectuer une \u00ab&nbsp;toilette de printemps&nbsp;\u00bb. Tondeuse et d\u00e9broussailleuse sont \u00e0 l\u2019\u0153uvre, tandis que Jocelyne \u00e9vacue les d\u00e9chets les plus encombrants.<\/figcaption><\/figure>\n\n\n\n<div class=\"wp-block-media-text alignwide is-stacked-on-mobile\" style=\"grid-template-columns:72% auto\"><figure class=\"wp-block-media-text__media\"><a href=\"https:\/\/cheminsplestinais.dcea.fr\/wp-content\/uploads\/2023\/08\/17.jpg\"><img loading=\"lazy\" decoding=\"async\" width=\"1024\" height=\"485\" src=\"https:\/\/cheminsplestinais.dcea.fr\/wp-content\/uploads\/2023\/08\/17-1024x485.jpg\" alt=\"\" class=\"wp-image-10005 size-full\" srcset=\"https:\/\/cheminsplestinais.dcea.fr\/wp-content\/uploads\/2023\/08\/17-1024x485.jpg 1024w, https:\/\/cheminsplestinais.dcea.fr\/wp-content\/uploads\/2023\/08\/17-300x142.jpg 300w, https:\/\/cheminsplestinais.dcea.fr\/wp-content\/uploads\/2023\/08\/17-768x364.jpg 768w, https:\/\/cheminsplestinais.dcea.fr\/wp-content\/uploads\/2023\/08\/17-1536x728.jpg 1536w, https:\/\/cheminsplestinais.dcea.fr\/wp-content\/uploads\/2023\/08\/17.jpg 1600w\" sizes=\"(max-width: 1024px) 100vw, 1024px\" \/><\/a><\/figure><div class=\"wp-block-media-text__content\">\n<p style=\"font-size:16px\">Le routoir \u00e0 lin a \u00e9galement droit \u00e0 un grand nettoyage. C\u2019est Thomas  qui s\u2019y colle.<\/p>\n<\/div><\/div>\n\n\n\n<p class=\"has-white-color has-text-color\">;<\/p>\n\n\n\n<p class=\"has-white-color has-text-color\">;<\/p>\n\n\n\n<h3 class=\"wp-block-heading\"><strong>Site de saint Gestin<\/strong><\/h3>\n\n\n\n<div class=\"wp-block-media-text alignwide has-media-on-the-right is-stacked-on-mobile\" style=\"grid-template-columns:auto 47%\"><figure class=\"wp-block-media-text__media\"><a href=\"https:\/\/cheminsplestinais.dcea.fr\/wp-content\/uploads\/2023\/08\/18-scaled.jpg\"><img loading=\"lazy\" decoding=\"async\" width=\"768\" height=\"1024\" src=\"https:\/\/cheminsplestinais.dcea.fr\/wp-content\/uploads\/2023\/08\/18-768x1024.jpg\" alt=\"\" class=\"wp-image-10006 size-full\" srcset=\"https:\/\/cheminsplestinais.dcea.fr\/wp-content\/uploads\/2023\/08\/18-768x1024.jpg 768w, https:\/\/cheminsplestinais.dcea.fr\/wp-content\/uploads\/2023\/08\/18-225x300.jpg 225w, https:\/\/cheminsplestinais.dcea.fr\/wp-content\/uploads\/2023\/08\/18-1152x1536.jpg 1152w, https:\/\/cheminsplestinais.dcea.fr\/wp-content\/uploads\/2023\/08\/18-1536x2048.jpg 1536w, https:\/\/cheminsplestinais.dcea.fr\/wp-content\/uploads\/2023\/08\/18-scaled.jpg 1920w\" sizes=\"(max-width: 768px) 100vw, 768px\" \/><\/a><\/figure><div class=\"wp-block-media-text__content\">\n<p style=\"font-size:16px\">L\u00e0 aussi, grand nettoyage de la fontaine\u2026N\u2019h\u00e9sitez pas \u00e0 faire un petit crochet sur cette partie commune aux boucles de Sainte Anne et de Saint Roc\u2019h&nbsp;: cela en vaut la peine&nbsp;!<\/p>\n<\/div><\/div>\n\n\n\n<div class=\"wp-block-media-text alignwide is-stacked-on-mobile\" style=\"grid-template-columns:47% auto\"><figure class=\"wp-block-media-text__media\"><a href=\"https:\/\/cheminsplestinais.dcea.fr\/wp-content\/uploads\/2023\/08\/19-scaled.jpg\"><img loading=\"lazy\" decoding=\"async\" width=\"768\" height=\"1024\" src=\"https:\/\/cheminsplestinais.dcea.fr\/wp-content\/uploads\/2023\/08\/19-768x1024.jpg\" alt=\"\" class=\"wp-image-10007 size-full\" srcset=\"https:\/\/cheminsplestinais.dcea.fr\/wp-content\/uploads\/2023\/08\/19-768x1024.jpg 768w, https:\/\/cheminsplestinais.dcea.fr\/wp-content\/uploads\/2023\/08\/19-225x300.jpg 225w, https:\/\/cheminsplestinais.dcea.fr\/wp-content\/uploads\/2023\/08\/19-1152x1536.jpg 1152w, https:\/\/cheminsplestinais.dcea.fr\/wp-content\/uploads\/2023\/08\/19-1536x2048.jpg 1536w, https:\/\/cheminsplestinais.dcea.fr\/wp-content\/uploads\/2023\/08\/19-scaled.jpg 1920w\" sizes=\"(max-width: 768px) 100vw, 768px\" \/><\/a><\/figure><div class=\"wp-block-media-text__content\">\n<p style=\"font-size:16px\">Les services municipaux nous ont fourni du remblai pour la r\u00e9alisation d\u2019une \u00ab&nbsp;banquette&nbsp;\u00bb sur la portion de voie romaine situ\u00e9e entre la c\u00f4te de Lanscolva et le site de Saint Gestin, rendant ce secteur de parcours ais\u00e9ment praticable en hiver.<\/p>\n<\/div><\/div>\n\n\n\n<p class=\"has-white-color has-text-color\">;<\/p>\n\n\n\n<p class=\"has-white-color has-text-color\">;<\/p>\n\n\n\n<h3 class=\"wp-block-heading\"><strong>Site de Sainte Barbe<\/strong><\/h3>\n\n\n\n<div class=\"wp-block-media-text alignwide has-media-on-the-right is-stacked-on-mobile\" style=\"grid-template-columns:auto 46%\"><figure class=\"wp-block-media-text__media\"><a href=\"https:\/\/cheminsplestinais.dcea.fr\/wp-content\/uploads\/2023\/08\/20-scaled.jpg\"><img loading=\"lazy\" decoding=\"async\" width=\"768\" height=\"1024\" src=\"https:\/\/cheminsplestinais.dcea.fr\/wp-content\/uploads\/2023\/08\/20-768x1024.jpg\" alt=\"\" class=\"wp-image-10008 size-full\" srcset=\"https:\/\/cheminsplestinais.dcea.fr\/wp-content\/uploads\/2023\/08\/20-768x1024.jpg 768w, https:\/\/cheminsplestinais.dcea.fr\/wp-content\/uploads\/2023\/08\/20-225x300.jpg 225w, https:\/\/cheminsplestinais.dcea.fr\/wp-content\/uploads\/2023\/08\/20-1152x1536.jpg 1152w, https:\/\/cheminsplestinais.dcea.fr\/wp-content\/uploads\/2023\/08\/20-1536x2048.jpg 1536w, https:\/\/cheminsplestinais.dcea.fr\/wp-content\/uploads\/2023\/08\/20-scaled.jpg 1920w\" sizes=\"(max-width: 768px) 100vw, 768px\" \/><\/a><\/figure><div class=\"wp-block-media-text__content\">\n<p class=\"has-text-align-left\" style=\"font-size:16px\">Le mur longeant la propri\u00e9t\u00e9 proche de la chapelle \u00e9tait tr\u00e8s d\u00e9grad\u00e9 et mena\u00e7ait de s\u2019\u00e9crouler partiellement.<\/p>\n<\/div><\/div>\n\n\n\n<div class=\"wp-block-media-text alignwide is-stacked-on-mobile\"><figure class=\"wp-block-media-text__media\"><a href=\"https:\/\/cheminsplestinais.dcea.fr\/wp-content\/uploads\/2023\/08\/21-scaled.jpg\"><img loading=\"lazy\" decoding=\"async\" width=\"1920\" height=\"2560\" src=\"https:\/\/cheminsplestinais.dcea.fr\/wp-content\/uploads\/2023\/08\/21-scaled.jpg\" alt=\"\" class=\"wp-image-10009 size-full\" srcset=\"https:\/\/cheminsplestinais.dcea.fr\/wp-content\/uploads\/2023\/08\/21-scaled.jpg 1920w, https:\/\/cheminsplestinais.dcea.fr\/wp-content\/uploads\/2023\/08\/21-225x300.jpg 225w, https:\/\/cheminsplestinais.dcea.fr\/wp-content\/uploads\/2023\/08\/21-768x1024.jpg 768w, https:\/\/cheminsplestinais.dcea.fr\/wp-content\/uploads\/2023\/08\/21-1152x1536.jpg 1152w, https:\/\/cheminsplestinais.dcea.fr\/wp-content\/uploads\/2023\/08\/21-1536x2048.jpg 1536w\" sizes=\"(max-width: 1920px) 100vw, 1920px\" \/><\/a><\/figure><div class=\"wp-block-media-text__content\">\n<p style=\"font-size:16px\">Une partie de cette d\u00e9gradation, comme c\u2019est souvent le cas, \u00e9tait due \u00e0 la pr\u00e9sence d\u2019une souche d\u2019arbre, laquelle exer\u00e7ait une forte pouss\u00e9e sur le mur. Le propri\u00e9taire des lieux nous a aid\u00e9 \u00e0 l\u2019\u00e9vacuer, et nous a fourni de la pierre pour remonter le mur.<\/p>\n<\/div><\/div>\n\n\n\n<div class=\"wp-block-media-text alignwide has-media-on-the-right is-stacked-on-mobile\" style=\"grid-template-columns:auto 46%\"><figure class=\"wp-block-media-text__media\"><a href=\"https:\/\/cheminsplestinais.dcea.fr\/wp-content\/uploads\/2023\/08\/22-scaled.jpg\"><img loading=\"lazy\" decoding=\"async\" width=\"768\" height=\"1024\" src=\"https:\/\/cheminsplestinais.dcea.fr\/wp-content\/uploads\/2023\/08\/22-768x1024.jpg\" alt=\"\" class=\"wp-image-10010 size-full\" srcset=\"https:\/\/cheminsplestinais.dcea.fr\/wp-content\/uploads\/2023\/08\/22-768x1024.jpg 768w, https:\/\/cheminsplestinais.dcea.fr\/wp-content\/uploads\/2023\/08\/22-225x300.jpg 225w, https:\/\/cheminsplestinais.dcea.fr\/wp-content\/uploads\/2023\/08\/22-1152x1536.jpg 1152w, https:\/\/cheminsplestinais.dcea.fr\/wp-content\/uploads\/2023\/08\/22-1536x2048.jpg 1536w, https:\/\/cheminsplestinais.dcea.fr\/wp-content\/uploads\/2023\/08\/22-scaled.jpg 1920w\" sizes=\"(max-width: 768px) 100vw, 768px\" \/><\/a><\/figure><div class=\"wp-block-media-text__content\">\n<p style=\"font-size:16px\">Surprise! Lors de nos travaux , nous avons d\u00e9rang\u00e9 cette belle salamandre qui avait \u00e9lu domicile bien au frais entre les pierres.<\/p>\n<\/div><\/div>\n\n\n\n<div class=\"wp-block-media-text alignwide is-stacked-on-mobile\" style=\"grid-template-columns:45% auto\"><figure class=\"wp-block-media-text__media\"><a href=\"https:\/\/cheminsplestinais.dcea.fr\/wp-content\/uploads\/2023\/08\/23-scaled.jpg\"><img loading=\"lazy\" decoding=\"async\" width=\"768\" height=\"1024\" src=\"https:\/\/cheminsplestinais.dcea.fr\/wp-content\/uploads\/2023\/08\/23-768x1024.jpg\" alt=\"\" class=\"wp-image-10011 size-full\" srcset=\"https:\/\/cheminsplestinais.dcea.fr\/wp-content\/uploads\/2023\/08\/23-768x1024.jpg 768w, https:\/\/cheminsplestinais.dcea.fr\/wp-content\/uploads\/2023\/08\/23-225x300.jpg 225w, https:\/\/cheminsplestinais.dcea.fr\/wp-content\/uploads\/2023\/08\/23-1152x1536.jpg 1152w, https:\/\/cheminsplestinais.dcea.fr\/wp-content\/uploads\/2023\/08\/23-1536x2048.jpg 1536w, https:\/\/cheminsplestinais.dcea.fr\/wp-content\/uploads\/2023\/08\/23-scaled.jpg 1920w\" sizes=\"(max-width: 768px) 100vw, 768px\" \/><\/a><\/figure><div class=\"wp-block-media-text__content\">\n<p style=\"font-size:16px\">Nous l\u2019avons d\u00e9pos\u00e9e dans les herbes, \u00e0 proximit\u00e9. Nous ne doutons pas qu\u2019elle aura rapidement retrouv\u00e9 un nouveau \u00ab&nbsp;logement&nbsp;\u00bb\u2026<\/p>\n<\/div><\/div>\n\n\n\n<p>  <\/p>\n\n\n\n<figure class=\"wp-block-gallery has-nested-images columns-default is-cropped wp-block-gallery-3 is-layout-flex wp-block-gallery-is-layout-flex\">\n<figure class=\"wp-block-image size-large\"><a href=\"https:\/\/cheminsplestinais.dcea.fr\/wp-content\/uploads\/2023\/08\/24-scaled.jpg\"><img loading=\"lazy\" decoding=\"async\" width=\"1920\" height=\"2560\" data-id=\"10012\" src=\"https:\/\/cheminsplestinais.dcea.fr\/wp-content\/uploads\/2023\/08\/24-scaled.jpg\" alt=\"\" class=\"wp-image-10012\" srcset=\"https:\/\/cheminsplestinais.dcea.fr\/wp-content\/uploads\/2023\/08\/24-scaled.jpg 1920w, https:\/\/cheminsplestinais.dcea.fr\/wp-content\/uploads\/2023\/08\/24-225x300.jpg 225w, https:\/\/cheminsplestinais.dcea.fr\/wp-content\/uploads\/2023\/08\/24-768x1024.jpg 768w, https:\/\/cheminsplestinais.dcea.fr\/wp-content\/uploads\/2023\/08\/24-1152x1536.jpg 1152w, https:\/\/cheminsplestinais.dcea.fr\/wp-content\/uploads\/2023\/08\/24-1536x2048.jpg 1536w\" sizes=\"(max-width: 1920px) 100vw, 1920px\" \/><\/a><\/figure>\n\n\n\n<figure class=\"wp-block-image size-large\"><a href=\"https:\/\/cheminsplestinais.dcea.fr\/wp-content\/uploads\/2023\/08\/25-scaled.jpg\"><img loading=\"lazy\" decoding=\"async\" width=\"1920\" height=\"2560\" data-id=\"10013\" src=\"https:\/\/cheminsplestinais.dcea.fr\/wp-content\/uploads\/2023\/08\/25-scaled.jpg\" alt=\"\" class=\"wp-image-10013\" srcset=\"https:\/\/cheminsplestinais.dcea.fr\/wp-content\/uploads\/2023\/08\/25-scaled.jpg 1920w, https:\/\/cheminsplestinais.dcea.fr\/wp-content\/uploads\/2023\/08\/25-225x300.jpg 225w, https:\/\/cheminsplestinais.dcea.fr\/wp-content\/uploads\/2023\/08\/25-768x1024.jpg 768w, https:\/\/cheminsplestinais.dcea.fr\/wp-content\/uploads\/2023\/08\/25-1152x1536.jpg 1152w, https:\/\/cheminsplestinais.dcea.fr\/wp-content\/uploads\/2023\/08\/25-1536x2048.jpg 1536w\" sizes=\"(max-width: 1920px) 100vw, 1920px\" \/><\/a><\/figure>\n<figcaption class=\"blocks-gallery-caption\">Notre \u00e9quipe de ma\u00e7ons \u00e0 l\u2019\u0153uvre\u2026Une partie du mur n\u00e9cessite une reconstruction int\u00e9grale. Les pierres fournies par le propri\u00e9taire nous ont grandement facilit\u00e9 la t\u00e2che.<\/figcaption><\/figure>\n\n\n\n<div class=\"wp-block-media-text alignwide has-media-on-the-right is-stacked-on-mobile\" style=\"grid-template-columns:auto 46%\"><figure class=\"wp-block-media-text__media\"><a href=\"https:\/\/cheminsplestinais.dcea.fr\/wp-content\/uploads\/2023\/08\/26-scaled.jpg\"><img loading=\"lazy\" decoding=\"async\" width=\"768\" height=\"1024\" src=\"https:\/\/cheminsplestinais.dcea.fr\/wp-content\/uploads\/2023\/08\/26-768x1024.jpg\" alt=\"\" class=\"wp-image-10014 size-full\" srcset=\"https:\/\/cheminsplestinais.dcea.fr\/wp-content\/uploads\/2023\/08\/26-768x1024.jpg 768w, https:\/\/cheminsplestinais.dcea.fr\/wp-content\/uploads\/2023\/08\/26-225x300.jpg 225w, https:\/\/cheminsplestinais.dcea.fr\/wp-content\/uploads\/2023\/08\/26-1152x1536.jpg 1152w, https:\/\/cheminsplestinais.dcea.fr\/wp-content\/uploads\/2023\/08\/26-1536x2048.jpg 1536w, https:\/\/cheminsplestinais.dcea.fr\/wp-content\/uploads\/2023\/08\/26-scaled.jpg 1920w\" sizes=\"(max-width: 768px) 100vw, 768px\" \/><\/a><\/figure><div class=\"wp-block-media-text__content\">\n<p style=\"font-size:16px\">La reconstruction se fait \u00e0 l\u2019ancienne&nbsp;: Ren\u00e9 se charge de pr\u00e9parer le \u00ab&nbsp;ciment&nbsp;\u00bb , \u00e0 partir de la terre pr\u00e9lev\u00e9e sur place.<\/p>\n<\/div><\/div>\n\n\n\n<div class=\"wp-block-media-text alignwide is-stacked-on-mobile\" style=\"grid-template-columns:48% auto\"><figure class=\"wp-block-media-text__media\"><a href=\"https:\/\/cheminsplestinais.dcea.fr\/wp-content\/uploads\/2023\/08\/27-scaled.jpg\"><img loading=\"lazy\" decoding=\"async\" width=\"768\" height=\"1024\" src=\"https:\/\/cheminsplestinais.dcea.fr\/wp-content\/uploads\/2023\/08\/27-768x1024.jpg\" alt=\"\" class=\"wp-image-10015 size-full\" srcset=\"https:\/\/cheminsplestinais.dcea.fr\/wp-content\/uploads\/2023\/08\/27-768x1024.jpg 768w, https:\/\/cheminsplestinais.dcea.fr\/wp-content\/uploads\/2023\/08\/27-225x300.jpg 225w, https:\/\/cheminsplestinais.dcea.fr\/wp-content\/uploads\/2023\/08\/27-1152x1536.jpg 1152w, https:\/\/cheminsplestinais.dcea.fr\/wp-content\/uploads\/2023\/08\/27-1536x2048.jpg 1536w, https:\/\/cheminsplestinais.dcea.fr\/wp-content\/uploads\/2023\/08\/27-scaled.jpg 1920w\" sizes=\"(max-width: 768px) 100vw, 768px\" \/><\/a><\/figure><div class=\"wp-block-media-text__content\">\n<p style=\"font-size:16px\">La reconstruction du mur est presque termin\u00e9e. La derni\u00e8re touche interviendra apr\u00e8s la pause estivale, mais il a d\u00e9j\u00e0 bien meilleure allure.<\/p>\n<\/div><\/div>\n\n\n\n<div class=\"wp-block-media-text alignwide has-media-on-the-right is-stacked-on-mobile\" style=\"grid-template-columns:auto 49%\"><figure class=\"wp-block-media-text__media\"><a href=\"https:\/\/cheminsplestinais.dcea.fr\/wp-content\/uploads\/2023\/08\/28.jpg\"><img loading=\"lazy\" decoding=\"async\" width=\"1024\" height=\"768\" src=\"https:\/\/cheminsplestinais.dcea.fr\/wp-content\/uploads\/2023\/08\/28-1024x768.jpg\" alt=\"\" class=\"wp-image-10016 size-full\" srcset=\"https:\/\/cheminsplestinais.dcea.fr\/wp-content\/uploads\/2023\/08\/28-1024x768.jpg 1024w, https:\/\/cheminsplestinais.dcea.fr\/wp-content\/uploads\/2023\/08\/28-300x225.jpg 300w, https:\/\/cheminsplestinais.dcea.fr\/wp-content\/uploads\/2023\/08\/28-768x576.jpg 768w, https:\/\/cheminsplestinais.dcea.fr\/wp-content\/uploads\/2023\/08\/28-1536x1152.jpg 1536w, https:\/\/cheminsplestinais.dcea.fr\/wp-content\/uploads\/2023\/08\/28.jpg 2000w\" sizes=\"(max-width: 1024px) 100vw, 1024px\" \/><\/a><\/figure><div class=\"wp-block-media-text__content\">\n<p style=\"font-size:16px\">Une fois termin\u00e9, il s\u2019inscrira pleinement dans le bel ensemble que constituent la chapelle Sainte Barbe et les maisons anciennes qui donnent \u00e0 ce lieu un cachet particulier.<\/p>\n<\/div><\/div>\n\n\n\n<p class=\"has-white-color has-text-color\"> ;<\/p>\n\n\n\n<p class=\"has-white-color has-text-color\">;<\/p>\n\n\n\n<h3 class=\"wp-block-heading\"><strong>Site de Tr\u00e9duder<\/strong><\/h3>\n\n\n\n<p> Comme l\u2019an pass\u00e9, une \u00e9quipe des Chemins plestinais est intervenue sur le site de la fontaine Saint Tuder, situ\u00e9e sur la commune de Tr\u00e9duder, aux c\u00f4t\u00e9s de l\u2019\u00e9quipe locale.<\/p>\n\n\n\n<figure class=\"wp-block-image size-large\"><a href=\"https:\/\/cheminsplestinais.dcea.fr\/wp-content\/uploads\/2023\/08\/29.jpg\"><img loading=\"lazy\" decoding=\"async\" width=\"1024\" height=\"485\" src=\"https:\/\/cheminsplestinais.dcea.fr\/wp-content\/uploads\/2023\/08\/29-1024x485.jpg\" alt=\"\" class=\"wp-image-10017\" srcset=\"https:\/\/cheminsplestinais.dcea.fr\/wp-content\/uploads\/2023\/08\/29-1024x485.jpg 1024w, https:\/\/cheminsplestinais.dcea.fr\/wp-content\/uploads\/2023\/08\/29-300x142.jpg 300w, https:\/\/cheminsplestinais.dcea.fr\/wp-content\/uploads\/2023\/08\/29-768x364.jpg 768w, https:\/\/cheminsplestinais.dcea.fr\/wp-content\/uploads\/2023\/08\/29-1536x728.jpg 1536w, https:\/\/cheminsplestinais.dcea.fr\/wp-content\/uploads\/2023\/08\/29.jpg 1600w\" sizes=\"(max-width: 1024px) 100vw, 1024px\" \/><\/a><\/figure>\n\n\n\n<div class=\"wp-block-media-text alignwide is-stacked-on-mobile\" style=\"grid-template-columns:56% auto\"><figure class=\"wp-block-media-text__media\"><a href=\"https:\/\/cheminsplestinais.dcea.fr\/wp-content\/uploads\/2023\/08\/30.jpg\"><img loading=\"lazy\" decoding=\"async\" width=\"485\" height=\"1024\" src=\"https:\/\/cheminsplestinais.dcea.fr\/wp-content\/uploads\/2023\/08\/30-485x1024.jpg\" alt=\"\" class=\"wp-image-10018 size-full\" srcset=\"https:\/\/cheminsplestinais.dcea.fr\/wp-content\/uploads\/2023\/08\/30-485x1024.jpg 485w, https:\/\/cheminsplestinais.dcea.fr\/wp-content\/uploads\/2023\/08\/30-142x300.jpg 142w, https:\/\/cheminsplestinais.dcea.fr\/wp-content\/uploads\/2023\/08\/30-728x1536.jpg 728w, https:\/\/cheminsplestinais.dcea.fr\/wp-content\/uploads\/2023\/08\/30.jpg 758w\" sizes=\"(max-width: 485px) 100vw, 485px\" \/><\/a><\/figure><div class=\"wp-block-media-text__content\">\n<p style=\"font-size:16px\">La v\u00e9g\u00e9tation s\u2019est particuli\u00e8rement d\u00e9velopp\u00e9e en ce d\u00e9but de printemps\u2026Les d\u00e9broussailleurs ont rapidement nettoy\u00e9 les lieux&nbsp;!<\/p>\n\n\n\n<p style=\"font-size:16px\">La fontaine a \u00e9galement fait l\u2019objet d\u2019un grand nettoyage. Pour m\u00e9moire, une passerelle a \u00e9t\u00e9 pos\u00e9e l\u2019an dernier au-dessus du ruisseau, \u00e0 proximit\u00e9.<\/p>\n<\/div><\/div>\n\n\n\n<p> <\/p>\n\n\n\n<figure class=\"wp-block-image size-large\"><a href=\"https:\/\/cheminsplestinais.dcea.fr\/wp-content\/uploads\/2023\/08\/31.jpg\"><img loading=\"lazy\" decoding=\"async\" width=\"1024\" height=\"485\" src=\"https:\/\/cheminsplestinais.dcea.fr\/wp-content\/uploads\/2023\/08\/31-1024x485.jpg\" alt=\"\" class=\"wp-image-10019\" srcset=\"https:\/\/cheminsplestinais.dcea.fr\/wp-content\/uploads\/2023\/08\/31-1024x485.jpg 1024w, https:\/\/cheminsplestinais.dcea.fr\/wp-content\/uploads\/2023\/08\/31-300x142.jpg 300w, https:\/\/cheminsplestinais.dcea.fr\/wp-content\/uploads\/2023\/08\/31-768x364.jpg 768w, https:\/\/cheminsplestinais.dcea.fr\/wp-content\/uploads\/2023\/08\/31-1536x728.jpg 1536w, https:\/\/cheminsplestinais.dcea.fr\/wp-content\/uploads\/2023\/08\/31.jpg 1600w\" sizes=\"(max-width: 1024px) 100vw, 1024px\" \/><\/a><\/figure>\n\n\n\n<figure class=\"wp-block-gallery has-nested-images columns-default is-cropped wp-block-gallery-4 is-layout-flex wp-block-gallery-is-layout-flex\">\n<figure class=\"wp-block-image size-large\"><a href=\"https:\/\/cheminsplestinais.dcea.fr\/wp-content\/uploads\/2023\/08\/33.jpg\"><img loading=\"lazy\" decoding=\"async\" width=\"1600\" height=\"757\" data-id=\"10021\" src=\"https:\/\/cheminsplestinais.dcea.fr\/wp-content\/uploads\/2023\/08\/33.jpg\" alt=\"\" class=\"wp-image-10021\" srcset=\"https:\/\/cheminsplestinais.dcea.fr\/wp-content\/uploads\/2023\/08\/33.jpg 1600w, https:\/\/cheminsplestinais.dcea.fr\/wp-content\/uploads\/2023\/08\/33-300x142.jpg 300w, https:\/\/cheminsplestinais.dcea.fr\/wp-content\/uploads\/2023\/08\/33-1024x484.jpg 1024w, https:\/\/cheminsplestinais.dcea.fr\/wp-content\/uploads\/2023\/08\/33-768x363.jpg 768w, https:\/\/cheminsplestinais.dcea.fr\/wp-content\/uploads\/2023\/08\/33-1536x727.jpg 1536w\" sizes=\"(max-width: 1600px) 100vw, 1600px\" \/><\/a><\/figure>\n<figcaption class=\"blocks-gallery-caption\">A la fin du chantier, la municipalit\u00e9 nous a aimablement offert l\u2019ap\u00e9ritif et un moment de convivialit\u00e9, en remerciement du service rendu, geste qui a \u00e9t\u00e9 fort appr\u00e9ci\u00e9 de tous.<\/figcaption><\/figure>\n\n\n\n<figure class=\"wp-block-image size-large\"><a href=\"https:\/\/cheminsplestinais.dcea.fr\/wp-content\/uploads\/2023\/08\/32.jpg\"><img loading=\"lazy\" decoding=\"async\" width=\"1024\" height=\"485\" src=\"https:\/\/cheminsplestinais.dcea.fr\/wp-content\/uploads\/2023\/08\/32-1024x485.jpg\" alt=\"\" class=\"wp-image-10020\" srcset=\"https:\/\/cheminsplestinais.dcea.fr\/wp-content\/uploads\/2023\/08\/32-1024x485.jpg 1024w, https:\/\/cheminsplestinais.dcea.fr\/wp-content\/uploads\/2023\/08\/32-300x142.jpg 300w, https:\/\/cheminsplestinais.dcea.fr\/wp-content\/uploads\/2023\/08\/32-768x364.jpg 768w, https:\/\/cheminsplestinais.dcea.fr\/wp-content\/uploads\/2023\/08\/32-1536x728.jpg 1536w, https:\/\/cheminsplestinais.dcea.fr\/wp-content\/uploads\/2023\/08\/32.jpg 1600w\" sizes=\"(max-width: 1024px) 100vw, 1024px\" \/><\/a><\/figure>\n\n\n\n<p class=\"has-white-color has-text-color\">;<\/p>\n\n\n\n<p class=\"has-white-color has-text-color\">;<\/p>\n\n\n\n<h3 class=\"wp-block-heading\"><strong>Site du Dourmeur<\/strong><\/h3>\n\n\n\n<p> <\/p>\n\n\n\n<p>Au d\u00e9but de ce mois de juillet, une \u00e9quipe a consacr\u00e9 deux matin\u00e9es \u00e0 l\u2019arrachage de la balsamine de l\u2019Himalaya, le long des berges du Dourmeur.<\/p>\n\n\n\n<figure class=\"wp-block-gallery has-nested-images columns-default is-cropped wp-block-gallery-5 is-layout-flex wp-block-gallery-is-layout-flex\">\n<figure class=\"wp-block-image size-large\"><a href=\"https:\/\/cheminsplestinais.dcea.fr\/wp-content\/uploads\/2023\/08\/34-scaled-e1693412072488.jpg\"><img loading=\"lazy\" decoding=\"async\" width=\"1920\" height=\"2560\" data-id=\"10022\" src=\"https:\/\/cheminsplestinais.dcea.fr\/wp-content\/uploads\/2023\/08\/34-scaled-e1693412072488.jpg\" alt=\"\" class=\"wp-image-10022\" srcset=\"https:\/\/cheminsplestinais.dcea.fr\/wp-content\/uploads\/2023\/08\/34-scaled-e1693412072488.jpg 1920w, https:\/\/cheminsplestinais.dcea.fr\/wp-content\/uploads\/2023\/08\/34-scaled-e1693412072488-225x300.jpg 225w, https:\/\/cheminsplestinais.dcea.fr\/wp-content\/uploads\/2023\/08\/34-scaled-e1693412072488-768x1024.jpg 768w, https:\/\/cheminsplestinais.dcea.fr\/wp-content\/uploads\/2023\/08\/34-scaled-e1693412072488-1152x1536.jpg 1152w, https:\/\/cheminsplestinais.dcea.fr\/wp-content\/uploads\/2023\/08\/34-scaled-e1693412072488-1536x2048.jpg 1536w\" sizes=\"(max-width: 1920px) 100vw, 1920px\" \/><\/a><\/figure>\n\n\n\n<figure class=\"wp-block-image size-large\"><a href=\"https:\/\/cheminsplestinais.dcea.fr\/wp-content\/uploads\/2023\/08\/35-scaled-e1693412115830.jpg\"><img loading=\"lazy\" decoding=\"async\" width=\"1920\" height=\"2560\" data-id=\"10023\" src=\"https:\/\/cheminsplestinais.dcea.fr\/wp-content\/uploads\/2023\/08\/35-scaled-e1693412115830.jpg\" alt=\"\" class=\"wp-image-10023\" srcset=\"https:\/\/cheminsplestinais.dcea.fr\/wp-content\/uploads\/2023\/08\/35-scaled-e1693412115830.jpg 1920w, https:\/\/cheminsplestinais.dcea.fr\/wp-content\/uploads\/2023\/08\/35-scaled-e1693412115830-225x300.jpg 225w, https:\/\/cheminsplestinais.dcea.fr\/wp-content\/uploads\/2023\/08\/35-scaled-e1693412115830-768x1024.jpg 768w, https:\/\/cheminsplestinais.dcea.fr\/wp-content\/uploads\/2023\/08\/35-scaled-e1693412115830-1152x1536.jpg 1152w, https:\/\/cheminsplestinais.dcea.fr\/wp-content\/uploads\/2023\/08\/35-scaled-e1693412115830-1536x2048.jpg 1536w\" sizes=\"(max-width: 1920px) 100vw, 1920px\" \/><\/a><\/figure>\n<figcaption class=\"blocks-gallery-caption\">L\u00e9g\u00e8rement ros\u00e9e ou blanche, la balsamine a une allure plut\u00f4t sympathique, tant par son feuillage que par sa floraison.Son port \u00e9l\u00e9v\u00e9 permet de la rep\u00e9rer facilement l\u00e0 o\u00f9 elle est install\u00e9e. Ce serait parfait si la belle ne faisait pas partie des plantes invasives, colonisant de pr\u00e9f\u00e9rence les zones humides et les berges de nos ruisseaux et rivi\u00e8res, lesquels favorisent la diss\u00e9mination de ses graines.<\/figcaption><\/figure>\n\n\n\n<div class=\"wp-block-media-text alignwide is-stacked-on-mobile\" style=\"grid-template-columns:53% auto\"><figure class=\"wp-block-media-text__media\"><a href=\"https:\/\/cheminsplestinais.dcea.fr\/wp-content\/uploads\/2023\/08\/36-scaled-e1693412140260.jpg\"><img loading=\"lazy\" decoding=\"async\" width=\"768\" height=\"1024\" src=\"https:\/\/cheminsplestinais.dcea.fr\/wp-content\/uploads\/2023\/08\/36-scaled-e1693412140260-768x1024.jpg\" alt=\"\" class=\"wp-image-10024 size-full\" srcset=\"https:\/\/cheminsplestinais.dcea.fr\/wp-content\/uploads\/2023\/08\/36-scaled-e1693412140260-768x1024.jpg 768w, https:\/\/cheminsplestinais.dcea.fr\/wp-content\/uploads\/2023\/08\/36-scaled-e1693412140260-225x300.jpg 225w, https:\/\/cheminsplestinais.dcea.fr\/wp-content\/uploads\/2023\/08\/36-scaled-e1693412140260-1152x1536.jpg 1152w, https:\/\/cheminsplestinais.dcea.fr\/wp-content\/uploads\/2023\/08\/36-scaled-e1693412140260-1536x2048.jpg 1536w, https:\/\/cheminsplestinais.dcea.fr\/wp-content\/uploads\/2023\/08\/36-scaled-e1693412140260.jpg 1920w\" sizes=\"(max-width: 768px) 100vw, 768px\" \/><\/a><\/figure><div class=\"wp-block-media-text__content\">\n<p>Ma\u00ebl Le Guen, technicien mandat\u00e9 par LTC, initie l\u2019\u00e9quipe \u00e0 l\u2019arrachage de la balsamine&nbsp;: il faut prendre soin de r\u00e9cup\u00e9rer la plante enti\u00e8re, racines comprises, ce qui est assez facile, \u00e9tant donn\u00e9 qu\u2019elle pousse principalement dans les zones humides.<br><\/p>\n<\/div><\/div>\n\n\n\n<p>La p\u00e9riode de floraison est la plus propice, la plante \u00e9tant tr\u00e8s visible. Toutefois, il ne faut surtout pas attendre qu\u2019elle produise et diss\u00e9mine ses graines&nbsp;!<br>Donc, si vous croisez la jolie demoiselle lors de vos randonn\u00e9es, n\u2019h\u00e9sitez pas \u00e0 lui faire un sort&nbsp;: personne ne vous le reprochera&nbsp;! Un petit conseil&nbsp;: \u00e0 partir du mois d\u2019ao\u00fbt, un sac en plastique dans le sac \u00e0 dos pourra vous \u00eatre utile pour coiffer la plante et l\u2019emp\u00eacher ainsi de diss\u00e9miner ses graines, qu\u2019elle lib\u00e8re de fa\u00e7on assez\u2026explosive.<\/p>\n\n\n\n<div class=\"wp-block-media-text alignwide has-media-on-the-right is-stacked-on-mobile\" style=\"grid-template-columns:auto 45%\"><figure class=\"wp-block-media-text__media\"><a href=\"https:\/\/cheminsplestinais.dcea.fr\/wp-content\/uploads\/2023\/08\/37-scaled-e1693412176120.jpg\"><img loading=\"lazy\" decoding=\"async\" width=\"768\" height=\"1024\" src=\"https:\/\/cheminsplestinais.dcea.fr\/wp-content\/uploads\/2023\/08\/37-scaled-e1693412176120-768x1024.jpg\" alt=\"\" class=\"wp-image-10025 size-full\" srcset=\"https:\/\/cheminsplestinais.dcea.fr\/wp-content\/uploads\/2023\/08\/37-scaled-e1693412176120-768x1024.jpg 768w, https:\/\/cheminsplestinais.dcea.fr\/wp-content\/uploads\/2023\/08\/37-scaled-e1693412176120-225x300.jpg 225w, https:\/\/cheminsplestinais.dcea.fr\/wp-content\/uploads\/2023\/08\/37-scaled-e1693412176120-1152x1536.jpg 1152w, https:\/\/cheminsplestinais.dcea.fr\/wp-content\/uploads\/2023\/08\/37-scaled-e1693412176120-1536x2048.jpg 1536w, https:\/\/cheminsplestinais.dcea.fr\/wp-content\/uploads\/2023\/08\/37-scaled-e1693412176120.jpg 1920w\" sizes=\"(max-width: 768px) 100vw, 768px\" \/><\/a><\/figure><div class=\"wp-block-media-text__content\">\n<p style=\"font-size:16px\">Apr\u00e8s avoir \u00e9cout\u00e9 les conseils de Ma\u00ebl Le Guen, l\u2019\u00e9quipe se met au travail.<\/p>\n<\/div><\/div>\n\n\n\n<div class=\"wp-block-media-text alignwide is-stacked-on-mobile\" style=\"grid-template-columns:46% auto\"><figure class=\"wp-block-media-text__media\"><a href=\"https:\/\/cheminsplestinais.dcea.fr\/wp-content\/uploads\/2023\/08\/38-scaled-e1693412198229.jpg\"><img loading=\"lazy\" decoding=\"async\" width=\"768\" height=\"1024\" src=\"https:\/\/cheminsplestinais.dcea.fr\/wp-content\/uploads\/2023\/08\/38-scaled-e1693412198229-768x1024.jpg\" alt=\"\" class=\"wp-image-10026 size-full\" srcset=\"https:\/\/cheminsplestinais.dcea.fr\/wp-content\/uploads\/2023\/08\/38-scaled-e1693412198229-768x1024.jpg 768w, https:\/\/cheminsplestinais.dcea.fr\/wp-content\/uploads\/2023\/08\/38-scaled-e1693412198229-225x300.jpg 225w, https:\/\/cheminsplestinais.dcea.fr\/wp-content\/uploads\/2023\/08\/38-scaled-e1693412198229-1152x1536.jpg 1152w, https:\/\/cheminsplestinais.dcea.fr\/wp-content\/uploads\/2023\/08\/38-scaled-e1693412198229-1536x2048.jpg 1536w, https:\/\/cheminsplestinais.dcea.fr\/wp-content\/uploads\/2023\/08\/38-scaled-e1693412198229.jpg 1920w\" sizes=\"(max-width: 768px) 100vw, 768px\" \/><\/a><\/figure><div class=\"wp-block-media-text__content\">\n<p style=\"font-size:16px\">Il faut avancer avec prudence, car la balsamine n\u2019est pas seule au bord du ruisseau&nbsp;: il y a \u00e9galement\u2026les orties&nbsp;!<\/p>\n<\/div><\/div>\n\n\n\n<p class=\"has-white-color has-text-color\">;;<\/p>\n\n\n\n<figure class=\"wp-block-gallery has-nested-images columns-default is-cropped wp-block-gallery-6 is-layout-flex wp-block-gallery-is-layout-flex\">\n<figure class=\"wp-block-image size-large\"><a href=\"https:\/\/cheminsplestinais.dcea.fr\/wp-content\/uploads\/2023\/08\/39-scaled-e1693412220907.jpg\"><img loading=\"lazy\" decoding=\"async\" width=\"1920\" height=\"2560\" data-id=\"10027\" src=\"https:\/\/cheminsplestinais.dcea.fr\/wp-content\/uploads\/2023\/08\/39-scaled-e1693412220907.jpg\" alt=\"\" class=\"wp-image-10027\" srcset=\"https:\/\/cheminsplestinais.dcea.fr\/wp-content\/uploads\/2023\/08\/39-scaled-e1693412220907.jpg 1920w, https:\/\/cheminsplestinais.dcea.fr\/wp-content\/uploads\/2023\/08\/39-scaled-e1693412220907-225x300.jpg 225w, https:\/\/cheminsplestinais.dcea.fr\/wp-content\/uploads\/2023\/08\/39-scaled-e1693412220907-768x1024.jpg 768w, https:\/\/cheminsplestinais.dcea.fr\/wp-content\/uploads\/2023\/08\/39-scaled-e1693412220907-1152x1536.jpg 1152w, https:\/\/cheminsplestinais.dcea.fr\/wp-content\/uploads\/2023\/08\/39-scaled-e1693412220907-1536x2048.jpg 1536w\" sizes=\"(max-width: 1920px) 100vw, 1920px\" \/><\/a><\/figure>\n\n\n\n<figure class=\"wp-block-image size-large\"><a href=\"https:\/\/cheminsplestinais.dcea.fr\/wp-content\/uploads\/2023\/08\/40-scaled-e1693412245988.jpg\"><img loading=\"lazy\" decoding=\"async\" width=\"1920\" height=\"2560\" data-id=\"10028\" src=\"https:\/\/cheminsplestinais.dcea.fr\/wp-content\/uploads\/2023\/08\/40-scaled-e1693412245988.jpg\" alt=\"\" class=\"wp-image-10028\" srcset=\"https:\/\/cheminsplestinais.dcea.fr\/wp-content\/uploads\/2023\/08\/40-scaled-e1693412245988.jpg 1920w, https:\/\/cheminsplestinais.dcea.fr\/wp-content\/uploads\/2023\/08\/40-scaled-e1693412245988-225x300.jpg 225w, https:\/\/cheminsplestinais.dcea.fr\/wp-content\/uploads\/2023\/08\/40-scaled-e1693412245988-768x1024.jpg 768w, https:\/\/cheminsplestinais.dcea.fr\/wp-content\/uploads\/2023\/08\/40-scaled-e1693412245988-1152x1536.jpg 1152w, https:\/\/cheminsplestinais.dcea.fr\/wp-content\/uploads\/2023\/08\/40-scaled-e1693412245988-1536x2048.jpg 1536w\" sizes=\"(max-width: 1920px) 100vw, 1920px\" \/><\/a><\/figure>\n<figcaption class=\"blocks-gallery-caption\"><br>La progression n\u2019est pas \u00e9vidente en cet endroit, la v\u00e9g\u00e9tation \u00e9tant pour le moins\u2026foisonnante.<\/figcaption><\/figure>\n\n\n\n<div class=\"wp-block-media-text alignwide has-media-on-the-right is-stacked-on-mobile\" style=\"grid-template-columns:auto 48%\"><figure class=\"wp-block-media-text__media\"><a href=\"https:\/\/cheminsplestinais.dcea.fr\/wp-content\/uploads\/2023\/08\/41-scaled-e1693412266344.jpg\"><img loading=\"lazy\" decoding=\"async\" width=\"768\" height=\"1024\" src=\"https:\/\/cheminsplestinais.dcea.fr\/wp-content\/uploads\/2023\/08\/41-scaled-e1693412266344-768x1024.jpg\" alt=\"\" class=\"wp-image-10029 size-full\" srcset=\"https:\/\/cheminsplestinais.dcea.fr\/wp-content\/uploads\/2023\/08\/41-scaled-e1693412266344-768x1024.jpg 768w, https:\/\/cheminsplestinais.dcea.fr\/wp-content\/uploads\/2023\/08\/41-scaled-e1693412266344-225x300.jpg 225w, https:\/\/cheminsplestinais.dcea.fr\/wp-content\/uploads\/2023\/08\/41-scaled-e1693412266344-1152x1536.jpg 1152w, https:\/\/cheminsplestinais.dcea.fr\/wp-content\/uploads\/2023\/08\/41-scaled-e1693412266344-1536x2048.jpg 1536w, https:\/\/cheminsplestinais.dcea.fr\/wp-content\/uploads\/2023\/08\/41-scaled-e1693412266344.jpg 1920w\" sizes=\"(max-width: 768px) 100vw, 768px\" \/><\/a><\/figure><div class=\"wp-block-media-text__content\">\n<p style=\"font-size:16px\">Traverser le ruisseau, c\u2019est facile. Par contre, remonter sur la berge oppos\u00e9e, c\u2019est une autre histoire&nbsp;! Annie en fait l\u2019exp\u00e9rience. Heureusement, des bras secourables sont pr\u00eats \u00e0 la tirer de ce mauvais pas.<\/p>\n<\/div><\/div>\n\n\n\n<p><\/p>\n\n\n\n<div class=\"wp-block-media-text alignwide is-stacked-on-mobile\" style=\"grid-template-columns:46% auto\"><figure class=\"wp-block-media-text__media\"><a href=\"https:\/\/cheminsplestinais.dcea.fr\/wp-content\/uploads\/2023\/08\/42-scaled-e1693412295477.jpg\"><img loading=\"lazy\" decoding=\"async\" width=\"768\" height=\"1024\" src=\"https:\/\/cheminsplestinais.dcea.fr\/wp-content\/uploads\/2023\/08\/42-scaled-e1693412295477-768x1024.jpg\" alt=\"\" class=\"wp-image-10030 size-full\" srcset=\"https:\/\/cheminsplestinais.dcea.fr\/wp-content\/uploads\/2023\/08\/42-scaled-e1693412295477-768x1024.jpg 768w, https:\/\/cheminsplestinais.dcea.fr\/wp-content\/uploads\/2023\/08\/42-scaled-e1693412295477-225x300.jpg 225w, https:\/\/cheminsplestinais.dcea.fr\/wp-content\/uploads\/2023\/08\/42-scaled-e1693412295477-1152x1536.jpg 1152w, https:\/\/cheminsplestinais.dcea.fr\/wp-content\/uploads\/2023\/08\/42-scaled-e1693412295477-1536x2048.jpg 1536w, https:\/\/cheminsplestinais.dcea.fr\/wp-content\/uploads\/2023\/08\/42-scaled-e1693412295477.jpg 1920w\" sizes=\"(max-width: 768px) 100vw, 768px\" \/><\/a><\/figure><div class=\"wp-block-media-text__content\">\n<p style=\"font-size:16px\">Mission accomplie, \u00e0 la satisfaction g\u00e9n\u00e9rale. On est tout de m\u00eame plus \u00e0 l\u2019aise sur le bitume\u2026Il faudra revenir plusieurs fois au m\u00eame endroit, car le combat contre la balsamine est une affaire de patience et de t\u00e9nacit\u00e9.<\/p>\n<\/div><\/div>\n\n\n\n<p><\/p>\n\n\n\n<p><\/p>\n\n\n\n<h3 class=\"wp-block-heading\"><strong>Pique-nique de fin d\u2019ann\u00e9e<\/strong><\/h3>\n\n\n\n<p class=\"has-white-color has-text-color\">;<\/p>\n\n\n\n<figure class=\"wp-block-gallery has-nested-images columns-default is-cropped wp-block-gallery-7 is-layout-flex wp-block-gallery-is-layout-flex\">\n<figure class=\"wp-block-image size-large\"><a href=\"https:\/\/cheminsplestinais.dcea.fr\/wp-content\/uploads\/2023\/08\/43-scaled-e1693412323687.jpg\"><img loading=\"lazy\" decoding=\"async\" width=\"1920\" height=\"2560\" data-id=\"10031\" src=\"https:\/\/cheminsplestinais.dcea.fr\/wp-content\/uploads\/2023\/08\/43-scaled-e1693412323687.jpg\" alt=\"\" class=\"wp-image-10031\" srcset=\"https:\/\/cheminsplestinais.dcea.fr\/wp-content\/uploads\/2023\/08\/43-scaled-e1693412323687.jpg 1920w, https:\/\/cheminsplestinais.dcea.fr\/wp-content\/uploads\/2023\/08\/43-scaled-e1693412323687-225x300.jpg 225w, https:\/\/cheminsplestinais.dcea.fr\/wp-content\/uploads\/2023\/08\/43-scaled-e1693412323687-768x1024.jpg 768w, https:\/\/cheminsplestinais.dcea.fr\/wp-content\/uploads\/2023\/08\/43-scaled-e1693412323687-1152x1536.jpg 1152w, https:\/\/cheminsplestinais.dcea.fr\/wp-content\/uploads\/2023\/08\/43-scaled-e1693412323687-1536x2048.jpg 1536w\" sizes=\"(max-width: 1920px) 100vw, 1920px\" \/><\/a><\/figure>\n\n\n\n<figure class=\"wp-block-image size-large\"><a href=\"https:\/\/cheminsplestinais.dcea.fr\/wp-content\/uploads\/2023\/08\/44-scaled-e1693412347325.jpg\"><img loading=\"lazy\" decoding=\"async\" width=\"1920\" height=\"2560\" data-id=\"10032\" src=\"https:\/\/cheminsplestinais.dcea.fr\/wp-content\/uploads\/2023\/08\/44-scaled-e1693412347325.jpg\" alt=\"\" class=\"wp-image-10032\" srcset=\"https:\/\/cheminsplestinais.dcea.fr\/wp-content\/uploads\/2023\/08\/44-scaled-e1693412347325.jpg 1920w, https:\/\/cheminsplestinais.dcea.fr\/wp-content\/uploads\/2023\/08\/44-scaled-e1693412347325-225x300.jpg 225w, https:\/\/cheminsplestinais.dcea.fr\/wp-content\/uploads\/2023\/08\/44-scaled-e1693412347325-768x1024.jpg 768w, https:\/\/cheminsplestinais.dcea.fr\/wp-content\/uploads\/2023\/08\/44-scaled-e1693412347325-1152x1536.jpg 1152w, https:\/\/cheminsplestinais.dcea.fr\/wp-content\/uploads\/2023\/08\/44-scaled-e1693412347325-1536x2048.jpg 1536w\" sizes=\"(max-width: 1920px) 100vw, 1920px\" \/><\/a><\/figure>\n\n\n\n<figure class=\"wp-block-image size-large\"><a href=\"https:\/\/cheminsplestinais.dcea.fr\/wp-content\/uploads\/2023\/08\/45-scaled-e1693412375278.jpg\"><img loading=\"lazy\" decoding=\"async\" width=\"1920\" height=\"2560\" data-id=\"10033\" src=\"https:\/\/cheminsplestinais.dcea.fr\/wp-content\/uploads\/2023\/08\/45-scaled-e1693412375278.jpg\" alt=\"\" class=\"wp-image-10033\" srcset=\"https:\/\/cheminsplestinais.dcea.fr\/wp-content\/uploads\/2023\/08\/45-scaled-e1693412375278.jpg 1920w, https:\/\/cheminsplestinais.dcea.fr\/wp-content\/uploads\/2023\/08\/45-scaled-e1693412375278-225x300.jpg 225w, https:\/\/cheminsplestinais.dcea.fr\/wp-content\/uploads\/2023\/08\/45-scaled-e1693412375278-768x1024.jpg 768w, https:\/\/cheminsplestinais.dcea.fr\/wp-content\/uploads\/2023\/08\/45-scaled-e1693412375278-1152x1536.jpg 1152w, https:\/\/cheminsplestinais.dcea.fr\/wp-content\/uploads\/2023\/08\/45-scaled-e1693412375278-1536x2048.jpg 1536w\" sizes=\"(max-width: 1920px) 100vw, 1920px\" \/><\/a><\/figure>\n\n\n\n<figure class=\"wp-block-image size-large\"><a href=\"https:\/\/cheminsplestinais.dcea.fr\/wp-content\/uploads\/2023\/08\/46-scaled-e1693412404320.jpg\"><img loading=\"lazy\" decoding=\"async\" width=\"1920\" height=\"2560\" data-id=\"10034\" src=\"https:\/\/cheminsplestinais.dcea.fr\/wp-content\/uploads\/2023\/08\/46-scaled-e1693412404320.jpg\" alt=\"\" class=\"wp-image-10034\" srcset=\"https:\/\/cheminsplestinais.dcea.fr\/wp-content\/uploads\/2023\/08\/46-scaled-e1693412404320.jpg 1920w, https:\/\/cheminsplestinais.dcea.fr\/wp-content\/uploads\/2023\/08\/46-scaled-e1693412404320-225x300.jpg 225w, https:\/\/cheminsplestinais.dcea.fr\/wp-content\/uploads\/2023\/08\/46-scaled-e1693412404320-768x1024.jpg 768w, https:\/\/cheminsplestinais.dcea.fr\/wp-content\/uploads\/2023\/08\/46-scaled-e1693412404320-1152x1536.jpg 1152w, https:\/\/cheminsplestinais.dcea.fr\/wp-content\/uploads\/2023\/08\/46-scaled-e1693412404320-1536x2048.jpg 1536w\" sizes=\"(max-width: 1920px) 100vw, 1920px\" \/><\/a><\/figure>\n\n\n\n<figure class=\"wp-block-image size-large\"><a href=\"https:\/\/cheminsplestinais.dcea.fr\/wp-content\/uploads\/2023\/08\/47-scaled-e1693412428210.jpg\"><img loading=\"lazy\" decoding=\"async\" width=\"1920\" height=\"2560\" data-id=\"10035\" src=\"https:\/\/cheminsplestinais.dcea.fr\/wp-content\/uploads\/2023\/08\/47-scaled-e1693412428210.jpg\" alt=\"\" class=\"wp-image-10035\" srcset=\"https:\/\/cheminsplestinais.dcea.fr\/wp-content\/uploads\/2023\/08\/47-scaled-e1693412428210.jpg 1920w, https:\/\/cheminsplestinais.dcea.fr\/wp-content\/uploads\/2023\/08\/47-scaled-e1693412428210-225x300.jpg 225w, https:\/\/cheminsplestinais.dcea.fr\/wp-content\/uploads\/2023\/08\/47-scaled-e1693412428210-768x1024.jpg 768w, https:\/\/cheminsplestinais.dcea.fr\/wp-content\/uploads\/2023\/08\/47-scaled-e1693412428210-1152x1536.jpg 1152w, https:\/\/cheminsplestinais.dcea.fr\/wp-content\/uploads\/2023\/08\/47-scaled-e1693412428210-1536x2048.jpg 1536w\" sizes=\"(max-width: 1920px) 100vw, 1920px\" \/><\/a><\/figure>\n<figcaption class=\"blocks-gallery-caption\">C\u2019est donc par une belle journ\u00e9e que les membres actifs de l\u2019association se sont r\u00e9unis \u00e0 l\u2019issue de l\u2019un des chantiers pour un grand pique-nique, dans l\u2019arri\u00e8re-cour de notre nouveau local.<\/figcaption><\/figure>\n\n\n\n<p><\/p>\n\n\n\n<div class=\"wp-block-media-text alignwide is-stacked-on-mobile\"><figure class=\"wp-block-media-text__media\"><img loading=\"lazy\" decoding=\"async\" width=\"768\" height=\"1024\" src=\"https:\/\/cheminsplestinais.dcea.fr\/wp-content\/uploads\/2023\/08\/48-scaled-e1693412454587-768x1024.jpg\" alt=\"\" class=\"wp-image-10036 size-full\" srcset=\"https:\/\/cheminsplestinais.dcea.fr\/wp-content\/uploads\/2023\/08\/48-scaled-e1693412454587-768x1024.jpg 768w, https:\/\/cheminsplestinais.dcea.fr\/wp-content\/uploads\/2023\/08\/48-scaled-e1693412454587-225x300.jpg 225w, https:\/\/cheminsplestinais.dcea.fr\/wp-content\/uploads\/2023\/08\/48-scaled-e1693412454587-1152x1536.jpg 1152w, https:\/\/cheminsplestinais.dcea.fr\/wp-content\/uploads\/2023\/08\/48-scaled-e1693412454587-1536x2048.jpg 1536w, https:\/\/cheminsplestinais.dcea.fr\/wp-content\/uploads\/2023\/08\/48-scaled-e1693412454587.jpg 1920w\" sizes=\"(max-width: 768px) 100vw, 768px\" \/><\/figure><div class=\"wp-block-media-text__content\">\n<p style=\"font-size:16px\">Nos deux chefs- cuisiniers Yves et Thomas , lesquels ont tenu le barbecue de main de ma\u00eetre.<\/p>\n<\/div><\/div>\n\n\n\n<p class=\"has-white-color has-text-color\">;<\/p>\n\n\n\n<figure class=\"wp-block-video\"><video controls src=\"https:\/\/cheminsplestinais.dcea.fr\/wp-content\/uploads\/2023\/08\/49.mp4\"><\/video><figcaption>Vue d\u2019en haut, cela fait une belle tabl\u00e9e !<\/figcaption><\/figure>\n\n\n\n<p><\/p>\n\n\n\n<div class=\"wp-block-media-text alignwide has-media-on-the-right is-stacked-on-mobile\"><figure class=\"wp-block-media-text__media\"><a href=\"https:\/\/cheminsplestinais.dcea.fr\/wp-content\/uploads\/2023\/08\/50.jpg\"><img loading=\"lazy\" decoding=\"async\" width=\"1024\" height=\"768\" src=\"https:\/\/cheminsplestinais.dcea.fr\/wp-content\/uploads\/2023\/08\/50-1024x768.jpg\" alt=\"\" class=\"wp-image-10038 size-full\" srcset=\"https:\/\/cheminsplestinais.dcea.fr\/wp-content\/uploads\/2023\/08\/50-1024x768.jpg 1024w, https:\/\/cheminsplestinais.dcea.fr\/wp-content\/uploads\/2023\/08\/50-300x225.jpg 300w, https:\/\/cheminsplestinais.dcea.fr\/wp-content\/uploads\/2023\/08\/50-768x576.jpg 768w, https:\/\/cheminsplestinais.dcea.fr\/wp-content\/uploads\/2023\/08\/50-1536x1152.jpg 1536w, https:\/\/cheminsplestinais.dcea.fr\/wp-content\/uploads\/2023\/08\/50.jpg 2000w\" sizes=\"(max-width: 1024px) 100vw, 1024px\" \/><\/a><\/figure><div class=\"wp-block-media-text__content\">\n<p style=\"font-size:16px\">Nous avons en effet eu la visite d\u2019un dr\u00f4ne, occasion de faire prendre un peu de hauteur \u00e0 ce moment de convivialit\u00e9\u2026Merci \u00e0 Thierry pour cette petite vid\u00e9o&nbsp;!<\/p>\n<\/div><\/div>\n\n\n\n<p><\/p>\n\n\n\n<p><\/p>\n\n\n\n<p id=\"E432\">Les membres de l\u2019association auront donc connu un second trimestre particuli\u00e8rement actif . N\u2019oublions pas qu\u2019en plus des chantiers pr\u00e9c\u00e9dents, nous avons veill\u00e9 \u00e0 la continuit\u00e9 de l\u2019entretien courant de notre centaine de Kms de sentiers (d\u00e9broussaillage, curage des foss\u00e9s\u2026) , que nos b\u00fbcherons de la BIR ont d\u00e9blay\u00e9 les endroits encombr\u00e9s par des arbres ou de grosses branches, et que notre \u00e9quipe de balisage a gard\u00e9 un \u0153il vigilant sur la signal\u00e9tique de nos boucles, afin que les promeneurs qui les empruntent puissent en profiter sereinement. Nous rappelons au passage que les fiches de nos boucles sont \u00e0 disposition du public \u00e0 l\u2019office de tourisme.<\/p>\n\n\n\n<p id=\"E434\">Pour les membres de l\u2019association, le mois de septembre est aussi synonyme de rentr\u00e9e. C\u2019est donc avec plaisir que nous nous retrouverons le lundi matin pour la reprise de nos activit\u00e9s.<\/p>\n\n\n\n<p id=\"E436\">\u2026 Et sachez-le: la porte est grande ouverte \u00e0 ceux et celles qui sont attir\u00e9s par l\u2019entretien de nos chemins de randonn\u00e9es et de notre petit patrimoine, le tout dans une excellente ambiance !<\/p>\n\n\n\n<p id=\"E438\">Le groupe \u00ab&nbsp;communication&nbsp;\u00bb.<\/p>\n","protected":false},"excerpt":{"rendered":"<p>ASSEMBLEE GENERALE DE L\u2019ASSOCIATION C\u2019est devant une assistance fournie que Gildas, notre Pr\u00e9sident, a ouvert l\u2019assembl\u00e9e, preuve de la belle sant\u00e9 de notre association. A l\u2019issue de l\u2019assembl\u00e9e, les membres de l\u2019association ont partag\u00e9 un moment de convivialit\u00e9. \u00ab&nbsp;L\u2019auberge espagnole&nbsp;\u00bb a toujours le m\u00eame succ\u00e8s, chacun(e) y apportant sa contribution en pr\u00e9parant de savoureux petits [&hellip;]<\/p>\n","protected":false},"author":6,"featured_media":0,"comment_status":"open","ping_status":"closed","sticky":false,"template":"","format":"standard","meta":{"footnotes":""},"categories":[2,1],"tags":[],"_links":{"self":[{"href":"https:\/\/cheminsplestinais.dcea.fr\/index.php?rest_route=\/wp\/v2\/posts\/9987"}],"collection":[{"href":"https:\/\/cheminsplestinais.dcea.fr\/index.php?rest_route=\/wp\/v2\/posts"}],"about":[{"href":"https:\/\/cheminsplestinais.dcea.fr\/index.php?rest_route=\/wp\/v2\/types\/post"}],"author":[{"embeddable":true,"href":"https:\/\/cheminsplestinais.dcea.fr\/index.php?rest_route=\/wp\/v2\/users\/6"}],"replies":[{"embeddable":true,"href":"https:\/\/cheminsplestinais.dcea.fr\/index.php?rest_route=%2Fwp%2Fv2%2Fcomments&post=9987"}],"version-history":[{"count":62,"href":"https:\/\/cheminsplestinais.dcea.fr\/index.php?rest_route=\/wp\/v2\/posts\/9987\/revisions"}],"predecessor-version":[{"id":10118,"href":"https:\/\/cheminsplestinais.dcea.fr\/index.php?rest_route=\/wp\/v2\/posts\/9987\/revisions\/10118"}],"wp:attachment":[{"href":"https:\/\/cheminsplestinais.dcea.fr\/index.php?rest_route=%2Fwp%2Fv2%2Fmedia&parent=9987"}],"wp:term":[{"taxonomy":"category","embeddable":true,"href":"https:\/\/cheminsplestinais.dcea.fr\/index.php?rest_route=%2Fwp%2Fv2%2Fcategories&post=9987"},{"taxonomy":"post_tag","embeddable":true,"href":"https:\/\/cheminsplestinais.dcea.fr\/index.php?rest_route=%2Fwp%2Fv2%2Ftags&post=9987"}],"curies":[{"name":"wp","href":"https:\/\/api.w.org\/{rel}","templated":true}]}}